{"id":2977,"date":"2019-03-21T13:11:45","date_gmt":"2019-03-21T11:11:45","guid":{"rendered":"https:\/\/www.greenpeace.org\/czech\/?p=2977"},"modified":"2019-11-06T10:37:52","modified_gmt":"2019-11-06T08:37:52","slug":"podraz-na-studenty-babis-v-bruselu-pozaduje-horsi-ochranu-klimatu-spoluproklima","status":"publish","type":"post","link":"https:\/\/www.greenpeace.org\/czech\/clanek\/2977\/podraz-na-studenty-babis-v-bruselu-pozaduje-horsi-ochranu-klimatu-spoluproklima\/","title":{"rendered":"Podraz na studenty: Babi\u0161 v Bruselu po\u017eaduje hor\u0161\u00ed ochranu klimatu"},"content":{"rendered":"<p><strong>Na pr\u00e1v\u011b prob\u00edhaj\u00edc\u00edm summitu hlav st\u00e1t\u016f Evropsk\u00e9 unie, \u010cesko reprezentovan\u00e9 premi\u00e9rem Andrejem Babi\u0161em jednozna\u010dn\u011b ukazuje, jak\u00fd m\u00e1 postoj k ochran\u011b klimatu, z\u00e1vazk\u016fm z Pa\u0159\u00ed\u017esk\u00e9 klimatick\u00e9 dohody, doporu\u010den\u00ed klimatolog\u016f i k po\u017eadavk\u016fm student\u016f a studentek, kte\u0159\u00ed demonstrovali minul\u00fd p\u00e1tek v ulic\u00edch \u010desk\u00fdch m\u011bst<\/strong><span class=\"text_exposed_show\"><strong> za ochranu klimatu podle v\u011bdeck\u00fdch doporu\u010den\u00ed.<\/strong><\/span><\/p>\n<div class=\"text_exposed_show\">\n<p>Hlavy st\u00e1t\u016f na summitu projedn\u00e1vaj\u00ed klimatickou strategii EU do roku 2050, kterou navrhla Evropsk\u00e1 komise. Unikl\u00e1 pozice \u010ceska, kterou m\u00e1 Greenpeace k dispozici, je \u0161okuj\u00edc\u00ed a nepochopiteln\u00e1. Chce ze strategie vy\u0161krtnout pas\u00e1\u017e, kter\u00e1 \u0159\u00edk\u00e1, \u017ee by EU m\u011bla b\u00fdt do roku 2050 uhl\u00edkov\u011b neutr\u00e1ln\u00ed. To je p\u0159itom jeden ze z\u00e1kladn\u00edch p\u0159edpoklad\u016f pro to, abychom byli schopni zamezit oteplen\u00ed planety nad 1,5 \u00b0C, a zamezit tak drastick\u00fdm dopad\u016fm zm\u011bn klimatu.<\/p>\n<p>P\u0159ipojte se k v\u00fdzv\u011b vl\u00e1d\u011b i dal\u0161\u00edm p\u0159edstavitel\u016fm \u010cesk\u00e9 republiky, aby plnila z\u00e1vazky vypl\u00fdvaj\u00edc\u00ed z Pa\u0159\u00ed\u017esk\u00e9 dohody.<\/p>\n<p><a href=\"https:\/\/act.greenpeace.org\/page\/39787\/petition\/1\" rel=\"noopener noreferrer\"><img loading=\"lazy\" decoding=\"async\" class=\"aligncenter wp-image-2979\" src=\"https:\/\/www.greenpeace.org\/static\/planet4-czech-republic-stateless\/2019\/03\/a8c1db66-chcisepripojit.png\" alt=\"\" width=\"340\" height=\"51\" srcset=\"https:\/\/www.greenpeace.org\/static\/planet4-czech-republic-stateless\/2019\/03\/a8c1db66-chcisepripojit.png 340w, https:\/\/www.greenpeace.org\/static\/planet4-czech-republic-stateless\/2019\/03\/a8c1db66-chcisepripojit-300x45.png 300w\" sizes=\"auto, (max-width: 340px) 100vw, 340px\" \/><\/a><\/p>\n<p><strong>Jan Freidinger z Greenpeace \u0159\u00edk\u00e1:<\/strong><br \/>\n<em>\u201cPokud se Andrej Babi\u0161 neprobere, d\u011bti se za n\u011bj mo\u017en\u00e1 nebudou styd\u011bt, jak \u0159\u00edk\u00e1 na billboardech, ale rovnou ho budou prokl\u00ednat. Proto\u017ee sv\u011bt, kter\u00fd svou kr\u00e1tkozrakou politikou buduje, nen\u00ed sv\u011btem, ve kter\u00e9m by na\u0161e d\u011bti cht\u011bly \u017e\u00edt.\u201d<\/em><\/p>\n<p>&nbsp;<\/p>\n<div id=\"attachment_2975\" class=\"wp-caption aligncenter\"><\/div>\n<p><img loading=\"lazy\" decoding=\"async\" class=\"alignnone size-full wp-image-2978\" src=\"https:\/\/www.greenpeace.org\/static\/planet4-czech-republic-stateless\/2019\/03\/0377df7d-abytadynemohlyzitvasedeti.jpg\" alt=\"\" width=\"1200\" height=\"630\" srcset=\"https:\/\/www.greenpeace.org\/static\/planet4-czech-republic-stateless\/2019\/03\/0377df7d-abytadynemohlyzitvasedeti.jpg 1200w, https:\/\/www.greenpeace.org\/static\/planet4-czech-republic-stateless\/2019\/03\/0377df7d-abytadynemohlyzitvasedeti-300x158.jpg 300w, https:\/\/www.greenpeace.org\/static\/planet4-czech-republic-stateless\/2019\/03\/0377df7d-abytadynemohlyzitvasedeti-768x403.jpg 768w, https:\/\/www.greenpeace.org\/static\/planet4-czech-republic-stateless\/2019\/03\/0377df7d-abytadynemohlyzitvasedeti-1024x538.jpg 1024w, https:\/\/www.greenpeace.org\/static\/planet4-czech-republic-stateless\/2019\/03\/0377df7d-abytadynemohlyzitvasedeti-510x268.jpg 510w\" sizes=\"auto, (max-width: 1200px) 100vw, 1200px\" \/><\/p>\n<div class=\"en__component en__component--copyblock\">\n<h4>Pa\u0159\u00ed\u017esk\u00e1 dohoda<\/h4>\n<\/div>\n<div class=\"en__component en__component--copyblock\">\n<p>5. \u0159\u00edjna 2017 byla \u010ceskou republikou ratifikov\u00e1na Pa\u0159\u00ed\u017esk\u00e1 dohoda. C\u00edlem dohody je udr\u017eet n\u00e1r\u016fst glob\u00e1ln\u00ed pr\u016fm\u011brn\u00e9 teploty v\u00fdrazn\u011b pod hranic\u00ed 2\u00b0 oproti hodnot\u00e1m p\u0159ed pr\u016fmyslovou revoluc\u00ed, ide\u00e1ln\u011b tak, aby n\u00e1r\u016fst teploty nep\u0159ekro\u010dil hranici 1,5\u00b0C. \u010cesk\u00e1 republika ned\u011bl\u00e1 pro spln\u011bn\u00ed c\u00edl\u016f Pa\u0159\u00ed\u017esk\u00e9 dohody dost. Podle zpr\u00e1vy IPCC m\u00e1me 12 let na to, abychom zvr\u00e1tili sou\u010dasn\u00fd trend a m\u011bli v\u016fbec mo\u017enost dos\u00e1hnout c\u00edl\u016f Pa\u0159\u00ed\u017esk\u00e9 dohody. Pot\u0159ebujeme za\u010d\u00edt jednat.<\/p>\n<div class=\"en__component en__component--copyblock\">\n<h4>97 % klimatolog\u016f<\/h4>\n<\/div>\n<div class=\"en__component en__component--copyblock\">\n<p>Naprost\u00e1 v\u011bt\u0161ina v\u011bdc\u016f, kte\u0159\u00ed se zab\u00fdvaj\u00ed glob\u00e1ln\u00ed zm\u011bnou klimatu, se dlouhodob\u011b shoduje na tom, \u017ee klimatick\u00e1 zm\u011bna je realitou na\u0161eho sv\u011bta a jej\u00ed hlavn\u00ed p\u0159\u00ed\u010dinou je \u010dlov\u011bk. P\u00e1l\u00edme obrovsk\u00e9 mno\u017estv\u00ed fosiln\u00edch paliv, kter\u00e9 m\u011bn\u00ed slo\u017een\u00ed na\u0161\u00ed atmosf\u00e9ry prost\u0159ednictv\u00edm zvy\u0161uj\u00edc\u00ed se koncentrace CO2, co\u017e vede k oteplov\u00e1n\u00ed Zem\u011b. Technologie pro zm\u011bnu m\u00e1me k dispozici. Jedin\u00e9, co pot\u0159ebujeme, je jasn\u00e9 rozhodnut\u00ed.<\/p>\n<\/div>\n<h4>Co mus\u00ed \u010cesk\u00e1 republika ud\u011blat, aby splnila krit\u00e9ria Pa\u0159\u00ed\u017esk\u00e9 dohody<\/h4>\n<ol>\n<li>Naprosto z\u00e1sadn\u011b vylep\u0161it sv\u00e9 energeticko-klimatick\u00e9 pl\u00e1ny do roku 2030\u00a0tak, aby do\u0161lo k v\u00fdrazn\u00e9mu omezen\u00ed sklen\u00edkov\u00fdch plyn\u016f a rozvoji obnoviteln\u00fdch zdroj\u016f energie<\/li>\n<li>Aktivn\u011b podporovat celoevropsk\u00fd c\u00edl dos\u00e1hnout nejpozd\u011bji do roku 2050 nulov\u00fdch emis\u00ed sklen\u00edkov\u00fdch plyn\u016f v cel\u00e9 EU<\/li>\n<li>Stanovit datum odklonu od uhl\u00ed (uheln\u00fd phaseout), ide\u00e1ln\u011b do roku 2030 utlumit v\u0161echny uheln\u00e9 kondenza\u010dn\u00ed elektr\u00e1rny a v roce 2035 p\u0159istoupit ke kompletn\u00edmu uheln\u00e9mu phase outu<\/li>\n<li>Neroz\u0161i\u0159ovat hn\u011bdouheln\u00e9 doly<\/li>\n<li>Nastavit pravidla pro zem\u011bd\u011blsk\u00e9 a lesn\u00ed hospoda\u0159en\u00ed tak, aby se udr\u017eela a zvy\u0161ovala kvalita p\u016fdy a jej\u00ed schopnost zadr\u017eovat vodu a poutat uhl\u00edk. Za\u010d\u00edt okam\u017eit\u011b plnit N\u00e1rodn\u00ed ak\u010dn\u00ed pl\u00e1n adaptace na zm\u011bnu klimatu.<\/li>\n<\/ol>\n<p><a href=\"https:\/\/act.greenpeace.org\/page\/39787\/petition\/1\" rel=\"noopener noreferrer\"><img loading=\"lazy\" decoding=\"async\" class=\"aligncenter wp-image-2979\" src=\"https:\/\/www.greenpeace.org\/static\/planet4-czech-republic-stateless\/2019\/03\/a8c1db66-chcisepripojit.png\" alt=\"\" width=\"340\" height=\"51\" srcset=\"https:\/\/www.greenpeace.org\/static\/planet4-czech-republic-stateless\/2019\/03\/a8c1db66-chcisepripojit.png 340w, https:\/\/www.greenpeace.org\/static\/planet4-czech-republic-stateless\/2019\/03\/a8c1db66-chcisepripojit-300x45.png 300w\" sizes=\"auto, (max-width: 340px) 100vw, 340px\" \/><\/a><\/p>\n<\/div>\n<\/div>\n","protected":false},"excerpt":{"rendered":"<p>Na pr\u00e1v\u011b prob\u00edhaj\u00edc\u00edm summitu hlav st\u00e1t\u016f Evropsk\u00e9 unie, \u010cesko reprezentovan\u00e9 premi\u00e9rem Andrejem Babi\u0161em jednozna\u010dn\u011b ukazuje, jak\u00fd m\u00e1 postoj k ochran\u011b klimatu, z\u00e1vazk\u016fm z Pa\u0159\u00ed\u017esk\u00e9 klimatick\u00e9 dohody, doporu\u010den\u00ed klimatolog\u016f i k&hellip;<\/p>\n","protected":false},"author":31,"featured_media":2978,"comment_status":"open","ping_status":"closed","sticky":false,"template":"","format":"standard","meta":{"ep_exclude_from_search":false,"p4_og_title":"","p4_og_description":"","p4_og_image":"","p4_og_image_id":"","p4_seo_canonical_url":"","p4_campaign_name":"","p4_local_project":"","p4_basket_name":"","p4_department":"","footnotes":""},"categories":[4],"tags":[20,25],"p4-page-type":[16],"class_list":["post-2977","post","type-post","status-publish","format-standard","has-post-thumbnail","hentry","category-energeticka-revoluce","tag-zmena-klimatu","tag-konec-doby-fosilni","p4-page-type-clanek"],"_links":{"self":[{"href":"https:\/\/www.greenpeace.org\/czech\/wp-json\/wp\/v2\/posts\/2977","targetHints":{"allow":["GET"]}}],"collection":[{"href":"https:\/\/www.greenpeace.org\/czech\/wp-json\/wp\/v2\/posts"}],"about":[{"href":"https:\/\/www.greenpeace.org\/czech\/wp-json\/wp\/v2\/types\/post"}],"author":[{"embeddable":true,"href":"https:\/\/www.greenpeace.org\/czech\/wp-json\/wp\/v2\/users\/31"}],"replies":[{"embeddable":true,"href":"https:\/\/www.greenpeace.org\/czech\/wp-json\/wp\/v2\/comments?post=2977"}],"version-history":[{"count":7,"href":"https:\/\/www.greenpeace.org\/czech\/wp-json\/wp\/v2\/posts\/2977\/revisions"}],"predecessor-version":[{"id":2998,"href":"https:\/\/www.greenpeace.org\/czech\/wp-json\/wp\/v2\/posts\/2977\/revisions\/2998"}],"wp:featuredmedia":[{"embeddable":true,"href":"https:\/\/www.greenpeace.org\/czech\/wp-json\/wp\/v2\/media\/2978"}],"wp:attachment":[{"href":"https:\/\/www.greenpeace.org\/czech\/wp-json\/wp\/v2\/media?parent=2977"}],"wp:term":[{"taxonomy":"category","embeddable":true,"href":"https:\/\/www.greenpeace.org\/czech\/wp-json\/wp\/v2\/categories?post=2977"},{"taxonomy":"post_tag","embeddable":true,"href":"https:\/\/www.greenpeace.org\/czech\/wp-json\/wp\/v2\/tags?post=2977"},{"taxonomy":"p4-page-type","embeddable":true,"href":"https:\/\/www.greenpeace.org\/czech\/wp-json\/wp\/v2\/p4-page-type?post=2977"}],"curies":[{"name":"wp","href":"https:\/\/api.w.org\/{rel}","templated":true}]}}