{"id":3016,"date":"2019-03-28T10:05:28","date_gmt":"2019-03-28T08:05:28","guid":{"rendered":"https:\/\/master.k8s.p4.greenpeace.org\/czech\/?p=3016"},"modified":"2021-12-01T13:32:35","modified_gmt":"2021-12-01T12:32:35","slug":"cez-zabiji-davno-mrtve-elektrarny-chce-tim-zakryt-prodej-pocerad","status":"publish","type":"post","link":"https:\/\/www.greenpeace.org\/czech\/tiskova-zprava\/3016\/cez-zabiji-davno-mrtve-elektrarny-chce-tim-zakryt-prodej-pocerad\/","title":{"rendered":"\u010cEZ zab\u00edj\u00ed d\u00e1vno mrtv\u00e9 elektr\u00e1rny. Chce t\u00edm zakr\u00fdt prodej Po\u010derad?"},"content":{"rendered":"<p dir=\"ltr\"><strong>Gener\u00e1ln\u00ed \u0159editel \u010cEZ Daniel Bene\u0161 v rozhovoru pro den\u00edk E15 uvedl, \u017ee <a href=\"https:\/\/www.e15.cz\/byznys\/prumysl-a-energetika\/cez-se-chysta-na-nejvetsi-jednorazove-odstaveni-uhelnych-bloku-v-historii-1357493\">firma chyst\u00e1 na p\u0159\u00ed\u0161t\u00ed rok sn\u00ed\u017een\u00ed<\/a> provozovan\u00e9ho instalovan\u00e9ho v\u00fdkonu v uhl\u00ed. Podle ekologick\u00fdch organizac\u00ed Greenpeace a Hnut\u00ed DUHA si ale pr\u00e1v\u011b zve\u0159ejn\u011bn\u00fd pl\u00e1n oslavn\u00e9 fanf\u00e1ry nezaslou\u017e\u00ed a ve skute\u010dnosti m\u016f\u017ee sp\u00ed\u0161e slou\u017eit k zakryt\u00ed prodeje elektr\u00e1rny Po\u010derady firm\u011b kontroverzn\u00edho podnikatele Pavla Tyka\u010de.<\/strong><\/p>\n<p dir=\"ltr\">Avizovan\u00e9 odstaven\u00ed elektr\u00e1ren Prun\u00e9\u0159ov I a n\u011bkolika blok\u016f v M\u011bln\u00edku toti\u017e nen\u00ed \u017e\u00e1dn\u00e1 novinka. U obou elektr\u00e1ren firma \u010cEZ u\u017e dlouho slibovala a pl\u00e1novala jejich uzav\u0159en\u00ed. V p\u0159\u00edpad\u011b Prun\u00e9\u0159ova nav\u00edc do\u0161lo k rekonstrukci \u010d\u00e1sti elektr\u00e1rny, a \u010cEZ tak po\u010d\u00edt\u00e1 s dal\u0161\u00edm provozem elektr\u00e1rny Prun\u00e9\u0159ov II. V lokalit\u011b M\u011bln\u00edk <a href=\"https:\/\/portal.cenia.cz\/eiasea\/detail\/EIA_MZP475\">pl\u00e1nuje vystav\u011bt \u00fapln\u011b nov\u00fd uheln\u00fd blok<\/a> o v\u00fdkonu 307 MW.<\/p>\n<div id=\"attachment_3018\" style=\"width: 1210px\" class=\"wp-caption alignnone\"><img loading=\"lazy\" decoding=\"async\" aria-describedby=\"caption-attachment-3018\" class=\"size-full wp-image-3018\" src=\"https:\/\/www.greenpeace.org\/static\/planet4-czech-republic-stateless\/2019\/03\/005dc33d-gp0stsrx3.jpg\" alt=\"Introduction of Last Gasp Report in the Czech Republic. \u00a9 Petr Zewlakk Vrabec \/ Greenpeace\" width=\"1200\" height=\"738\" srcset=\"https:\/\/www.greenpeace.org\/static\/planet4-czech-republic-stateless\/2019\/03\/005dc33d-gp0stsrx3.jpg 1200w, https:\/\/www.greenpeace.org\/static\/planet4-czech-republic-stateless\/2019\/03\/005dc33d-gp0stsrx3-300x185.jpg 300w, https:\/\/www.greenpeace.org\/static\/planet4-czech-republic-stateless\/2019\/03\/005dc33d-gp0stsrx3-768x472.jpg 768w, https:\/\/www.greenpeace.org\/static\/planet4-czech-republic-stateless\/2019\/03\/005dc33d-gp0stsrx3-1024x630.jpg 1024w, https:\/\/www.greenpeace.org\/static\/planet4-czech-republic-stateless\/2019\/03\/005dc33d-gp0stsrx3-510x314.jpg 510w\" sizes=\"auto, (max-width: 1200px) 100vw, 1200px\" \/><p id=\"caption-attachment-3018\" class=\"wp-caption-text\">Protest Greenpeace p\u0159ed valnou hromafou \u010cEZ<\/p><\/div>\n<p dir=\"ltr\">Bene\u0161 v rozhovoru ani jednou nezm\u00ednil, jak firma nalo\u017e\u00ed s jednou z nejv\u011bt\u0161\u00edch a nej\u0161pinav\u011bj\u0161\u00edch elektr\u00e1ren Po\u010derady, o jej\u00edm\u017e osudu zat\u00edm st\u00e1le nebylo rozhodnuto. O n\u00ed m\u00e1 z\u00e1jem kontroverzn\u00ed podnikatel Pavel Tyka\u010d. Elektr\u00e1rna Po\u010derady spaluje ro\u010dn\u011b zhruba 5 milion\u016f tun hn\u011bd\u00e9ho uhl\u00ed z Tyka\u010dova dolu Vr\u0161any. Prodej a prodlu\u017eov\u00e1n\u00ed provozu t\u00e9to elektr\u00e1rny by bylo v rozporu s c\u00edli St\u00e1tn\u00ed energetick\u00e9 koncepce \u010cR (ta po\u017eaduje omezov\u00e1n\u00ed n\u00edzko\u00fa\u010dinn\u00e9 v\u00fdbory elet\u0159iny z uhl\u00ed a vyu\u017eit\u00ed uhl\u00ed p\u0159ednostn\u011b pro tepl\u00e1rny), Politikou ochrany klimatu v \u010cR a samoz\u0159ejm\u011b s Pa\u0159\u00ed\u017eskou klimatickou dohodou, kter\u00e1 m\u00e1 p\u0159ednost p\u0159ed \u010desk\u00fdmi z\u00e1kony.<\/p>\n<p dir=\"ltr\">V minul\u00fdch letech se \u010cEZ uheln\u00fdch elektr\u00e1ren zbavoval sp\u00ed\u0161e prodejem. Elektr\u00e1rnu Chvaletice prodal firm\u011b Seven Energy a Tisovou Sokolovsk\u00e9 uheln\u00e9. Ob\u011b elektr\u00e1rny nad\u00e1le funguj\u00ed, <a href=\"http:\/\/hnutiduha.cz\/aktualne\/cez-klame-emise-co2-neklesly-produkuji-je-jen-jine-firmy-prodejem-elektraren-klima\">\u010cEZ p\u0159esto tyto transakce vyk\u00e1zal jako sn\u00ed\u017een\u00ed emis\u00ed<\/a>. D\u00e1 se tedy p\u0159edpokl\u00e1dat, \u017ee podobn\u00fd sc\u00e9n\u00e1\u0159 bude cht\u00edt polost\u00e1tn\u00ed firma zvolit i u elektr\u00e1rny Po\u010derady, kterou se nav\u00edc ji\u017e jednou ne\u00fasp\u011b\u0161n\u011b sna\u017eila prodat Tyka\u010dovi v roce 2017. Transakci tehdy zarazila dozor\u010d\u00ed rada.<\/p>\n<p dir=\"ltr\"><strong>Luk\u00e1\u0161 Hr\u00e1bek, tiskov\u00fd mluv\u010d\u00ed Greenpeace \u010cR, \u0159ekl:<\/strong><br \/>\n<em>\u201cPo\u010derady maj\u00ed instalovan\u00fd v\u00fdkon zhruba stejn\u011b velk\u00fd jako v\u0161ech t\u011bch n\u011bkolik elektr\u00e1rensk\u00fdch blok\u016f, kter\u00e9 \u010cEZ pl\u00e1nuje uzav\u0159\u00edt. A p\u0159esto\u017ee je tato elektr\u00e1rna technologicky zastaral\u00e1 a z hlediska zne\u010di\u0161t\u011bn\u00ed je nejhor\u0161\u00ed v \u010cR, gener\u00e1ln\u00ed \u0159editel \u010cEZ na ni p\u0159i sv\u00e9m v\u00fd\u010dtu uzav\u00edran\u00fdch elektr\u00e1ren tak n\u011bjak pozapomn\u011bl. To nem\u016f\u017ee b\u00fdt n\u00e1hoda. Je jasn\u00e9, \u017ee se pr\u00e1v\u011b te\u010f potichou\u010dku a za na\u0161imi z\u00e1dy schyluje k dal\u0161\u00edmu byznysu \u010cEZu s uhlobaronem Pavlem Tyka\u010dem.\u201d<\/em><\/p>\n<p dir=\"ltr\"><strong>Ji\u0159\u00ed Ko\u017eelouh, programov\u00fd \u0159editel Hnut\u00ed DUHA, \u0159ekl:<\/strong><br \/>\n<em>\u201cJe dob\u0159e, \u017ee \u010cEZ zav\u00edr\u00e1 zastaral\u00e9 uheln\u00e9 elektr\u00e1rny. Ale v p\u0159\u00edpad\u011b Prun\u00e9\u0159ova I a M\u011bln\u00edku III se nelze zbavit dojmu, \u017ee teatr\u00e1ln\u011b zab\u00edj\u00ed d\u00e1vno mrtv\u00e9 elektr\u00e1rny, aby zakryl, \u017ee je\u0161t\u011b v\u011bt\u0161\u00ed a \u0161pinav\u011bj\u0161\u00ed provoz &#8211; elektr\u00e1rnu Po\u010derady &#8211; chce prodat uhlobaronu Tyka\u010dovi. Ten ji m\u00e1 v pl\u00e1nu provozovat dal\u0161\u00ed des\u00edtky let, v\u00fdsledkem by tedy byl v\u00fdrazn\u00fd n\u00e1r\u016fst celkov\u00fdch emis\u00ed sklen\u00edkov\u00fdch plyn\u016f a pl\u00fdtv\u00e1n\u00ed uhl\u00ed, kter\u00e9 by mohlo ohrozit dod\u00e1vky paliva pro tepl\u00e1rny.\u201d<\/em><\/p>\n<p dir=\"ltr\">\n<div class=\"EmptyMessage\">Block content is empty. Check the block&#8217;s settings or remove it.<\/div>","protected":false},"excerpt":{"rendered":"<p>Gener\u00e1ln\u00ed \u0159editel \u010cEZ Daniel Bene\u0161 v rozhovoru pro den\u00edk E15 uvedl, \u017ee firma chyst\u00e1 na p\u0159\u00ed\u0161t\u00ed rok sn\u00ed\u017een\u00ed provozovan\u00e9ho instalovan\u00e9ho v\u00fdkonu v uhl\u00ed. Podle ekologick\u00fdch organizac\u00ed Greenpeace a Hnut\u00ed DUHA&hellip;<\/p>\n","protected":false},"author":29,"featured_media":3018,"comment_status":"open","ping_status":"closed","sticky":false,"template":"","format":"standard","meta":{"ep_exclude_from_search":false,"p4_og_title":"","p4_og_description":"","p4_og_image":"","p4_og_image_id":"","p4_seo_canonical_url":"","p4_campaign_name":"","p4_local_project":"","p4_basket_name":"","p4_department":"","footnotes":""},"categories":[4],"tags":[25],"p4-page-type":[14],"class_list":["post-3016","post","type-post","status-publish","format-standard","has-post-thumbnail","hentry","category-energeticka-revoluce","tag-konec-doby-fosilni","p4-page-type-tiskova-zprava"],"_links":{"self":[{"href":"https:\/\/www.greenpeace.org\/czech\/wp-json\/wp\/v2\/posts\/3016","targetHints":{"allow":["GET"]}}],"collection":[{"href":"https:\/\/www.greenpeace.org\/czech\/wp-json\/wp\/v2\/posts"}],"about":[{"href":"https:\/\/www.greenpeace.org\/czech\/wp-json\/wp\/v2\/types\/post"}],"author":[{"embeddable":true,"href":"https:\/\/www.greenpeace.org\/czech\/wp-json\/wp\/v2\/users\/29"}],"replies":[{"embeddable":true,"href":"https:\/\/www.greenpeace.org\/czech\/wp-json\/wp\/v2\/comments?post=3016"}],"version-history":[{"count":3,"href":"https:\/\/www.greenpeace.org\/czech\/wp-json\/wp\/v2\/posts\/3016\/revisions"}],"predecessor-version":[{"id":15727,"href":"https:\/\/www.greenpeace.org\/czech\/wp-json\/wp\/v2\/posts\/3016\/revisions\/15727"}],"wp:featuredmedia":[{"embeddable":true,"href":"https:\/\/www.greenpeace.org\/czech\/wp-json\/wp\/v2\/media\/3018"}],"wp:attachment":[{"href":"https:\/\/www.greenpeace.org\/czech\/wp-json\/wp\/v2\/media?parent=3016"}],"wp:term":[{"taxonomy":"category","embeddable":true,"href":"https:\/\/www.greenpeace.org\/czech\/wp-json\/wp\/v2\/categories?post=3016"},{"taxonomy":"post_tag","embeddable":true,"href":"https:\/\/www.greenpeace.org\/czech\/wp-json\/wp\/v2\/tags?post=3016"},{"taxonomy":"p4-page-type","embeddable":true,"href":"https:\/\/www.greenpeace.org\/czech\/wp-json\/wp\/v2\/p4-page-type?post=3016"}],"curies":[{"name":"wp","href":"https:\/\/api.w.org\/{rel}","templated":true}]}}