{"id":3298,"date":"2019-05-02T12:56:02","date_gmt":"2019-05-02T10:56:02","guid":{"rendered":"https:\/\/master.k8s.p4.greenpeace.org\/czech\/?p=3298"},"modified":"2019-11-06T10:37:47","modified_gmt":"2019-11-06T08:37:47","slug":"greenpeace-spousti-kampan-proti-dolu-turow-novy-web-rozesila-pripominky-proti-jeho-rozsireni","status":"publish","type":"post","link":"https:\/\/www.greenpeace.org\/czech\/tiskova-zprava\/3298\/greenpeace-spousti-kampan-proti-dolu-turow-novy-web-rozesila-pripominky-proti-jeho-rozsireni\/","title":{"rendered":"Greenpeace spou\u0161t\u00ed kampa\u0148 proti dolu Tur\u00f3w. Nov\u00fd web rozes\u00edl\u00e1 p\u0159ipom\u00ednky proti jeho roz\u0161\u00ed\u0159en\u00ed"},"content":{"rendered":"<p><strong>Kv\u016fli polsk\u00e9mu dolu Tur\u00f3w mohou des\u00edtky tis\u00edc lid\u00ed na Liberecku p\u0159ij\u00edt o vodu ve sv\u00fdch studn\u00edch i v krajin\u011b, kter\u00e1 je obklopuje. \u010cesk\u00e1 pobo\u010dka Greenpeace proto spustila str\u00e1nky <a href=\"http:\/\/www.greenpeace.cz\/spoluzavodu\/\">www.greenpeace.cz\/spoluzavodu\/<\/a>, kde se mohou lid\u00e9 z cel\u00e9 \u010cesk\u00e9 republiky proti roz\u0161i\u0159ov\u00e1n\u00ed dolu postavit. Najdou zde text p\u0159ipom\u00ednek, kter\u00e9 mohou poslat v pr\u00e1v\u011b prob\u00edhaj\u00edc\u00edm procesu vyhodnocen\u00ed vliv\u016f na \u017eivotn\u00ed prost\u0159ed\u00ed (tzv. EIA).<\/strong><\/p>\n<p><a href=\"https:\/\/portal.cenia.cz\/eiasea\/detail\/EIA_MZP049M\"><span style=\"font-weight: 400;\">\u010cesk\u00fd p\u0159eklad dokumentace<\/span><\/a><span style=\"font-weight: 400;\">, kter\u00e1 popisuje z\u00e1m\u011br polsk\u00e9 polost\u00e1tn\u00ed firmy PGE d\u016fl roz\u0161\u00ed\u0159it a zahloubit, <\/span><a href=\"https:\/\/www.mzp.cz\/cz\/news_190430-MZP-odstartovalo-mezistatni-proces-EIA-k-rozsirovani-dolu-Turow\"><span style=\"font-weight: 400;\">zve\u0159ejnilo \u010desk\u00e9 ministerstvo \u017eivotn\u00edho prost\u0159ed\u00ed v \u00fater\u00fd<\/span><\/a><span style=\"font-weight: 400;\">. Po zve\u0159ejn\u011bn\u00ed na \u00fa\u0159edn\u00ed desce Libereck\u00e9ho kraje budou m\u00edt lid\u00e9, spolky a obce 30 dn\u00ed na pod\u00e1n\u00ed p\u0159ipom\u00ednek. Ministerstvo \u017eivotn\u00edho prost\u0159ed\u00ed pak na z\u00e1klad\u011b do\u0161l\u00fdch p\u0159ipom\u00ednek vypracuje souhrnn\u00e9 stanovisko \u010cR k navrhovan\u00e9 \u010dinnosti, kter\u00e9 bude podkladem pro polsk\u00e1 povolovac\u00ed \u0159\u00edzen\u00ed.<\/span><\/p>\n<p><img loading=\"lazy\" decoding=\"async\" class=\"alignnone size-full wp-image-3270\" src=\"https:\/\/www.greenpeace.org\/static\/planet4-czech-republic-stateless\/2019\/04\/FKN_9392.jpg\" alt=\"\" width=\"7360\" height=\"4912\" srcset=\"https:\/\/www.greenpeace.org\/static\/planet4-czech-republic-stateless\/2019\/04\/FKN_9392.jpg 7360w, https:\/\/www.greenpeace.org\/static\/planet4-czech-republic-stateless\/2019\/04\/FKN_9392-300x200.jpg 300w, https:\/\/www.greenpeace.org\/static\/planet4-czech-republic-stateless\/2019\/04\/FKN_9392-768x513.jpg 768w, https:\/\/www.greenpeace.org\/static\/planet4-czech-republic-stateless\/2019\/04\/FKN_9392-1024x683.jpg 1024w, https:\/\/www.greenpeace.org\/static\/planet4-czech-republic-stateless\/2019\/04\/FKN_9392-2048x1366.jpg 2048w, https:\/\/www.greenpeace.org\/static\/planet4-czech-republic-stateless\/2019\/04\/FKN_9392-510x340.jpg 510w\" sizes=\"auto, (max-width: 7360px) 100vw, 7360px\" \/><\/p>\n<p><span style=\"font-weight: 400;\">V ned\u011bli 28. dubna se na protestu proti dolu Tur\u00f3w u pomn\u00edku Trojzem\u00ed v Hr\u00e1dku nad Nisou se\u0161lo p\u0159es 500 lid\u00ed z \u010ceska, Polska a N\u011bmecka, kte\u0159\u00ed spole\u010dn\u011b vytvo\u0159ili \u017eiv\u00fd \u0159et\u011bz zasahuj\u00edc\u00ed na \u00fazem\u00ed v\u0161ech t\u0159\u00ed st\u00e1t\u016f. Cht\u011bli tak upozornit na negativn\u00ed dopady pokra\u010duj\u00edc\u00ed t\u011b\u017eby, p\u0159edev\u0161\u00edm na \u00fabytek vody, kter\u00fd t\u011b\u017eba zp\u016fsobuje.<\/span><\/p>\n<p><span style=\"font-weight: 400;\">Hn\u011bdouheln\u00fd d\u016fl Tur\u00f3w se nach\u00e1z\u00ed v jihoz\u00e1padn\u00ed \u010d\u00e1sti Dolnoslezsk\u00e9ho vojvodstv\u00ed na \u00fazem\u00ed obce Bogatynia, v bl\u00edzkosti st\u00e1tn\u00edch hranic s N\u011bmeckem a \u010ceskou republikou. V p\u0159\u00edpad\u011b roz\u0161\u00ed\u0159en\u00ed se m\u00e1 p\u0159ibl\u00ed\u017eit a\u017e na hranice. T\u011b\u017eit se zde m\u00e1 a\u017e do roku 2044.<\/span><\/p>\n<p><span style=\"font-weight: 400;\">Nejbl\u00ed\u017ee dolu na \u010desk\u00e9 stran\u011b m\u00e1 b\u00fdt obec Uheln\u00e1. P\u0159esto\u017ee se v m\u00e9di\u00edch d\u0159\u00edve objevily informace, \u017ee od nejbli\u017e\u0161\u00ed z\u00e1stavby bude hrana dolu vzd\u00e1lena jen 300 metr\u016f, podle dokumentace by vzd\u00e1lenost dolu od nejbli\u017e\u0161\u00edch dom\u016f m\u011bla p\u0159es\u00e1hnout jeden kilometr. I tak ov\u0161em bude d\u016fl obt\u011b\u017eovat prachem a hlukem nejen obyvatele Uheln\u00e9, ale i nedalek\u00fdch V\u00e1clavic a Old\u0159ichova na Hranic\u00edch. Z v\u011bt\u0161\u00edch s\u00eddel pak bude zasa\u017een nejv\u00edce Hr\u00e1dek nad Nisou.<\/span><\/p>\n<p><span style=\"font-weight: 400;\">Nejviditeln\u011bj\u0161\u00edm dopadem t\u011b\u017eby uhl\u00ed je u\u017e nyn\u00ed \u00fabytek povrchov\u00fdch a podzemn\u00edch vod na Hr\u00e1decku a Fr\u00fddlantsku. Polsk\u00e1 strana v\u00fdrazn\u011bj\u0161\u00ed vliv na z\u00e1soby vody pop\u00edr\u00e1, dokumentace se proto zab\u00fdv\u00e1 jen ochranou vod v bl\u00edzkosti obce Uheln\u00e1. \u0158e\u0161en\u00ed, kter\u00e9 navrhuje firma PGE, je postaven\u00ed zdi zapu\u0161t\u011bn\u00e9 hluboko do zem\u011b, kter\u00e1 by m\u011bla lok\u00e1ln\u011b zabr\u00e1nit odtoku vody z \u010desk\u00e9 strany hranice. Na \u010desk\u00e9 stran\u011b se zase mluv\u00ed o projektu vodovodu, kter\u00fd by p\u0159iv\u00e1d\u011bl vodu z p\u0159ehrad Sou\u0161 a Josef\u016fv D\u016fl p\u0159es CHKO Jizersk\u00e9 Hory. Nen\u00ed v\u0161ak jist\u00e9, \u017ee tato \u0159e\u0161en\u00ed budou fungovat.<\/span><\/p>\n<p><b>Nikol Krej\u010dov\u00e1, koordin\u00e1torka uheln\u00e9 kampan\u011b Greenpeace \u010cR, \u0159\u00edk\u00e1:<\/b><b><br \/>\n<\/b><i><span style=\"font-weight: 400;\">\u201cP\u0159esto\u017ee to polsk\u00e1 strana pop\u00edr\u00e1, ji\u017e dnes voda z krajiny Hr\u00e1decka a Fr\u00fddlantska miz\u00ed a podle expert\u016f bude v p\u0159\u00edpad\u011b roz\u0161i\u0159ov\u00e1n\u00ed a zahlubov\u00e1n\u00ed dolu mizet d\u00e1t, nebo\u0165 voda bude do hlubok\u00e9ho dolu st\u00e9kat z \u010desk\u00e9 strany. \u017d\u00e1dn\u00e9 z navrhovan\u00fdch \u0159e\u0161en\u00ed se nedok\u00e1\u017ee zabr\u00e1nit celkov\u00e9mu \u00fabytku vody z krajiny. Jedin\u00fdm \u0159e\u0161en\u00edm podle n\u00e1s je proto neroz\u0161i\u0159ovat d\u016fl Tur\u00f3w.\u201d<\/span><\/i><\/p>\n<p><span style=\"font-weight: 400;\">Nejv\u00fdznamn\u011bj\u0161\u00edm negativn\u00edm vlivem roz\u0161\u00ed\u0159en\u00ed dolu Tur\u00f3w, kter\u00fd nen\u00ed omezen na bezprost\u0159edn\u00ed okol\u00ed dolu, je dopad sp\u00e1len\u00ed vyt\u011b\u017een\u00e9ho uhl\u00ed na klima planety. Ji\u017e nyn\u00ed vypou\u0161t\u00ed stejnojmenn\u00e1 elektr\u00e1rna v sousedstv\u00ed dolu <\/span><a href=\"https:\/\/elturow.pgegiek.pl\/Ochrona-srodowiska\/Ochrona-powietrza-atmosferycznego\"><span style=\"font-weight: 400;\">6,9 milion\u016f tun CO<\/span><span style=\"font-weight: 400;\">2<\/span><\/a><span style=\"font-weight: 400;\"> a pl\u00e1nuje se nav\u00fd\u0161en\u00ed tohoto mno\u017estv\u00ed. Pro srovn\u00e1n\u00ed: nejv\u011bt\u0161\u00ed zne\u010di\u0161\u0165ovatel na \u010desk\u00e9 stran\u011b &#8211; elektr\u00e1rna Po\u010derady &#8211; <\/span><a href=\"https:\/\/www.greenpeace.org\/czech\/tiskova-zprava\/3047\/elektrarna-pocerady-je-nejvetsi-znecistovatel-co2-v-cr-chvaletice-zvysily-znecisteni-o-43-procent\/\"><span style=\"font-weight: 400;\">vypou\u0161t\u00ed 5,5 milionu tun CO<\/span><span style=\"font-weight: 400;\">2<\/span><\/a><span style=\"font-weight: 400;\">. <\/span><\/p>\n<p><span style=\"font-weight: 400;\">Roz\u0161\u00ed\u0159en\u00ed dolu maj\u00ed padnout za ob\u011b\u0165 4 km<\/span><span style=\"font-weight: 400;\">2<\/span><span style=\"font-weight: 400;\"> krajiny, zbourat se maj\u00ed polsk\u00e9 obce Biolopole a Opolno-Zdroj. Hrozit mohou i sesuvy, nestabilita horninov\u00e9ho podlo\u017e\u00ed na bo\u010dn\u00edch svaz\u00edch lomu a odvaly. Hloubka dob\u00fdvky dosahuje v sou\u010dasn\u00e9 dob\u011b k\u00f3t kolem 10 metr\u016f nad mo\u0159em, v\u00fdhledov\u011b m\u00e1 dos\u00e1hnout asi 30 metr\u016f pod hladinou mo\u0159e, v nejhlub\u0161\u00edm m\u00edst\u011b by tedy d\u016fl mohl dosahovat hloubky asi 330 metr\u016f od okoln\u00edho povrchu.<\/span><\/p>\n","protected":false},"excerpt":{"rendered":"<p>Kv\u016fli polsk\u00e9mu dolu Tur\u00f3w mohou des\u00edtky tis\u00edc lid\u00ed na Liberecku p\u0159ij\u00edt o vodu ve sv\u00fdch studn\u00edch i v krajin\u011b, kter\u00e1 je obklopuje. \u010cesk\u00e1 pobo\u010dka Greenpeace proto spustila str\u00e1nky www.greenpeace.cz\/spoluzavodu\/, kde&hellip;<\/p>\n","protected":false},"author":29,"featured_media":3270,"comment_status":"open","ping_status":"closed","sticky":false,"template":"","format":"standard","meta":{"ep_exclude_from_search":false,"p4_og_title":"","p4_og_description":"","p4_og_image":"","p4_og_image_id":"","p4_seo_canonical_url":"","p4_campaign_name":"","p4_local_project":"","p4_basket_name":"","p4_department":"","footnotes":""},"categories":[4],"tags":[25],"p4-page-type":[14],"class_list":["post-3298","post","type-post","status-publish","format-standard","has-post-thumbnail","hentry","category-energeticka-revoluce","tag-konec-doby-fosilni","p4-page-type-tiskova-zprava"],"_links":{"self":[{"href":"https:\/\/www.greenpeace.org\/czech\/wp-json\/wp\/v2\/posts\/3298","targetHints":{"allow":["GET"]}}],"collection":[{"href":"https:\/\/www.greenpeace.org\/czech\/wp-json\/wp\/v2\/posts"}],"about":[{"href":"https:\/\/www.greenpeace.org\/czech\/wp-json\/wp\/v2\/types\/post"}],"author":[{"embeddable":true,"href":"https:\/\/www.greenpeace.org\/czech\/wp-json\/wp\/v2\/users\/29"}],"replies":[{"embeddable":true,"href":"https:\/\/www.greenpeace.org\/czech\/wp-json\/wp\/v2\/comments?post=3298"}],"version-history":[{"count":3,"href":"https:\/\/www.greenpeace.org\/czech\/wp-json\/wp\/v2\/posts\/3298\/revisions"}],"predecessor-version":[{"id":3301,"href":"https:\/\/www.greenpeace.org\/czech\/wp-json\/wp\/v2\/posts\/3298\/revisions\/3301"}],"wp:featuredmedia":[{"embeddable":true,"href":"https:\/\/www.greenpeace.org\/czech\/wp-json\/wp\/v2\/media\/3270"}],"wp:attachment":[{"href":"https:\/\/www.greenpeace.org\/czech\/wp-json\/wp\/v2\/media?parent=3298"}],"wp:term":[{"taxonomy":"category","embeddable":true,"href":"https:\/\/www.greenpeace.org\/czech\/wp-json\/wp\/v2\/categories?post=3298"},{"taxonomy":"post_tag","embeddable":true,"href":"https:\/\/www.greenpeace.org\/czech\/wp-json\/wp\/v2\/tags?post=3298"},{"taxonomy":"p4-page-type","embeddable":true,"href":"https:\/\/www.greenpeace.org\/czech\/wp-json\/wp\/v2\/p4-page-type?post=3298"}],"curies":[{"name":"wp","href":"https:\/\/api.w.org\/{rel}","templated":true}]}}