{"id":3347,"date":"2019-05-09T12:50:22","date_gmt":"2019-05-09T10:50:22","guid":{"rendered":"https:\/\/master.k8s.p4.greenpeace.org\/czech\/?p=3347"},"modified":"2021-12-01T13:32:30","modified_gmt":"2021-12-01T12:32:30","slug":"elektrarna-chvaletice-vypustila-minuly-rok-do-ovzdusi-dvakrat-tolik-rtuti-a-o-65-vice-prachu-nez-v-roce-2017","status":"publish","type":"post","link":"https:\/\/www.greenpeace.org\/czech\/tiskova-zprava\/3347\/elektrarna-chvaletice-vypustila-minuly-rok-do-ovzdusi-dvakrat-tolik-rtuti-a-o-65-vice-prachu-nez-v-roce-2017\/","title":{"rendered":"Elektr\u00e1rna Chvaletice vypustila minul\u00fd rok do ovzdu\u0161\u00ed dvakr\u00e1t tolik rtuti a o 65 % v\u00edce prachu ne\u017e v roce 2017"},"content":{"rendered":"<p><strong><span style=\"font-size: 11pt; font-family: Arial; color: #000000; background-color: transparent; font-style: normal; font-variant: normal; text-decoration: none; vertical-align: baseline; white-space: pre-wrap;\">Ministerstvo \u017eivotn\u00edho prost\u0159ed\u00ed na sv\u00fdch str\u00e1nk\u00e1ch zve\u0159ejnilo celkov\u00e9 <\/span><a style=\"text-decoration: none;\" href=\"https:\/\/www.mzp.cz\/ippc\/ippc4.nsf\/$pid\/MZPPCHAT0HF9\"><span style=\"font-size: 11pt; font-family: Arial; color: #1155cc; background-color: transparent; font-style: normal; font-variant: normal; text-decoration: underline; text-decoration-skip-ink: none; vertical-align: baseline; white-space: pre-wrap;\">mno\u017estv\u00ed emis\u00ed, kter\u00e9 elektr\u00e1rna Chvaletice vypustila v minul\u00e9m roce<\/span><\/a><span style=\"font-size: 11pt; font-family: Arial; color: #000000; background-color: transparent; font-style: normal; font-variant: normal; text-decoration: none; vertical-align: baseline; white-space: pre-wrap;\">. Ze zve\u0159ejn\u011bn\u00fdch dat vypl\u00fdv\u00e1, \u017ee oproti roku 2017 zdvojn\u00e1sobila elektr\u00e1rna emise nebezpe\u010dn\u00e9 rtuti a o 65 procent nav\u00fd\u0161ila tak\u00e9 emise pol\u00e9tav\u00e9ho prachu. Rtuti vypustila 154 kilogram\u016f, zat\u00edmco v roce 2017 to bylo 74 kilogram\u016f. Prachu elektr\u00e1rna vypustila do ovzdu\u0161\u00ed 354 tun oproti 214 tun\u00e1m v roce 2017.<\/span><\/strong><\/p>\n<p><span style=\"font-size: 11pt; font-family: Arial; color: #000000; background-color: transparent; font-weight: 400; font-style: normal; font-variant: normal; text-decoration: none; vertical-align: baseline; white-space: pre-wrap;\">Ji\u017e d\u0159\u00edve organizace Greenpeace a Hnut\u00ed DUHA upozornily na fakt, \u017ee podle \u00fadaj\u016f Evropsk\u00e9 komise <\/span><a style=\"text-decoration: none;\" href=\"https:\/\/www.greenpeace.org\/czech\/tiskova-zprava\/3047\/elektrarna-pocerady-je-nejvetsi-znecistovatel-co2-v-cr-chvaletice-zvysily-znecisteni-o-43-procent\/\"><span style=\"font-size: 11pt; font-family: Arial; color: #1155cc; background-color: transparent; font-weight: 400; font-style: normal; font-variant: normal; text-decoration: underline; -webkit-text-decoration-skip: none; text-decoration-skip-ink: none; vertical-align: baseline; white-space: pre-wrap;\">vzrostly elektr\u00e1rn\u011b Chvaletice emise oxidu uhli\u010dit\u00e9ho o 43 procent<\/span><\/a><span style=\"font-size: 11pt; font-family: Arial; color: #000000; background-color: transparent; font-weight: 400; font-style: normal; font-variant: normal; text-decoration: none; vertical-align: baseline; white-space: pre-wrap;\"> na 4,4 milionu tun, tedy nejv\u011bt\u0161\u00ed hodnotu za posledn\u00edch 11 let, a stala se tak t\u0159et\u00edm nejv\u011bt\u0161\u00edm zdrojem sklen\u00edkov\u00fdch plyn\u016f v \u010cesk\u00e9 republice.<\/span><\/p>\n<p><span style=\"font-size: 11pt; font-family: Arial; color: #000000; background-color: transparent; font-weight: 400; font-style: normal; font-variant: normal; text-decoration: none; vertical-align: baseline; white-space: pre-wrap;\">Kv\u016fli emis\u00edm rtuti a oxid\u016f dus\u00edku, kter\u00e9 nebudou spl\u0148ovat nov\u00e9 emisn\u00ed limity platn\u00e9 od roku 2021, si provozovatel elektr\u00e1rny nyn\u00ed \u017e\u00e1d\u00e1 na Krajsk\u00e9m \u00fa\u0159adu Pardubick\u00e9ho kraje o v\u00fdjimku. Podle \u017e\u00e1dosti chce m\u00edt provozovatel <\/span><a style=\"text-decoration: none;\" href=\"https:\/\/www.greenpeace.org\/czech\/tiskova-zprava\/2446\/hanba-elektrarna-chvaletice-chce-vyjimku-na-filtr-ktery-jeste-ani-nema-a-odmita-omezit-vypousteni-nebezpecne-rtuti\/\"><span style=\"font-size: 11pt; font-family: Arial; color: #1155cc; background-color: transparent; font-weight: 400; font-style: normal; font-variant: normal; text-decoration: underline; -webkit-text-decoration-skip: none; text-decoration-skip-ink: none; vertical-align: baseline; white-space: pre-wrap;\">mo\u017enost vypou\u0161t\u011bt a\u017e 421 kilogram\u016f rtuti ro\u010dn\u011b<\/span><\/a><span style=\"font-size: 11pt; font-family: Arial; color: #000000; background-color: transparent; font-weight: 400; font-style: normal; font-variant: normal; text-decoration: none; vertical-align: baseline; white-space: pre-wrap;\">, s\u00e1m tedy v budoucnosti z\u0159ejm\u011b po\u010d\u00edt\u00e1 s dal\u0161\u00edm navy\u0161ov\u00e1n\u00edm emis\u00ed rtuti.<\/span><\/p>\n<div id=\"attachment_3340\" style=\"width: 1065px\" class=\"wp-caption alignnone\"><img loading=\"lazy\" decoding=\"async\" aria-describedby=\"caption-attachment-3340\" class=\" wp-image-3340\" src=\"https:\/\/www.greenpeace.org\/static\/planet4-czech-republic-stateless\/2019\/05\/e71a170c-gp0stq66y.jpg\" alt=\"Chvaletice Power Plant Occupation in Czech Republic. \u00a9 Petr Zewlakk Vrabec \/ Greenpeace\" width=\"1055\" height=\"550\" srcset=\"https:\/\/www.greenpeace.org\/static\/planet4-czech-republic-stateless\/2019\/05\/e71a170c-gp0stq66y.jpg 800w, https:\/\/www.greenpeace.org\/static\/planet4-czech-republic-stateless\/2019\/05\/e71a170c-gp0stq66y-300x156.jpg 300w, https:\/\/www.greenpeace.org\/static\/planet4-czech-republic-stateless\/2019\/05\/e71a170c-gp0stq66y-768x400.jpg 768w, https:\/\/www.greenpeace.org\/static\/planet4-czech-republic-stateless\/2019\/05\/e71a170c-gp0stq66y-510x266.jpg 510w\" sizes=\"auto, (max-width: 1055px) 100vw, 1055px\" \/><p id=\"caption-attachment-3340\" class=\"wp-caption-text\">Elektr\u00e1rna Chvaletice<\/p><\/div>\n<p><span style=\"font-size: 11pt; font-family: Arial; color: #000000; background-color: transparent; font-weight: 400; font-style: normal; font-variant: normal; text-decoration: none; vertical-align: baseline; white-space: pre-wrap;\">M\u011b\u0159en\u00ed rtuti se v sou\u010dasn\u00e9 dob\u011b prov\u00e1d\u00ed jednor\u00e1zov\u011b a je velmi nep\u0159esn\u00e9. Podle studie Vysok\u00e9 \u0161koly b\u00e1\u0148sk\u00e9 se nam\u011b\u0159en\u00e9 hodnoty v roce 2021, kdy bude zavedeno kontinu\u00e1ln\u00ed m\u011b\u0159en\u00ed rtuti, zv\u00fd\u0161\u00ed zhruba o 25 procent. Nyn\u011bj\u0161\u00ed skok na dvojn\u00e1sobek oproti m\u011b\u0159en\u00ed v roce 2017 v\u0161ak sp\u00ed\u0161e ne\u017e s nejistotou m\u011b\u0159en\u00ed souvis\u00ed s <\/span><a style=\"text-decoration: none;\" href=\"http:\/\/www.7.cz\/cz\/promedia\/aktuality\/tz\/2018\/20180810.html\"><span style=\"font-size: 11pt; font-family: Arial; color: #1155cc; background-color: transparent; font-weight: 400; font-style: normal; font-variant: normal; text-decoration: underline; -webkit-text-decoration-skip: none; text-decoration-skip-ink: none; vertical-align: baseline; white-space: pre-wrap;\">n\u00e1r\u016fstem v\u00fdroby elekt\u0159iny v minul\u00e9m roce<\/span><\/a><span style=\"font-size: 11pt; font-family: Arial; color: #000000; background-color: transparent; font-weight: 400; font-style: normal; font-variant: normal; text-decoration: none; vertical-align: baseline; white-space: pre-wrap;\">.<\/span><\/p>\n<p><span style=\"font-size: 11pt; font-family: Arial; color: #000000; background-color: transparent; font-weight: 400; font-style: normal; font-variant: normal; text-decoration: none; vertical-align: baseline; white-space: pre-wrap;\">Provozovatel\u00e9 elektr\u00e1rny ji\u017e d\u0159\u00edve p\u0159iznali, \u017ee po uzav\u0159en\u00ed dolu \u010cSA v roce 2024 bude elektr\u00e1rna spalovat m\u00e9n\u011b v\u00fdh\u0159evn\u00e9 uhl\u00ed z velkolomu Vr\u0161any. Aby udr\u017eeli stejn\u00fd objem v\u00fdroby, budou muset p\u00e1lit o 41 procent v\u011bt\u0161\u00ed objem uhl\u00ed. <\/span><a style=\"text-decoration: none;\" href=\"https:\/\/www.greenpeace.org\/czech\/tiskova-zprava\/2782\/elektrarna-chvaletice-bude-po-zmene-paliva-vypoustet-az-o-41-vice-toxicke-rtuti-nez-dnes\/\"><span style=\"font-size: 11pt; font-family: Arial; color: #1155cc; background-color: transparent; font-weight: 400; font-style: normal; font-variant: normal; text-decoration: underline; -webkit-text-decoration-skip: none; text-decoration-skip-ink: none; vertical-align: baseline; white-space: pre-wrap;\">Emise rtuti tak mohou vzr\u016fst o dal\u0161\u00ed des\u00edtky procent<\/span><\/a><span style=\"font-size: 11pt; font-family: Arial; color: #000000; background-color: transparent; font-weight: 400; font-style: normal; font-variant: normal; text-decoration: none; vertical-align: baseline; white-space: pre-wrap;\">. \u00a0\u00a0<\/span><\/p>\n<p><span style=\"font-size: 11pt; font-family: Arial; color: #000000; background-color: transparent; font-weight: bold; font-style: normal; font-variant: normal; text-decoration: none; vertical-align: baseline; white-space: pre-wrap;\">Luk\u00e1\u0161 Hr\u00e1bek, tiskov\u00fd mluv\u010d\u00ed Greenpeace \u010cR, \u0159ekl:<br \/>\n<\/span><span style=\"font-size: 11pt; font-family: Arial; color: #000000; background-color: transparent; font-weight: 400; font-style: italic; font-variant: normal; text-decoration: none; vertical-align: baseline; white-space: pre-wrap;\">\u201cEmisn\u00ed limity, kter\u00e9 budou omezovat emise rtuti, se u n\u00e1s zav\u00e1d\u011bj\u00ed a\u017e od roku 2021. Dosud \u017e\u00e1dn\u00e9 omezen\u00ed pro tuto nebezpe\u010dnou a vysoce toxickou l\u00e1tku neplat\u00ed. Provozovatel elektr\u00e1rny Chvaletice v\u0161ak nov\u00e9 limity plnit nechce a m\u00edsto toho, aby mno\u017estv\u00ed vypou\u0161t\u011bn\u00e9 rtuti sni\u017eoval, ho neust\u00e1le zvy\u0161uje a chce zvy\u0161ovat i nad\u00e1le. To by mu \u00fa\u0159edn\u00edci v \u017e\u00e1dn\u00e9m p\u0159\u00edpad\u011b nem\u011bli dovolit.\u201d <\/span><\/p>\n<div class=\"EmptyMessage\">Block content is empty. Check the block&#8217;s settings or remove it.<\/div>","protected":false},"excerpt":{"rendered":"<p>Ministerstvo \u017eivotn\u00edho prost\u0159ed\u00ed na sv\u00fdch str\u00e1nk\u00e1ch zve\u0159ejnilo celkov\u00e9 mno\u017estv\u00ed emis\u00ed, kter\u00e9 elektr\u00e1rna Chvaletice vypustila v minul\u00e9m roce. Ze zve\u0159ejn\u011bn\u00fdch dat vypl\u00fdv\u00e1, \u017ee oproti roku 2017 zdvojn\u00e1sobila elektr\u00e1rna emise nebezpe\u010dn\u00e9 rtuti&hellip;<\/p>\n","protected":false},"author":29,"featured_media":3340,"comment_status":"open","ping_status":"closed","sticky":false,"template":"","format":"standard","meta":{"ep_exclude_from_search":false,"p4_og_title":"","p4_og_description":"","p4_og_image":"","p4_og_image_id":"","p4_seo_canonical_url":"","p4_campaign_name":"","p4_local_project":"","p4_basket_name":"","p4_department":"","footnotes":""},"categories":[2],"tags":[19,25],"p4-page-type":[14],"class_list":["post-3347","post","type-post","status-publish","format-standard","has-post-thumbnail","hentry","category-priroda","tag-ovzdusi","tag-konec-doby-fosilni","p4-page-type-tiskova-zprava"],"_links":{"self":[{"href":"https:\/\/www.greenpeace.org\/czech\/wp-json\/wp\/v2\/posts\/3347","targetHints":{"allow":["GET"]}}],"collection":[{"href":"https:\/\/www.greenpeace.org\/czech\/wp-json\/wp\/v2\/posts"}],"about":[{"href":"https:\/\/www.greenpeace.org\/czech\/wp-json\/wp\/v2\/types\/post"}],"author":[{"embeddable":true,"href":"https:\/\/www.greenpeace.org\/czech\/wp-json\/wp\/v2\/users\/29"}],"replies":[{"embeddable":true,"href":"https:\/\/www.greenpeace.org\/czech\/wp-json\/wp\/v2\/comments?post=3347"}],"version-history":[{"count":4,"href":"https:\/\/www.greenpeace.org\/czech\/wp-json\/wp\/v2\/posts\/3347\/revisions"}],"predecessor-version":[{"id":15712,"href":"https:\/\/www.greenpeace.org\/czech\/wp-json\/wp\/v2\/posts\/3347\/revisions\/15712"}],"wp:featuredmedia":[{"embeddable":true,"href":"https:\/\/www.greenpeace.org\/czech\/wp-json\/wp\/v2\/media\/3340"}],"wp:attachment":[{"href":"https:\/\/www.greenpeace.org\/czech\/wp-json\/wp\/v2\/media?parent=3347"}],"wp:term":[{"taxonomy":"category","embeddable":true,"href":"https:\/\/www.greenpeace.org\/czech\/wp-json\/wp\/v2\/categories?post=3347"},{"taxonomy":"post_tag","embeddable":true,"href":"https:\/\/www.greenpeace.org\/czech\/wp-json\/wp\/v2\/tags?post=3347"},{"taxonomy":"p4-page-type","embeddable":true,"href":"https:\/\/www.greenpeace.org\/czech\/wp-json\/wp\/v2\/p4-page-type?post=3347"}],"curies":[{"name":"wp","href":"https:\/\/api.w.org\/{rel}","templated":true}]}}