{"id":3351,"date":"2019-05-07T13:13:36","date_gmt":"2019-05-07T11:13:36","guid":{"rendered":"https:\/\/master.k8s.p4.greenpeace.org\/czech\/?p=3351"},"modified":"2021-12-01T13:32:31","modified_gmt":"2021-12-01T12:32:31","slug":"budoucnost-neni-jen-heslo-na-cepici-cesko-opet-odmita-raznejsi-opatreni-na-ochranu-klimatu","status":"publish","type":"post","link":"https:\/\/www.greenpeace.org\/czech\/tiskova-zprava\/3351\/budoucnost-neni-jen-heslo-na-cepici-cesko-opet-odmita-raznejsi-opatreni-na-ochranu-klimatu\/","title":{"rendered":"Budoucnost nen\u00ed jen heslo na \u010depici! \u010cesko op\u011bt odm\u00edt\u00e1 r\u00e1zn\u011bj\u0161\u00ed opat\u0159en\u00ed na ochranu klimatu"},"content":{"rendered":"<p><strong>\u010cesko su\u017euje nev\u00eddan\u00e9 sucho, \u00faroda m\u016f\u017ee b\u00fdt o des\u00edtky procent ni\u017e\u0161\u00ed, vysychaj\u00ed studny, hroz\u00ed po\u017e\u00e1ry, nen\u00ed \u010d\u00edm krmit dobytek. Dopady zm\u011bn klimatu poci\u0165ujeme st\u00e1le siln\u011bji, p\u0159esto dnes \u010cesko nepodpo\u0159ilo v\u00fdzvu Francie a dal\u0161\u00edch evropsk\u00fdch st\u00e1t\u016f, aby EU zv\u00fd\u0161ila sv\u00e9 \u00fasil\u00ed v boji se zm\u011bnou klimatu. V kr\u00e1tk\u00e9m sledu je to ji\u017e druh\u00fd d\u016fkaz toho, \u017ee \u010cesko na evropsk\u00e9 \u00farovni dlouhodob\u011b odm\u00edt\u00e1 \u00fa\u010dinn\u00e1 opat\u0159en\u00ed v boji se zm\u011bnou klimatu, mezi jin\u00fdmi z\u00e1vazek, aby EU byla do roku 2050 uhl\u00edkov\u011b neutr\u00e1ln\u00ed a naplnila tak c\u00edle Pa\u0159\u00ed\u017esk\u00e9 dohody. Pr\u00e1v\u011b tento z\u00e1vazek cht\u011bl premi\u00e9r Babi\u0161 vy\u0161krtnout na posledn\u00edm jedn\u00e1n\u00ed hlav st\u00e1t\u016f EU.<\/strong><\/p>\n<p>L\u00edd\u0159i EU se op\u011bt sejdou tento \u010dtvrtek v rumunsk\u00e9m Sibiu a situace se opakuje. Z unikl\u00e9ho dokumentu, kter\u00fd je v p\u0159\u00edloze, je patrn\u00e9, \u017ee vl\u00e1dy Francie, Nizozemska, Belgie, \u0160v\u00e9dska, D\u00e1nska, \u0160pan\u011blska, Portugalska a Lucemburska apeluj\u00ed na \u010cesko a dal\u0161\u00ed st\u00e1ty EU, aby podpo\u0159ily \u00fa\u010dinn\u011bj\u0161\u00ed \u201eklimatickou akci\u201c a to co nejd\u0159\u00edve. Argumentuj\u00ed p\u0159edev\u0161\u00edm t\u00edm, \u017ee by EU m\u011bla ji\u017e p\u0159ed z\u00e1\u0159ijov\u00fdm klimatick\u00fdm summitem OSN v New Yorku zv\u00fd\u0161it vlastn\u00ed c\u00edle na sn\u00ed\u017een\u00ed emis\u00ed do roku 2030 a p\u0159ijmout z\u00e1vazek k uhl\u00edkov\u00e9 neutralit\u011b do roku 2050, v souladu se z\u00e1vazky z Pa\u0159\u00ed\u017ee.<\/p>\n<p><img loading=\"lazy\" decoding=\"async\" class=\"alignnone wp-image-3353\" src=\"https:\/\/www.greenpeace.org\/static\/planet4-czech-republic-stateless\/2019\/05\/e32ab4d1-58779031_10157313428494777_7558183688295415808_n.jpg\" alt=\"\" width=\"1063\" height=\"1063\" srcset=\"https:\/\/www.greenpeace.org\/static\/planet4-czech-republic-stateless\/2019\/05\/e32ab4d1-58779031_10157313428494777_7558183688295415808_n.jpg 960w, https:\/\/www.greenpeace.org\/static\/planet4-czech-republic-stateless\/2019\/05\/e32ab4d1-58779031_10157313428494777_7558183688295415808_n-150x150.jpg 150w, https:\/\/www.greenpeace.org\/static\/planet4-czech-republic-stateless\/2019\/05\/e32ab4d1-58779031_10157313428494777_7558183688295415808_n-300x300.jpg 300w, https:\/\/www.greenpeace.org\/static\/planet4-czech-republic-stateless\/2019\/05\/e32ab4d1-58779031_10157313428494777_7558183688295415808_n-768x768.jpg 768w, https:\/\/www.greenpeace.org\/static\/planet4-czech-republic-stateless\/2019\/05\/e32ab4d1-58779031_10157313428494777_7558183688295415808_n-340x340.jpg 340w\" sizes=\"auto, (max-width: 1063px) 100vw, 1063px\" \/><\/p>\n<p>Pr\u00e1v\u011b v New Yorku budou sv\u011btov\u00ed st\u00e1tn\u00edci p\u0159edstavovat nav\u00fd\u0161en\u00ed sv\u00fdch klimatick\u00fdch z\u00e1vazk\u016f. Pokud EU sv\u00e9 z\u00e1vazky nezv\u00fd\u0161\u00ed, bude jen t\u011b\u017eko o\u010dek\u00e1vateln\u00e9, \u017ee tak u\u010din\u00ed dal\u0161\u00ed sv\u011btov\u00ed l\u00edd\u0159i. St\u00e1vaj\u00edc\u00ed z\u00e1vazky by vedly k oteplen\u00ed o v\u00edce ne\u017e 3\u00b0C, co\u017e by m\u011blo katastrofick\u00fd dopad na \u017eivot na na\u0161\u00ed planet\u011b.<\/p>\n<p>Jan Freidinger z Greenpeace \u0159\u00edk\u00e1: \u201eKlima na\u0161\u00ed planet\u011b sp\u011bje k rozvratu, co\u017e bude m\u00edt nep\u0159edstaviteln\u00e9 d\u016fsledky pro planetu a budouc\u00ed generace. Mnoz\u00ed evrop\u0161t\u00ed st\u00e1tn\u00edci pochopili v\u00e1\u017enost situace a sna\u017e\u00ed se konat. Pro \u010cesko a premi\u00e9ra Babi\u0161e je budoucnost na\u0161\u00ed zem\u011b a mlad\u00fdch lid\u00ed zat\u00edm jen volebn\u00edm heslem na \u010depici. Sucha, po\u017e\u00e1ry, vlny veder \u010di ne\u00faroda jsou v\u0161ak realitou, kterou nezachr\u00e1n\u00ed hesla, ale \u010diny.\u201c<\/p>\n<p>Kate\u0159ina Davidov\u00e1 z Centra pro dopravu a energetiku \u0159\u00edk\u00e1: \u201cVl\u00e1da se zakl\u00edn\u00e1 konkurenceschopnost\u00ed pr\u016fmyslu, ale ve skute\u010dnosti n\u00e1m uj\u00ed\u017ed\u00ed vlak. Odklon od uhl\u00ed, masivn\u00ed rozvoj obnoviteln\u00fdch zdroj\u016f a \u00faspor energie a s\u00e1zka na technologie \u010dist\u00e9 mobility jsou v\u0161echno odv\u011btv\u00edmi budouc\u00ed konkurenceschopnosti. Jako mal\u00e1 otev\u0159en\u00e1 ekonomika v dynamick\u00e9m sv\u011bt\u011b nez\u00edsk\u00e1me konkurenceschopnost utvrzov\u00e1n\u00edm se ve statu quo, ale sp\u00ed\u0161 rychl\u00fdm pohybem vp\u0159ed.\u201d<\/p>\n<div class=\"EmptyMessage\">Block content is empty. Check the block&#8217;s settings or remove it.<\/div>","protected":false},"excerpt":{"rendered":"<p>\u010cesko su\u017euje nev\u00eddan\u00e9 sucho, \u00faroda m\u016f\u017ee b\u00fdt o des\u00edtky procent ni\u017e\u0161\u00ed, vysychaj\u00ed studny, hroz\u00ed po\u017e\u00e1ry, nen\u00ed \u010d\u00edm krmit dobytek. Dopady zm\u011bn klimatu poci\u0165ujeme st\u00e1le siln\u011bji, p\u0159esto dnes \u010cesko nepodpo\u0159ilo v\u00fdzvu&hellip;<\/p>\n","protected":false},"author":29,"featured_media":3353,"comment_status":"open","ping_status":"closed","sticky":false,"template":"","format":"standard","meta":{"ep_exclude_from_search":false,"p4_og_title":"","p4_og_description":"","p4_og_image":"","p4_og_image_id":"","p4_seo_canonical_url":"","p4_campaign_name":"","p4_local_project":"","p4_basket_name":"","p4_department":"","footnotes":""},"categories":[2],"tags":[20],"p4-page-type":[14],"class_list":["post-3351","post","type-post","status-publish","format-standard","has-post-thumbnail","hentry","category-priroda","tag-zmena-klimatu","p4-page-type-tiskova-zprava"],"_links":{"self":[{"href":"https:\/\/www.greenpeace.org\/czech\/wp-json\/wp\/v2\/posts\/3351","targetHints":{"allow":["GET"]}}],"collection":[{"href":"https:\/\/www.greenpeace.org\/czech\/wp-json\/wp\/v2\/posts"}],"about":[{"href":"https:\/\/www.greenpeace.org\/czech\/wp-json\/wp\/v2\/types\/post"}],"author":[{"embeddable":true,"href":"https:\/\/www.greenpeace.org\/czech\/wp-json\/wp\/v2\/users\/29"}],"replies":[{"embeddable":true,"href":"https:\/\/www.greenpeace.org\/czech\/wp-json\/wp\/v2\/comments?post=3351"}],"version-history":[{"count":3,"href":"https:\/\/www.greenpeace.org\/czech\/wp-json\/wp\/v2\/posts\/3351\/revisions"}],"predecessor-version":[{"id":15713,"href":"https:\/\/www.greenpeace.org\/czech\/wp-json\/wp\/v2\/posts\/3351\/revisions\/15713"}],"wp:featuredmedia":[{"embeddable":true,"href":"https:\/\/www.greenpeace.org\/czech\/wp-json\/wp\/v2\/media\/3353"}],"wp:attachment":[{"href":"https:\/\/www.greenpeace.org\/czech\/wp-json\/wp\/v2\/media?parent=3351"}],"wp:term":[{"taxonomy":"category","embeddable":true,"href":"https:\/\/www.greenpeace.org\/czech\/wp-json\/wp\/v2\/categories?post=3351"},{"taxonomy":"post_tag","embeddable":true,"href":"https:\/\/www.greenpeace.org\/czech\/wp-json\/wp\/v2\/tags?post=3351"},{"taxonomy":"p4-page-type","embeddable":true,"href":"https:\/\/www.greenpeace.org\/czech\/wp-json\/wp\/v2\/p4-page-type?post=3351"}],"curies":[{"name":"wp","href":"https:\/\/api.w.org\/{rel}","templated":true}]}}