{"id":3458,"date":"2019-05-24T23:09:54","date_gmt":"2019-05-24T21:09:54","guid":{"rendered":"https:\/\/master.k8s.p4.greenpeace.org\/czech\/?p=3458"},"modified":"2021-12-01T13:32:29","modified_gmt":"2021-12-01T12:32:29","slug":"studenti-stavkovali-jiz-potreti-tentokrat-varovali-pred-dalsim-provozem-elektrarny-pocerady","status":"publish","type":"post","link":"https:\/\/www.greenpeace.org\/czech\/clanek\/3458\/studenti-stavkovali-jiz-potreti-tentokrat-varovali-pred-dalsim-provozem-elektrarny-pocerady\/","title":{"rendered":"Studenti st\u00e1vkovali ji\u017e pot\u0159et\u00ed. Tentokr\u00e1t varovali p\u0159ed dal\u0161\u00edm provozem elektr\u00e1rny Po\u010derady"},"content":{"rendered":"<p><strong>T\u0159et\u00ed studentsk\u00e1 st\u00e1vka za klima se konala ve v\u00edce ne\u017e 15 m\u011bstech v \u010cesk\u00e9 Republice, op\u011bt se j\u00ed z\u00fa\u010dastnily tis\u00edce student\u016f. Tentokr\u00e1t studenti vyzvali lidi, aby \u0161li volit do Evropsk\u00e9ho parlamentu a vyb\u00edrali strany, kter\u00e9 cht\u011bj\u00ed \u0159e\u0161it zm\u011bny klimatu a omezovat mno\u017estv\u00ed sklen\u00edkov\u00fdch plyn\u016f vypou\u0161t\u011bn\u00fdch do atmosf\u00e9ry.\u00a0\u00a0<\/strong><\/p>\n<p>Zm\u00ednili tak\u00e9 hrozbu odprodeje star\u00e9 a ne\u00fa\u010dinn\u00e9 uheln\u00e9 elektr\u00e1rny Po\u010derady podnikateli Tyka\u010dovi. \u201eUheln\u00e1 elektr\u00e1rna Po\u010derady, kter\u00e1 p\u0159edstavuje jednoho z nejv\u011bt\u0161\u00edch zne\u010di\u0161\u0165ovatel\u016f \u017eivotn\u00edho prost\u0159ed\u00ed u n\u00e1s, vypust\u00ed ro\u010dn\u011b do ovzdu\u0161\u00ed skoro stejn\u00e9 mno\u017estv\u00ed CO2, jako v\u0161echna n\u00e1kladn\u00ed vozidla v \u010cR. Tato elektr\u00e1rna je velmi ne\u00fa\u010dinn\u00e1. To znamen\u00e1, \u017ee z 10 tun sp\u00e1len\u00e9ho uhl\u00ed za minutu sp\u00e1l\u00ed 6,5 tun zbyte\u010dn\u011b. A ze zbyl\u00fdch 3,5 tun se vyrob\u00ed elekt\u0159ina na v\u00fdvoz,\u201d prohl\u00e1sila \u0161estn\u00e1ctilet\u00e1 mlu\u010d\u00ed Fridays For Future Anna Lozsi.<\/p>\n<p>&nbsp;<\/p>\n\n\t\t<style type=\"text\/css\">\n\t\t\t#gallery-1 {\n\t\t\t\tmargin: auto;\n\t\t\t}\n\t\t\t#gallery-1 .gallery-item {\n\t\t\t\tfloat: left;\n\t\t\t\tmargin-top: 10px;\n\t\t\t\ttext-align: center;\n\t\t\t\twidth: 33%;\n\t\t\t}\n\t\t\t#gallery-1 img {\n\t\t\t\tborder: 2px solid #cfcfcf;\n\t\t\t}\n\t\t\t#gallery-1 .gallery-caption {\n\t\t\t\tmargin-left: 0;\n\t\t\t}\n\t\t\t\/* see gallery_shortcode() in wp-includes\/media.php *\/\n\t\t<\/style>\n\t\t<div id='gallery-1' class='gallery galleryid-3458 gallery-columns-3 gallery-size-thumbnail'><dl class='gallery-item'>\n\t\t\t<dt class='gallery-icon landscape'>\n\t\t\t\t<a href='https:\/\/www.greenpeace.org\/czech\/fridays-for-future-student-demonstration-in-prague\/'><img loading=\"lazy\" decoding=\"async\" width=\"150\" height=\"150\" src=\"https:\/\/www.greenpeace.org\/static\/planet4-czech-republic-stateless\/2019\/05\/67171322-gp0sttcyz-150x150.jpg\" class=\"attachment-thumbnail size-thumbnail wp-stateless-item\" alt=\"Fridays for Future Student Demonstration in Prague. \u00a9 Petr Zewlakk Vrabec \/ Greenpeace\" aria-describedby=\"gallery-1-3460\" data-image-size=\"thumbnail\" data-stateless-media-bucket=\"planet4-czech-republic-stateless\" data-stateless-media-name=\"2019\/05\/67171322-gp0sttcyz.jpg\" \/><\/a>\n\t\t\t<\/dt>\n\t\t\t\t<dd class='wp-caption-text gallery-caption' id='gallery-1-3460'>\n\t\t\t\tStudentsk\u00e1 st\u00e1vka v Praze\n\t\t\t\t<\/dd><\/dl><dl class='gallery-item'>\n\t\t\t<dt class='gallery-icon landscape'>\n\t\t\t\t<a href='https:\/\/www.greenpeace.org\/czech\/clanek\/3499\/jake-bude-klima-v-cr-nadeje-jmenem-rcm-2-6\/fridays-for-future-student-demonstration-in-prague-4\/'><img loading=\"lazy\" decoding=\"async\" width=\"150\" height=\"150\" src=\"https:\/\/www.greenpeace.org\/static\/planet4-czech-republic-stateless\/2019\/05\/d662b377-gp0sttcyv-150x150.jpg\" class=\"attachment-thumbnail size-thumbnail wp-stateless-item\" alt=\"Fridays for Future Student Demonstration in Prague. \u00a9 Petr Zewlakk Vrabec \/ Greenpeace\" aria-describedby=\"gallery-1-3468\" data-image-size=\"thumbnail\" data-stateless-media-bucket=\"planet4-czech-republic-stateless\" data-stateless-media-name=\"2019\/05\/d662b377-gp0sttcyv.jpg\" \/><\/a>\n\t\t\t<\/dt>\n\t\t\t\t<dd class='wp-caption-text gallery-caption' id='gallery-1-3468'>\n\t\t\t\tStudentsk\u00e1 st\u00e1vka v Praze\n\t\t\t\t<\/dd><\/dl><dl class='gallery-item'>\n\t\t\t<dt class='gallery-icon landscape'>\n\t\t\t\t<a href='https:\/\/www.greenpeace.org\/czech\/fridays-for-future-students-demonstration-in-brno\/'><img loading=\"lazy\" decoding=\"async\" width=\"150\" height=\"150\" src=\"https:\/\/www.greenpeace.org\/static\/planet4-czech-republic-stateless\/2019\/05\/4bfd1b48-gp0sttd2z-150x150.jpg\" class=\"attachment-thumbnail size-thumbnail wp-stateless-item\" alt=\"Fridays for Future Students Demonstration in Brno. \u00a9 Majda Sl\u00e1mov\u00e1 \/ Greenpeace\" aria-describedby=\"gallery-1-3464\" data-image-size=\"thumbnail\" data-stateless-media-bucket=\"planet4-czech-republic-stateless\" data-stateless-media-name=\"2019\/05\/4bfd1b48-gp0sttd2z.jpg\" \/><\/a>\n\t\t\t<\/dt>\n\t\t\t\t<dd class='wp-caption-text gallery-caption' id='gallery-1-3464'>\n\t\t\t\tStudentsk\u00e1 st\u00e1vka v Brn\u011b\n\t\t\t\t<\/dd><\/dl><br style=\"clear: both\" \/><dl class='gallery-item'>\n\t\t\t<dt class='gallery-icon landscape'>\n\t\t\t\t<a href='https:\/\/www.greenpeace.org\/czech\/clanek\/4168\/kdy-a-jak-se-pripojit-ke-studentske-stavce-za-klima-20-zari\/fridays-for-future-student-demonstration-in-prague-2\/'><img loading=\"lazy\" decoding=\"async\" width=\"150\" height=\"150\" src=\"https:\/\/www.greenpeace.org\/static\/planet4-czech-republic-stateless\/2019\/05\/2295a79f-gp0sttcyr-150x150.jpg\" class=\"attachment-thumbnail size-thumbnail wp-stateless-item\" alt=\"Fridays for Future Student Demonstration in Prague. \u00a9 Petr Zewlakk Vrabec \/ Greenpeace\" aria-describedby=\"gallery-1-3462\" data-image-size=\"thumbnail\" data-stateless-media-bucket=\"planet4-czech-republic-stateless\" data-stateless-media-name=\"2019\/05\/2295a79f-gp0sttcyr.jpg\" \/><\/a>\n\t\t\t<\/dt>\n\t\t\t\t<dd class='wp-caption-text gallery-caption' id='gallery-1-3462'>\n\t\t\t\tStudentsk\u00e1 st\u00e1vka v Praze\n\t\t\t\t<\/dd><\/dl><dl class='gallery-item'>\n\t\t\t<dt class='gallery-icon landscape'>\n\t\t\t\t<a href='https:\/\/www.greenpeace.org\/czech\/fridays-for-future-students-demonstration-in-brno-2\/'><img loading=\"lazy\" decoding=\"async\" width=\"150\" height=\"150\" src=\"https:\/\/www.greenpeace.org\/static\/planet4-czech-republic-stateless\/2019\/05\/7aa4eabb-gp0sttd1j-150x150.jpg\" class=\"attachment-thumbnail size-thumbnail wp-stateless-item\" alt=\"Fridays for Future Students Demonstration in Brno. \u00a9 Majda Sl\u00e1mov\u00e1 \/ Greenpeace\" aria-describedby=\"gallery-1-3470\" data-image-size=\"thumbnail\" data-stateless-media-bucket=\"planet4-czech-republic-stateless\" data-stateless-media-name=\"2019\/05\/7aa4eabb-gp0sttd1j.jpg\" \/><\/a>\n\t\t\t<\/dt>\n\t\t\t\t<dd class='wp-caption-text gallery-caption' id='gallery-1-3470'>\n\t\t\t\tStudentsk\u00e1 st\u00e1vka v Brn\u011b\n\t\t\t\t<\/dd><\/dl><dl class='gallery-item'>\n\t\t\t<dt class='gallery-icon landscape'>\n\t\t\t\t<a href='https:\/\/www.greenpeace.org\/czech\/fridays-for-future-student-demonstration-in-prague-3\/'><img loading=\"lazy\" decoding=\"async\" width=\"150\" height=\"150\" src=\"https:\/\/www.greenpeace.org\/static\/planet4-czech-republic-stateless\/2019\/05\/ea8f8bbe-gp0sttcyx-150x150.jpg\" class=\"attachment-thumbnail size-thumbnail wp-stateless-item\" alt=\"Fridays for Future Student Demonstration in Prague. \u00a9 Petr Zewlakk Vrabec \/ Greenpeace\" aria-describedby=\"gallery-1-3466\" data-image-size=\"thumbnail\" data-stateless-media-bucket=\"planet4-czech-republic-stateless\" data-stateless-media-name=\"2019\/05\/ea8f8bbe-gp0sttcyx.jpg\" \/><\/a>\n\t\t\t<\/dt>\n\t\t\t\t<dd class='wp-caption-text gallery-caption' id='gallery-1-3466'>\n\t\t\t\tStudentsk\u00e1 st\u00e1vka v Praze\n\t\t\t\t<\/dd><\/dl><br style=\"clear: both\" \/>\n\t\t<\/div>\n\n<p>Na st\u00e1vku studenti a studentky pozvali z\u00e1stupce poslaneck\u00fdch klub\u016f a dali jim n\u011bkolikaminutov\u00fd prostor, b\u011bhem kter\u00e9ho mohli p\u0159edstavit klimatickou politiku jejich strany. Sv\u00e9 z\u00e1stupce vyslali \u010dty\u0159i z dev\u00edti poslaneck\u00fdch klub\u016f. P\u016fvodn\u011b zvan\u00e9 poslance vyslali pouze Pir\u00e1ti, za kter\u00e9 na st\u00e1vce promluvila p\u0159edsedkyn\u011b v\u00fdboru pro \u017eivotn\u00ed prost\u0159ed\u00ed Dana Balcarov\u00e1. N\u011bkter\u00e9 strany m\u00edsto poslanc\u016f vyslali jin\u00e9 \u010dleny. Na st\u00e1vce tak promluvil pra\u017esk\u00fd radn\u00ed pro \u017eivotn\u00ed prost\u0159ed\u00ed Petr Hlubu\u010dek (STAN) a kandid\u00e1ti do Evropsk\u00e9ho parlamentu Franti\u0161ek Tal\u00ed\u0159 (KDU-\u010cSL) a Vojt\u011bch Vais (TOP09).<\/p>\n<p>Za poslaneck\u00e9 kluby, kter\u00e9 nevyslali sv\u00e9 z\u00e1stupce, dr\u017eeli studenti n\u011bkolik minut ticha.\u00a0 \u201eV \u010dase, kdy m\u011bli mluvit nep\u0159\u00edtomn\u00ed z\u00e1stupci poslaneck\u00fdch klub\u016f, jsme nechali ticho. To toti\u017e nejl\u00edp vyjad\u0159uje jejich z\u00e1jem o na\u0161i budoucnost a jejich z\u00e1jem o \u0159e\u0161en\u00ed klimatick\u00e9 krize,\u201d \u0159ekl \u0160t\u011bp\u00e1n Stolz, dal\u0161\u00ed z mluv\u010d\u00edch hnut\u00ed.<\/p>\n<p>Studenti tak\u00e9 svolali dal\u0161\u00ed st\u00e1vku na 7. \u010dervna. Podle slov organiz\u00e1tor\u016f jsou p\u0159ipraveni st\u00e1vkovat tak dlouho, jak to bude pot\u0159eba. Jeden z organiz\u00e1tor\u016f, Petr Doubravsk\u00fd uvedl: \u201eTenhle boj bude t\u011b\u017ek\u00fd. To co trvalo n\u011bkolik desetilet\u00ed mus\u00edme napravit b\u011bhem mnohem krat\u0161\u00edho \u010dasu. Bu\u010fme p\u0159ipraveni bojovat tak dlouho, jak to bude pot\u0159eba. Nep\u0159est\u00e1vejme, p\u0159itvrzujme. Je to budoucnost v\u0161ech a nikdo jin\u00fd ji nezachr\u00e1n\u00ed. \u201c<\/p>\n<div class=\"EmptyMessage\">Block content is empty. Check the block&#8217;s settings or remove it.<\/div>","protected":false},"excerpt":{"rendered":"<p>T\u0159et\u00ed studentsk\u00e1 st\u00e1vka za klima se konala ve v\u00edce ne\u017e 15 m\u011bstech v \u010cesk\u00e9 Republice, op\u011bt se j\u00ed z\u00fa\u010dastnily tis\u00edce student\u016f. Tentokr\u00e1t studenti vyzvali lidi, aby \u0161li volit do Evropsk\u00e9ho&hellip;<\/p>\n","protected":false},"author":27,"featured_media":3460,"comment_status":"open","ping_status":"closed","sticky":false,"template":"","format":"standard","meta":{"ep_exclude_from_search":false,"p4_og_title":"","p4_og_description":"","p4_og_image":"","p4_og_image_id":"","p4_seo_canonical_url":"","p4_campaign_name":"","p4_local_project":"","p4_basket_name":"","p4_department":"","footnotes":""},"categories":[4],"tags":[20,24,25],"p4-page-type":[16],"class_list":["post-3458","post","type-post","status-publish","format-standard","has-post-thumbnail","hentry","category-energeticka-revoluce","tag-zmena-klimatu","tag-aktivni-spolecnost","tag-konec-doby-fosilni","p4-page-type-clanek"],"_links":{"self":[{"href":"https:\/\/www.greenpeace.org\/czech\/wp-json\/wp\/v2\/posts\/3458","targetHints":{"allow":["GET"]}}],"collection":[{"href":"https:\/\/www.greenpeace.org\/czech\/wp-json\/wp\/v2\/posts"}],"about":[{"href":"https:\/\/www.greenpeace.org\/czech\/wp-json\/wp\/v2\/types\/post"}],"author":[{"embeddable":true,"href":"https:\/\/www.greenpeace.org\/czech\/wp-json\/wp\/v2\/users\/27"}],"replies":[{"embeddable":true,"href":"https:\/\/www.greenpeace.org\/czech\/wp-json\/wp\/v2\/comments?post=3458"}],"version-history":[{"count":5,"href":"https:\/\/www.greenpeace.org\/czech\/wp-json\/wp\/v2\/posts\/3458\/revisions"}],"predecessor-version":[{"id":15707,"href":"https:\/\/www.greenpeace.org\/czech\/wp-json\/wp\/v2\/posts\/3458\/revisions\/15707"}],"wp:featuredmedia":[{"embeddable":true,"href":"https:\/\/www.greenpeace.org\/czech\/wp-json\/wp\/v2\/media\/3460"}],"wp:attachment":[{"href":"https:\/\/www.greenpeace.org\/czech\/wp-json\/wp\/v2\/media?parent=3458"}],"wp:term":[{"taxonomy":"category","embeddable":true,"href":"https:\/\/www.greenpeace.org\/czech\/wp-json\/wp\/v2\/categories?post=3458"},{"taxonomy":"post_tag","embeddable":true,"href":"https:\/\/www.greenpeace.org\/czech\/wp-json\/wp\/v2\/tags?post=3458"},{"taxonomy":"p4-page-type","embeddable":true,"href":"https:\/\/www.greenpeace.org\/czech\/wp-json\/wp\/v2\/p4-page-type?post=3458"}],"curies":[{"name":"wp","href":"https:\/\/api.w.org\/{rel}","templated":true}]}}