{"id":3522,"date":"2019-06-04T10:41:06","date_gmt":"2019-06-04T08:41:06","guid":{"rendered":"https:\/\/master.k8s.p4.greenpeace.org\/czech\/?p=3522"},"modified":"2019-11-06T10:37:43","modified_gmt":"2019-11-06T08:37:43","slug":"hrozi-zdenek-bakala-cislo-2-pavel-tykac-snizuje-mzdy-ve-vrsanske-uhelne-a-vysava-miliardy-zdimat-chce-i-vysoce-ziskovou-elektrarnu-pocerady","status":"publish","type":"post","link":"https:\/\/www.greenpeace.org\/czech\/tiskova-analyza\/3522\/hrozi-zdenek-bakala-cislo-2-pavel-tykac-snizuje-mzdy-ve-vrsanske-uhelne-a-vysava-miliardy-zdimat-chce-i-vysoce-ziskovou-elektrarnu-pocerady\/","title":{"rendered":"Hroz\u00ed Zden\u011bk Bakala \u010d\u00edslo 2? Pavel Tyka\u010d sni\u017euje mzdy ve Vr\u0161ansk\u00e9 uheln\u00e9 a vys\u00e1v\u00e1 miliardy. \u017dd\u00edmat chce i vysoce ziskovou elektr\u00e1rnu Po\u010derady"},"content":{"rendered":"<p><strong>Ve firm\u011b Vr\u0161ansk\u00e1 uheln\u00e1 vlastn\u011bn\u00e9 Pavlem Tyka\u010dem kles\u00e1 ka\u017ed\u00fd rok pr\u016fm\u011brn\u00e1 mzda. V roce 2017 (z n\u011bj\u017e jsou k dispozici nejnov\u011bj\u0161\u00ed \u00fadaje) byla ji\u017e o 1 700 korun ni\u017e\u0161\u00ed ne\u017e v roce 2014 [1]. Za stejn\u00e9 obdob\u00ed vyplatila firma sv\u00e9mu majiteli rekordn\u00ed \u010d\u00e1stku 7,85 miliardy korun na dividend\u00e1ch. St\u00e1t v tomto obdob\u00ed dostal na poplatku z vydobyt\u00e9ho uhl\u00ed pouze 0,24 miliardy korun [2]. Vypl\u00fdv\u00e1 to ze zve\u0159ejn\u011bn\u00fdch v\u00fdro\u010dn\u00edch zpr\u00e1v spole\u010dnosti.<\/strong><\/p>\n<p>Vr\u0161ansk\u00e1 uheln\u00e1 je \u010d\u00e1st b\u00fdval\u00e9 Mosteck\u00e9 uheln\u00e9 spole\u010dnosti. Jej\u00ed p\u0159echod do soukrom\u00fdch rukou uhlobaron\u016f byl pro st\u00e1t velmi nev\u00fdhodn\u00fd a dodnes ho \u0159e\u0161\u00ed \u010desk\u00e9 soudy. Nyn\u00ed Pavel Tyka\u010d usiluje o p\u0159evzet\u00ed nejv\u011bt\u0161\u00ed \u010desk\u00e9 uheln\u00e9 elektr\u00e1rny v Po\u010deradech od v\u011bt\u0161inov\u011b st\u00e1tn\u00edho \u010cEZu. Elektr\u00e1rna kupuje uhl\u00ed pr\u00e1v\u011b od Vr\u0161ansk\u00e9 uheln\u00e9, kter\u00e1 by ji m\u011bla p\u0159evz\u00edt. Jedn\u00e1 se o dal\u0161\u00ed vysoce ziskov\u00fd podnik &#8211; za posledn\u00ed t\u0159i zdokumentovan\u00e9 roky (2015-2017) byl \u010dist\u00fd zisk v sou\u010dtu 1 miliardu korun [3].<\/p>\n<div id=\"attachment_2197\" style=\"width: 1067px\" class=\"wp-caption alignnone\"><img loading=\"lazy\" decoding=\"async\" aria-describedby=\"caption-attachment-2197\" class=\" wp-image-2197\" src=\"https:\/\/www.greenpeace.org\/static\/planet4-czech-republic-stateless\/2018\/12\/3b879eed-poceradyelektrarna.jpg\" alt=\"\" width=\"1057\" height=\"793\" srcset=\"https:\/\/www.greenpeace.org\/static\/planet4-czech-republic-stateless\/2018\/12\/3b879eed-poceradyelektrarna.jpg 800w, https:\/\/www.greenpeace.org\/static\/planet4-czech-republic-stateless\/2018\/12\/3b879eed-poceradyelektrarna-300x225.jpg 300w, https:\/\/www.greenpeace.org\/static\/planet4-czech-republic-stateless\/2018\/12\/3b879eed-poceradyelektrarna-768x576.jpg 768w, https:\/\/www.greenpeace.org\/static\/planet4-czech-republic-stateless\/2018\/12\/3b879eed-poceradyelektrarna-453x340.jpg 453w\" sizes=\"auto, (max-width: 1057px) 100vw, 1057px\" \/><p id=\"caption-attachment-2197\" class=\"wp-caption-text\">Elektr\u00e1rna Po\u010derady je jednou z nejho\u0161\u00edch v \u010cesk\u00e9 republice, co se t\u00fd\u010de emis\u00ed i energetick\u00e9 \u00fa\u010dinnosti.<\/p><\/div>\n<p>Spojen\u00edm velkolomu, kter\u00fd m\u00e1 t\u011b\u017ebu povolenou a\u017e do roku 2052, a nedalek\u00e9 uheln\u00e9 elektr\u00e1rny se odliv pen\u011bz do da\u0148ov\u00e9ho r\u00e1je na Kypru (kde s\u00eddl\u00ed mate\u0159sk\u00e1 spole\u010dnost vlastn\u00edc\u00ed Vr\u0161anskou uhelnou) nejen pos\u00edl\u00ed, ale tak\u00e9 tak\u00e9 prodlou\u017e\u00ed na des\u00edtky let. P\u0159\u00edklad OKD a jej\u00edho n\u011bkdej\u0161\u00edho majitele Zde\u0148ka Bakaly ukazuje, \u017ee je pot\u0159eba zas\u00e1hnout v\u010das a zabr\u00e1nit nadm\u011brn\u00fdm \u00fanik\u016fm financ\u00ed z uheln\u00fdch firem.<\/p>\n<p>Hnut\u00ed DUHA a Greenpeace ned\u00e1vno upozornily, \u017ee prodej uheln\u00e9 elektr\u00e1rny \u010cEZ Po\u010derady kontroverzn\u00edmu podnikateli Pavlu Tyka\u010dovi a jej\u00ed dal\u0161\u00ed dlouhodob\u00fd provoz by rozvr\u00e1til klimatickou i energetickou strategii st\u00e1tu [4]. Proti prodeji se postavily v\u00fdznamn\u00e9 \u010desk\u00e9 osobnosti &#8211; nap\u0159\u00edklad n\u011bkdej\u0161\u00ed premi\u00e9\u0159i Petr Pithart \u010di Vladim\u00edr \u0160pidla, mosteck\u00e1 l\u00e9ka\u0159ka a sen\u00e1torka Alena Dernerov\u00e1, prim\u00e1\u0159 d\u011btsk\u00e9ho odd\u011blen\u00ed \u017eateck\u00e9 nemocnice Ji\u0159\u00ed Biolek, \u0159editel \u00dastavu v\u00fdzkumu glob\u00e1ln\u00ed zm\u011bny AV \u010cR Michal V. Marek, zn\u00e1m\u00e1 sociolo\u017eka Ji\u0159ina \u0160iklov\u00e1 \u010di b\u00fdval\u00ed minist\u0159i \u017eivotn\u00edho prost\u0159ed\u00ed Bed\u0159ich Moldan, Ladislav Miko, Libor Ambrozek a Martin Burs\u00edk, p\u0159edn\u00ed expertka na hodnocen\u00ed zdravotn\u00edch rizik a l\u00e9ka\u0159ka Eva Rychl\u00edkov\u00e1 a dal\u0161\u00edch v\u00edce ne\u017e pades\u00e1t uzn\u00e1van\u00fdch\u00a0 p\u0159edstavitel\u016f a p\u0159edstavitelek medic\u00edny, v\u011bdy, um\u011bn\u00ed a lok\u00e1ln\u00ed i celost\u00e1tn\u00ed politiky [5].<\/p>\n<p>K v\u00fdzv\u011b osobnost\u00ed se z\u00e1rove\u0148 p\u0159ipojuj\u00ed lid\u00e9 na str\u00e1nce: <a href=\"http:\/\/www.smradzpocerad.cz\/\"><strong>www.smradzpocerad.cz<\/strong><\/a>, k dne\u0161n\u00edmu dni jich je u\u017e t\u00e9m\u011b\u0159 4100.<\/p>\n<p><strong>Ji\u0159\u00ed Ko\u017eelouh, programov\u00fd \u0159editel Hnut\u00ed DUHA, \u0159ekl:<br \/>\n<\/strong><em>\u201c\u00datlum uhl\u00ed mus\u00ed b\u00fdt rychl\u00fd a soci\u00e1ln\u011b ohledupln\u00fd, Pavel Tyka\u010d v\u0161ak ukazuje, \u017ee v jeho re\u017eii bude dlouh\u00fd a bolestn\u00fd pro st\u00e1t i zam\u011bstnance. Od st\u00e1tu z\u00edskan\u00e9 firmy jsou pro n\u011bj jen zdrojem financ\u00ed, a kdy\u017e m\u016f\u017ee u\u0161et\u0159it na horn\u00edc\u00edch, tak to bez mrknut\u00ed oka d\u011bl\u00e1 a sni\u017euje jim mzdy. Spojen\u00edm velkolomu s t\u011b\u017ebou povolenou do roku 2052 a uheln\u00e9 elektr\u00e1rny k p\u00e1len\u00ed uhl\u00ed by pak Pavel Tyka\u010d z\u00edskal poh\u00e1dkov\u00fd pen\u011bzovod na sv\u00e1 konta v da\u0148ov\u00e9m r\u00e1ji. P\u0159\u00edklad OKD a Zde\u0148ka Bakaly je douf\u00e1m dostate\u010dn\u011b odstra\u0161uj\u00edc\u00ed, aby si st\u00e1t ud\u011blal v\u0161echno proti jeho zopakov\u00e1n\u00ed.\u201d<\/em><\/p>\n<p><strong>Luk\u00e1\u0161 Hr\u00e1bek, tiskov\u00fd mluv\u010d\u00ed Greenpeace \u010cR, \u0159\u00edk\u00e1:<br \/>\n<\/strong><em>\u201cEkologick\u00e9 organizace upozor\u0148ovaly p\u0159edem na p\u0159ep\u00e1lenou podporu sol\u00e1ln\u00edm park\u016fm i nedomy\u0161len\u00e9 povinn\u00e9 p\u0159im\u00edch\u00e1v\u00e1n\u00ed biopaliv do pohonn\u00fdch hmot. V\u00fdvoj n\u00e1m dal v\u017edy za pravdu. Nyn\u00ed op\u011bt p\u0159ich\u00e1z\u00edme s varov\u00e1n\u00edm, kter\u00e9 je podlo\u017een\u00e9 fakty.. Pavlu Tyka\u010dovi nejde o blaho zam\u011bstnanc\u016f \u010di uheln\u00fdch region\u016f, jde mu jen o maximalizaci zisku. Ze sv\u00fdch firem \u017ed\u00edm\u00e1 dividendy a d\u00e1 se p\u0159edpokl\u00e1dat, \u017ee stejn\u00fd osud by v p\u0159\u00edpad\u011b prodeje \u010dekal i zastaralou uhelnou elektr\u00e1rnu Po\u010derady.\u201d<\/em><\/p>\n<p>&nbsp;<\/p>\n<p>[1] Ve\u0159ejn\u00fd rejst\u0159\u00edk a Sb\u00edrka listin: <a href=\"https:\/\/or.justice.cz\/ias\/ui\/vypis-sl-firma?subjektId=25061\">https:\/\/or.justice.cz\/ias\/ui\/vypis-sl-firma?subjektId=25061<\/a><\/p>\n<p>Pr\u016fm\u011brn\u00e1 mzda dle v\u00fdro\u010dn\u00edch zpr\u00e1v za p\u0159\u00edslu\u0161n\u00e9 roky:<\/p>\n<p>2014: 31 348 K\u010d<\/p>\n<p>2015: 30 998 K\u010d<\/p>\n<p>2016: 29 848 K\u010d<\/p>\n<p>2017: 29 644 K\u010d<\/p>\n<p>&nbsp;<\/p>\n<p>[2] Shrnut\u00ed anal\u00fdzy v\u00fdro\u010dn\u00edch zpr\u00e1v: \u00a0<a href=\"http:\/\/www.hnutiduha.cz\/publikace\/shrnuti-analyzy-vyrocnich-zprav-ceskych-hnedouhelnych-spolecnosti-2009-2017\">http:\/\/www.hnutiduha.cz\/publikace\/shrnuti-analyzy-vyrocnich-zprav-ceskych-hnedouhelnych-spolecnosti-2009-2017<\/a><\/p>\n<p>&nbsp;<\/p>\n<p>[3] <a href=\"https:\/\/or.justice.cz\/ias\/ui\/vypis-sl-detail?dokument=53644518&amp;subjektId=669957&amp;spis=88814\">https:\/\/or.justice.cz\/ias\/ui\/vypis-sl-detail?dokument=53644518&amp;subjektId=669957&amp;spis=88814<\/a><\/p>\n<p>&nbsp;<\/p>\n<p>[4] <a href=\"http:\/\/hnutiduha.cz\/aktualne\/elektrarna-pocerady-spali-10-tun-uhli-za-minutu-65-proleti-kominem-zbytek-jde-na-vyvoz\">http:\/\/hnutiduha.cz\/aktualne\/elektrarna-pocerady-spali-10-tun-uhli-za-minutu-65-proleti-kominem-zbytek-jde-na-vyvoz<\/a><\/p>\n<p>&nbsp;<\/p>\n<p>[5] <a href=\"http:\/\/hnutiduha.cz\/sites\/default\/files\/publikace\/2019\/05\/vyzva_vlade_a_dr_cez_neprodavejte_pocerady_2019_2.pdf\">http:\/\/hnutiduha.cz\/sites\/default\/files\/publikace\/2019\/05\/vyzva_vlade_a_dr_cez_neprodavejte_pocerady_2019_2.pdf<\/a><\/p>\n","protected":false},"excerpt":{"rendered":"<p>Ve firm\u011b Vr\u0161ansk\u00e1 uheln\u00e1 vlastn\u011bn\u00e9 Pavlem Tyka\u010dem kles\u00e1 ka\u017ed\u00fd rok pr\u016fm\u011brn\u00e1 mzda. V roce 2017 (z n\u011bj\u017e jsou k dispozici nejnov\u011bj\u0161\u00ed \u00fadaje) byla ji\u017e o 1 700 korun ni\u017e\u0161\u00ed ne\u017e&hellip;<\/p>\n","protected":false},"author":29,"featured_media":2197,"comment_status":"open","ping_status":"closed","sticky":false,"template":"","format":"standard","meta":{"ep_exclude_from_search":false,"p4_og_title":"","p4_og_description":"","p4_og_image":"","p4_og_image_id":"","p4_seo_canonical_url":"","p4_campaign_name":"","p4_local_project":"","p4_basket_name":"","p4_department":"","footnotes":""},"categories":[4],"tags":[25],"p4-page-type":[33],"class_list":["post-3522","post","type-post","status-publish","format-standard","has-post-thumbnail","hentry","category-energeticka-revoluce","tag-konec-doby-fosilni","p4-page-type-tiskova-analyza"],"_links":{"self":[{"href":"https:\/\/www.greenpeace.org\/czech\/wp-json\/wp\/v2\/posts\/3522","targetHints":{"allow":["GET"]}}],"collection":[{"href":"https:\/\/www.greenpeace.org\/czech\/wp-json\/wp\/v2\/posts"}],"about":[{"href":"https:\/\/www.greenpeace.org\/czech\/wp-json\/wp\/v2\/types\/post"}],"author":[{"embeddable":true,"href":"https:\/\/www.greenpeace.org\/czech\/wp-json\/wp\/v2\/users\/29"}],"replies":[{"embeddable":true,"href":"https:\/\/www.greenpeace.org\/czech\/wp-json\/wp\/v2\/comments?post=3522"}],"version-history":[{"count":4,"href":"https:\/\/www.greenpeace.org\/czech\/wp-json\/wp\/v2\/posts\/3522\/revisions"}],"predecessor-version":[{"id":3527,"href":"https:\/\/www.greenpeace.org\/czech\/wp-json\/wp\/v2\/posts\/3522\/revisions\/3527"}],"wp:featuredmedia":[{"embeddable":true,"href":"https:\/\/www.greenpeace.org\/czech\/wp-json\/wp\/v2\/media\/2197"}],"wp:attachment":[{"href":"https:\/\/www.greenpeace.org\/czech\/wp-json\/wp\/v2\/media?parent=3522"}],"wp:term":[{"taxonomy":"category","embeddable":true,"href":"https:\/\/www.greenpeace.org\/czech\/wp-json\/wp\/v2\/categories?post=3522"},{"taxonomy":"post_tag","embeddable":true,"href":"https:\/\/www.greenpeace.org\/czech\/wp-json\/wp\/v2\/tags?post=3522"},{"taxonomy":"p4-page-type","embeddable":true,"href":"https:\/\/www.greenpeace.org\/czech\/wp-json\/wp\/v2\/p4-page-type?post=3522"}],"curies":[{"name":"wp","href":"https:\/\/api.w.org\/{rel}","templated":true}]}}