{"id":3638,"date":"2019-06-21T14:55:28","date_gmt":"2019-06-21T12:55:28","guid":{"rendered":"https:\/\/master.k8s.p4.greenpeace.org\/czech\/?p=3638"},"modified":"2021-12-01T13:32:26","modified_gmt":"2021-12-01T12:32:26","slug":"zacina-nova-kampan-mas-na-min","status":"publish","type":"post","link":"https:\/\/www.greenpeace.org\/czech\/clanek\/3638\/zacina-nova-kampan-mas-na-min\/","title":{"rendered":"Za\u010d\u00edn\u00e1 nov\u00e1 kampa\u0148 M\u00e1\u0161 na m\u00ed\u0148"},"content":{"rendered":"<p><b>Z p\u0159\u00edrody si bereme v\u00edce, ne\u017e je schopna produkovat a obnovovat. <\/b><b>Na\u0161e glob\u00e1ln\u00ed spot\u0159eba roste tak, \u017ee kdyby v\u0161ichni spot\u0159ebov\u00e1vali tolik, jako pr\u016fm\u011brn\u00fd ob\u010dan Evropsk\u00e9 Unie, pot\u0159ebovali bychom zdroje v kapacit\u011b 2,8 planety. <\/b><\/p>\n<p><span style=\"font-weight: 400;\">N\u00e1\u0161 konzumn\u00ed \u017eivotn\u00ed styl je dlouhodob\u011b neudr\u017eiteln\u00fd. <\/span><span style=\"font-weight: 400;\">\u00a0Nejen, \u017ee si z p\u0159\u00edrody bereme v\u00edce, ne\u017e je n\u00e1m schopn\u00e1 d\u00e1t, z\u00e1rove\u0148 ale<\/span><span style=\"font-weight: 400;\"> produkujeme obrovsk\u00e9 mno\u017estv\u00ed odpad\u016f, kter\u00e9 nezvl\u00e1dneme zpracovat. Nap\u0159\u00edklad plastov\u00e9ho odpadu jsme od pades\u00e1t\u00fdch letech vyprodukovali p\u0159es 7 miliard tun, v\u011bt\u0161inu z toho v posledn\u00edch patn\u00e1cti letech. Zrecyklov\u00e1no bylo minimum, v\u011bt\u0161ina odpadu skon\u010dila na skl\u00e1dk\u00e1ch, v p\u0159\u00edrod\u011b, v oce\u00e1nech, nebo prolet\u011bla kom\u00ednem spalovny. D\u011bsiv\u00e9 je, \u017ee n\u00e1m v\u011bt\u0161ina t\u011bchto plast\u016f poslou\u017eila pouze jednou. <\/span><\/p>\n<p><span style=\"font-weight: 400;\">P\u0159\u00edklad\u016f na\u0161\u00ed bezb\u0159eh\u00e9 posedlosti spot\u0159ebou a konzumem je ale mnohem v\u00edce. M\u016f\u017eeme se bavit nap\u0159\u00edklad o obrovsk\u00e9 nadprodukci levn\u00e9 a nekvalitn\u00ed m\u00f3dy, dramatick\u00e9m poklesu sv\u011btov\u00e9 biodiverzity nebo t\u0159eba masivn\u00edmu k\u00e1cen\u00ed Amazonsk\u00e9ho pralesa v d\u016fsledku zv\u00fd\u0161en\u00e9 popt\u00e1vky po krmn\u00e9 s\u00f3je pro chov dobytka. Pod tlakem reklamy tak\u00e9 st\u00e1le v\u00edce a \u010dast\u011bji nakupujeme a z\u00e1rove\u0148 n\u00e1m produkty slou\u017e\u00ed krat\u0161\u00ed dobu. <\/span><span style=\"font-weight: 400;\">\u017d<\/span><span style=\"font-weight: 400;\">ijeme na dluh, kter\u00fd za n\u00e1s zaplat\u00ed p\u0159\u00ed\u0161t\u00ed generace. <\/span><\/p>\n<p><span style=\"font-weight: 400;\">V kampani M\u00e1\u0161 na m\u00ed\u0148 to spole\u010dn\u011b m\u016f\u017eeme zm\u011bnit. Za\u010dneme u sebe, ke zm\u011bn\u011b budeme ale vyz\u00fdvat i sv\u00e9 okol\u00ed, firmy a politiky. Kampa\u0148 bude rozd\u011blena do n\u011bkolika etap, ka\u017ed\u00e1 z nich se bude soust\u0159edit na jedno konkr\u00e9tn\u00ed t\u00e9ma. Spole\u010dn\u011b se zasad\u00edme o sn\u00ed\u017een\u00ed negativn\u00edch dopad\u016f produkce potravin a jejich pl\u00fdtv\u00e1n\u00ed, udr\u017eitelnou elekt\u0159inu dostupnou v\u0161em, sn\u00ed\u017een\u00ed produkce zbyte\u010dn\u00fdch jednor\u00e1zov\u00fdch v\u00fdrobk\u016f a obal\u016f a udr\u017eitelnou n\u00e1kupn\u00ed politiku. Mus\u00edme se zm\u011bnit a moc \u010dasu n\u00e1m nezb\u00fdv\u00e1. P\u0159ipojte se k n\u00e1m na <\/span><a href=\"http:\/\/www.masnamin.cz\"><span style=\"font-weight: 400;\">www.masnamin.cz<\/span><\/a><span style=\"font-weight: 400;\">!<\/span><\/p>\n<div class=\"EmptyMessage\">Block content is empty. Check the block&#8217;s settings or remove it.<\/div>","protected":false},"excerpt":{"rendered":"<p>Z p\u0159\u00edrody si bereme v\u00edce, ne\u017e je schopna produkovat a obnovovat. Na\u0161e glob\u00e1ln\u00ed spot\u0159eba roste tak, \u017ee kdyby v\u0161ichni spot\u0159ebov\u00e1vali tolik, jako pr\u016fm\u011brn\u00fd ob\u010dan Evropsk\u00e9 Unie, pot\u0159ebovali bychom zdroje v&hellip;<\/p>\n","protected":false},"author":39,"featured_media":3631,"comment_status":"open","ping_status":"closed","sticky":false,"template":"","format":"standard","meta":{"ep_exclude_from_search":false,"p4_og_title":"","p4_og_description":"","p4_og_image":"","p4_og_image_id":"","p4_seo_canonical_url":"","p4_campaign_name":"","p4_local_project":"","p4_basket_name":"","p4_department":"","footnotes":""},"categories":[3],"tags":[22,24],"p4-page-type":[16],"class_list":["post-3638","post","type-post","status-publish","format-standard","has-post-thumbnail","hentry","category-nas-svet","tag-setrimeplanetu","tag-aktivni-spolecnost","p4-page-type-clanek"],"_links":{"self":[{"href":"https:\/\/www.greenpeace.org\/czech\/wp-json\/wp\/v2\/posts\/3638","targetHints":{"allow":["GET"]}}],"collection":[{"href":"https:\/\/www.greenpeace.org\/czech\/wp-json\/wp\/v2\/posts"}],"about":[{"href":"https:\/\/www.greenpeace.org\/czech\/wp-json\/wp\/v2\/types\/post"}],"author":[{"embeddable":true,"href":"https:\/\/www.greenpeace.org\/czech\/wp-json\/wp\/v2\/users\/39"}],"replies":[{"embeddable":true,"href":"https:\/\/www.greenpeace.org\/czech\/wp-json\/wp\/v2\/comments?post=3638"}],"version-history":[{"count":3,"href":"https:\/\/www.greenpeace.org\/czech\/wp-json\/wp\/v2\/posts\/3638\/revisions"}],"predecessor-version":[{"id":15699,"href":"https:\/\/www.greenpeace.org\/czech\/wp-json\/wp\/v2\/posts\/3638\/revisions\/15699"}],"wp:featuredmedia":[{"embeddable":true,"href":"https:\/\/www.greenpeace.org\/czech\/wp-json\/wp\/v2\/media\/3631"}],"wp:attachment":[{"href":"https:\/\/www.greenpeace.org\/czech\/wp-json\/wp\/v2\/media?parent=3638"}],"wp:term":[{"taxonomy":"category","embeddable":true,"href":"https:\/\/www.greenpeace.org\/czech\/wp-json\/wp\/v2\/categories?post=3638"},{"taxonomy":"post_tag","embeddable":true,"href":"https:\/\/www.greenpeace.org\/czech\/wp-json\/wp\/v2\/tags?post=3638"},{"taxonomy":"p4-page-type","embeddable":true,"href":"https:\/\/www.greenpeace.org\/czech\/wp-json\/wp\/v2\/p4-page-type?post=3638"}],"curies":[{"name":"wp","href":"https:\/\/api.w.org\/{rel}","templated":true}]}}