{"id":3692,"date":"2019-06-28T10:02:52","date_gmt":"2019-06-28T08:02:52","guid":{"rendered":"https:\/\/master.k8s.p4.greenpeace.org\/czech\/?p=3692"},"modified":"2019-11-06T10:37:40","modified_gmt":"2019-11-06T08:37:40","slug":"akce-na-valnych-hromadach-mohou-zachranit-prirodu-i-klima","status":"publish","type":"post","link":"https:\/\/www.greenpeace.org\/czech\/clanek\/3692\/akce-na-valnych-hromadach-mohou-zachranit-prirodu-i-klima\/","title":{"rendered":"Akce na valn\u00fdch hromad\u00e1ch mohou zachr\u00e1nit p\u0159\u00edrodu i klima"},"content":{"rendered":"<p><strong>Ve v\u011bt\u0161in\u011b obchodn\u00edch spole\u010dnost\u00ed se ti nejvy\u0161\u0161\u00ed \u0161\u00e9fov\u00e9 st\u00fdkaj\u00ed za zav\u0159en\u00fdmi dve\u0159mi, kde o v\u0161em rozhoduj\u00ed. D\u011blaj\u00ed si co cht\u011bj\u00ed a pokud maj\u00ed dostate\u010dn\u011b pasivn\u00ed \u010di ocho\u010denou dozor\u010d\u00ed radu, kter\u00e1 je automaticky podporuje, nikomu se vlastn\u011b nezodpov\u00eddaj\u00ed. Tohle plat\u00ed v\u017edy krom\u011b jednoho dne v roce. Dne, na kter\u00fd je svolan\u00e1 valn\u00e1 hromada firmy. Krom\u011b akcion\u00e1\u0159\u016f nespokojen\u00fdch s hospoda\u0159en\u00edm firem vyu\u017e\u00edvaj\u00ed v posledn\u00edch letech prostoru ke kritice chov\u00e1n\u00ed spole\u010dnost\u00ed i ekologi\u010dt\u00ed aktivist\u00e9. A jejich aktivity p\u0159in\u00e1\u0161ej\u00ed ovoce.<\/strong><\/p>\n<p><span style=\"font-weight: 400;\">Ob\u010das dokonce sta\u010d\u00ed happening p\u0159ed vchodem \u010di emotivn\u00ed proslov osoby posti\u017een\u00e9 bezohlednou podnikatelskou \u010dinnost\u00ed a mnoh\u00e9 firmy se za\u010d\u00ednaj\u00ed zab\u00fdvat v\u011bcmi, kter\u00e9 d\u0159\u00edve ignorovaly, za\u010d\u00ednaj\u00ed diskutovat o sv\u00e9m sm\u011b\u0159ov\u00e1n\u00ed \u010di m\u011bnit sv\u00e9 p\u0159edt\u00edm nem\u011bnn\u00e9 vnit\u0159n\u00ed politiky. To plat\u00ed p\u0159edev\u0161\u00edm o finan\u010dn\u00edm sektoru, kde banky a poji\u0161\u0165ovny \u010dasto netu\u0161\u00ed, jak\u00fdch nekalost\u00ed se dopou\u0161t\u011bj\u00ed jejich klienti. Pro poji\u0161\u0165ovny pak hraje roli i fakt, \u017ee jejich klienti, kte\u0159\u00ed spaluj\u00ed fosiln\u00ed paliva, a prohlubuj\u00ed tak zm\u011bny klimatu, jim kv\u016fli \u00fa\u010dt\u016fm za pojistn\u00e9 ud\u00e1losti spojen\u00e9 s extr\u00e9mn\u00edm po\u010das\u00edm mohou zp\u016fsobit zna\u010dn\u00e9 \u0161kody. A to nen\u00ed byznys, kter\u00fd by se \u0159editel\u016fm poji\u0161\u0165oven l\u00edbil.\u00a0<\/span><\/p>\n<div id=\"attachment_2345\" style=\"width: 1210px\" class=\"wp-caption alignnone\"><img loading=\"lazy\" decoding=\"async\" aria-describedby=\"caption-attachment-2345\" class=\"size-full wp-image-2345\" src=\"https:\/\/www.greenpeace.org\/static\/planet4-czech-republic-stateless\/2019\/01\/68fa330f-gp0strxsi.jpg\" alt=\"Akce p\u0159ed KBC\" width=\"1200\" height=\"800\" srcset=\"https:\/\/www.greenpeace.org\/static\/planet4-czech-republic-stateless\/2019\/01\/68fa330f-gp0strxsi.jpg 1200w, https:\/\/www.greenpeace.org\/static\/planet4-czech-republic-stateless\/2019\/01\/68fa330f-gp0strxsi-300x200.jpg 300w, https:\/\/www.greenpeace.org\/static\/planet4-czech-republic-stateless\/2019\/01\/68fa330f-gp0strxsi-768x512.jpg 768w, https:\/\/www.greenpeace.org\/static\/planet4-czech-republic-stateless\/2019\/01\/68fa330f-gp0strxsi-1024x683.jpg 1024w, https:\/\/www.greenpeace.org\/static\/planet4-czech-republic-stateless\/2019\/01\/68fa330f-gp0strxsi-510x340.jpg 510w\" sizes=\"auto, (max-width: 1200px) 100vw, 1200px\" \/><p id=\"caption-attachment-2345\" class=\"wp-caption-text\">Akce p\u0159ed valnou hromadou banky KBC v Bruselu.<\/p><\/div>\n<p><span style=\"font-weight: 400;\">Je\u0161t\u011b ten den, kdy organizace Greenpeace protestovala p\u0159ed jej\u00ed valnou hromadou, ozn\u00e1mila belgick\u00e1 banka KBC, \u017ee ru\u0161\u00ed takzvanou \u010deskou v\u00fdjimku a nebude financovat uheln\u00e9 projekty p\u0159es \u010cSOB, svoji \u010deskou dceru. P\u0159ed valnou hromadou Generali se odehr\u00e1ly ji\u017e dva protesty, po ka\u017ed\u00e9m z nich banka zp\u0159\u00edsnila sv\u00e9 politiky na financov\u00e1n\u00ed firem z fosiln\u00edho pr\u016fmyslu. Letos nap\u0159\u00edklad ozn\u00e1mila, \u017ee nebude poji\u0161\u0165ovat roz\u0161\u00ed\u0159en\u00ed problematick\u00e9ho dolu Tur\u00f3w, kter\u00fd le\u017e\u00ed na \u010desko-polsk\u00e9 hranici a u\u017e nyn\u00ed krade lidem \u017eij\u00edc\u00edm na \u010desk\u00e9 stran\u011b vodu ze studn\u00ed i z krajiny.\u00a0<\/span><\/p>\n<div id=\"attachment_3358\" style=\"width: 2510px\" class=\"wp-caption alignnone\"><img loading=\"lazy\" decoding=\"async\" aria-describedby=\"caption-attachment-3358\" class=\"size-full wp-image-3358\" src=\"https:\/\/www.greenpeace.org\/static\/planet4-czech-republic-stateless\/2019\/05\/42200c06-gp0stta3j_pressmedia.jpg\" alt=\"\" width=\"2500\" height=\"1667\" srcset=\"https:\/\/www.greenpeace.org\/static\/planet4-czech-republic-stateless\/2019\/05\/42200c06-gp0stta3j_pressmedia.jpg 2500w, https:\/\/www.greenpeace.org\/static\/planet4-czech-republic-stateless\/2019\/05\/42200c06-gp0stta3j_pressmedia-300x200.jpg 300w, https:\/\/www.greenpeace.org\/static\/planet4-czech-republic-stateless\/2019\/05\/42200c06-gp0stta3j_pressmedia-768x512.jpg 768w, https:\/\/www.greenpeace.org\/static\/planet4-czech-republic-stateless\/2019\/05\/42200c06-gp0stta3j_pressmedia-1024x683.jpg 1024w, https:\/\/www.greenpeace.org\/static\/planet4-czech-republic-stateless\/2019\/05\/42200c06-gp0stta3j_pressmedia-2048x1366.jpg 2048w, https:\/\/www.greenpeace.org\/static\/planet4-czech-republic-stateless\/2019\/05\/42200c06-gp0stta3j_pressmedia-510x340.jpg 510w\" sizes=\"auto, (max-width: 2500px) 100vw, 2500px\" \/><p id=\"caption-attachment-3358\" class=\"wp-caption-text\">Protest p\u0159ed valnou hromadou Generali<\/p><\/div>\n<p><span style=\"font-weight: 400;\">Pozdvi\u017een\u00ed loni vyvolal i protest na valn\u00e9 hromad\u011b ropn\u00e9 spole\u010dnosti Total. Proti t\u011b\u017eb\u011b ropy, kter\u00e1 by po\u0161kodila unik\u00e1tn\u00ed kor\u00e1lov\u00fd \u00fates u \u00fast\u00ed \u0159eky Amazonky, zde toti\u017e protestovaly des\u00edtky lid\u00ed. Tady se ned\u00e1 mluvit, \u017ee by celou kampa\u0148 vyhr\u00e1la aktivita na valn\u00e9 hromad\u011b, nicm\u00e9n\u011b licence Totalu na t\u011b\u017ebu byla pozd\u011bji zam\u00edtnuta. Po zvolen\u00ed kontroverzn\u00edho a k \u017eivotn\u00edmu prost\u0159ed\u00ed vylo\u017een\u011b nep\u0159\u00e1telsk\u00e9ho prezidenta Jaira Bolsonara se ov\u0161em cesty k destrukci p\u0159\u00edrody v Braz\u00edlii bohu\u017eel op\u011bt otev\u00edraj\u00ed.<\/span><\/p>\n<div id=\"attachment_3694\" style=\"width: 1210px\" class=\"wp-caption alignnone\"><img loading=\"lazy\" decoding=\"async\" aria-describedby=\"caption-attachment-3694\" class=\"size-full wp-image-3694\" src=\"https:\/\/www.greenpeace.org\/static\/planet4-czech-republic-stateless\/2019\/06\/8acb3fc8-gp0sts1nr.jpg\" alt=\"Activists at Total AGM 2018 in Paris. \u00a9 Nastasia Froloff \/ Greenpeace\" width=\"1200\" height=\"800\" srcset=\"https:\/\/www.greenpeace.org\/static\/planet4-czech-republic-stateless\/2019\/06\/8acb3fc8-gp0sts1nr.jpg 1200w, https:\/\/www.greenpeace.org\/static\/planet4-czech-republic-stateless\/2019\/06\/8acb3fc8-gp0sts1nr-300x200.jpg 300w, https:\/\/www.greenpeace.org\/static\/planet4-czech-republic-stateless\/2019\/06\/8acb3fc8-gp0sts1nr-768x512.jpg 768w, https:\/\/www.greenpeace.org\/static\/planet4-czech-republic-stateless\/2019\/06\/8acb3fc8-gp0sts1nr-1024x683.jpg 1024w, https:\/\/www.greenpeace.org\/static\/planet4-czech-republic-stateless\/2019\/06\/8acb3fc8-gp0sts1nr-510x340.jpg 510w\" sizes=\"auto, (max-width: 1200px) 100vw, 1200px\" \/><p id=\"caption-attachment-3694\" class=\"wp-caption-text\">Akce na valn\u00e9 hromad\u011b Total<\/p><\/div>\n<p><span style=\"font-weight: 400;\">Pozornost minul\u00fd t\u00fdden vzbudil i dvoudenn\u00ed protest na valn\u00e9 hromad\u011b uheln\u00e9 firmy RWE v N\u011bmecku, kter\u00fd p\u0159edch\u00e1zel demonstrac\u00edm des\u00edtek tis\u00edc lid\u00ed v C\u00e1ch\u00e1ch a blok\u00e1d\u011b dolu Garzweiler organizovan\u00e9 iniciativou Ende Gel\u00e4nde. N\u011bmeck\u00e1 pobo\u010dka Greenpeace m\u00e1 po s\u00e9rii protest\u016f a blok\u00e1d uheln\u00e9 infrastruktury firmy RWE, nejv\u011bt\u0161\u00edho zne\u010di\u0161\u0165ovatele ovzdu\u0161\u00ed v EU, p\u0159edb\u011b\u017en\u00fdm opat\u0159en\u00edm soudu zak\u00e1z\u00e1no vstupovat do dol\u016f a elektr\u00e1ren pod vysok\u00fdmi, t\u00e9m\u011b\u0159 likvida\u010dn\u00edmi pokutami. Valn\u00e1 hromada se ov\u0161em nekonala ani v dole, ani v elektr\u00e1rn\u011b, ale v centr\u00e1le firmy v Essenu, proto se zde protest Greenpeace mohl uskute\u010dnit bez hrozby bankrotu m\u00edstn\u00ed pobo\u010dky.<\/span><\/p>\n<div id=\"attachment_3699\" style=\"width: 1209px\" class=\"wp-caption alignnone\"><img loading=\"lazy\" decoding=\"async\" aria-describedby=\"caption-attachment-3699\" class=\"size-full wp-image-3699\" src=\"https:\/\/www.greenpeace.org\/static\/planet4-czech-republic-stateless\/2019\/06\/60d25abd-gp0stthhb.jpg\" alt=\"Protest at RWE Headquarters in Essen. \u00a9 Bernd Lauter \/ Greenpeace\" width=\"1199\" height=\"800\" srcset=\"https:\/\/www.greenpeace.org\/static\/planet4-czech-republic-stateless\/2019\/06\/60d25abd-gp0stthhb.jpg 1199w, https:\/\/www.greenpeace.org\/static\/planet4-czech-republic-stateless\/2019\/06\/60d25abd-gp0stthhb-300x200.jpg 300w, https:\/\/www.greenpeace.org\/static\/planet4-czech-republic-stateless\/2019\/06\/60d25abd-gp0stthhb-768x512.jpg 768w, https:\/\/www.greenpeace.org\/static\/planet4-czech-republic-stateless\/2019\/06\/60d25abd-gp0stthhb-1024x683.jpg 1024w, https:\/\/www.greenpeace.org\/static\/planet4-czech-republic-stateless\/2019\/06\/60d25abd-gp0stthhb-510x340.jpg 510w\" sizes=\"auto, (max-width: 1199px) 100vw, 1199px\" \/><p id=\"caption-attachment-3699\" class=\"wp-caption-text\">Akce na centr\u00e1le RWE<\/p><\/div>\n<p><span style=\"font-weight: 400;\">To byly v\u0161echno p\u0159\u00edklady ze zahrani\u010d\u00ed. V \u010cesk\u00e9 republice protestovala organizace Greenpeace loni na konci listopadu p\u0159ed mimo\u0159\u00e1dnou valnou hromadou firmy \u010cEZ. R\u00e1no svolala tiskovou konferenci, na n\u00ed\u017e p\u0159edstavila studii Posledn\u00ed n\u00e1dech: Jak uheln\u00e9 spole\u010dnosti otravuj\u00ed vzduch v Evrop\u011b. Z n\u00ed vych\u00e1z\u00ed, \u017ee \u010cEZ je 4. nejhor\u0161\u00ed zne\u010di\u0161\u0165ovatel v EU, hned za firmami p\u016fsob\u00edc\u00edmi v N\u011bmecku a Polsku.<\/span><\/p>\n<p><span style=\"font-weight: 400;\">Dobrovolnice a dobrovoln\u00edci Greenpeace rozd\u00e1vali let\u00e1ky informuj\u00edc\u00ed o odvr\u00e1cen\u00e9 stran\u011b podnik\u00e1n\u00ed firmy \u010cEZ akcion\u00e1\u0159\u016fm m\u00ed\u0159\u00edc\u00edm na jedn\u00e1n\u00ed. Krom\u011b toho tak\u00e9 po\u017eadovali uzav\u0159en\u00ed star\u00e9 uheln\u00e9 elektr\u00e1rny Po\u010derady, kter\u00e1 je nejv\u011bt\u0161\u00edm tuzemsk\u00fdm producentem sklen\u00edkov\u00fdch plyn\u016f i toxick\u00e9 rtuti. \u00dasp\u011bch ov\u0161em jejich po\u010d\u00edn\u00e1n\u00ed zat\u00edm nep\u0159ineslo, diskuzi o Po\u010deradech k velk\u00e9 nelibosti ekologick\u00fdch aktivist\u016f i minoritn\u00edch akcion\u00e1\u0159\u016f veden\u00ed firmy z agendy \u00fapln\u011b vy\u0161krtlo.\u00a0<\/span><\/p>\n<div id=\"attachment_1973\" style=\"width: 2410px\" class=\"wp-caption alignnone\"><img loading=\"lazy\" decoding=\"async\" aria-describedby=\"caption-attachment-1973\" class=\"size-full wp-image-1973\" src=\"https:\/\/www.greenpeace.org\/static\/planet4-czech-republic-stateless\/2018\/11\/3f6a7824-dsc_3025.jpg\" alt=\"\" width=\"2400\" height=\"1442\" srcset=\"https:\/\/www.greenpeace.org\/static\/planet4-czech-republic-stateless\/2018\/11\/3f6a7824-dsc_3025.jpg 2400w, https:\/\/www.greenpeace.org\/static\/planet4-czech-republic-stateless\/2018\/11\/3f6a7824-dsc_3025-300x180.jpg 300w, https:\/\/www.greenpeace.org\/static\/planet4-czech-republic-stateless\/2018\/11\/3f6a7824-dsc_3025-768x461.jpg 768w, https:\/\/www.greenpeace.org\/static\/planet4-czech-republic-stateless\/2018\/11\/3f6a7824-dsc_3025-1024x615.jpg 1024w, https:\/\/www.greenpeace.org\/static\/planet4-czech-republic-stateless\/2018\/11\/3f6a7824-dsc_3025-2048x1231.jpg 2048w, https:\/\/www.greenpeace.org\/static\/planet4-czech-republic-stateless\/2018\/11\/3f6a7824-dsc_3025-510x306.jpg 510w\" sizes=\"auto, (max-width: 2400px) 100vw, 2400px\" \/><p id=\"caption-attachment-1973\" class=\"wp-caption-text\">Akcion\u00e1\u0159 \u010cEZ dost\u00e1v\u00e1 informa\u010dn\u00ed let\u00e1k.<\/p><\/div>\n<p><span style=\"font-weight: 400;\">Tento t\u00fdden m\u011bla firma \u010cEZ \u0161anci na repar\u00e1t a mohla za\u0159adit bod t\u00fdkaj\u00edc\u00ed se elektr\u00e1rny Po\u010derady do diskuze na leto\u0161n\u00ed valn\u00e9 hromad\u011b. Elektr\u00e1rna Po\u010derady, jej\u00ed\u017e nejstar\u0161\u00ed \u010d\u00e1sti jsou star\u00e9 ji\u017e 50 let, se m\u00e1 tento rok prod\u00e1vat kontroverzn\u00edmu podnikateli Pavlu Tyka\u010dovi, kter\u00fd by ji r\u00e1d provozoval dal\u0161\u00ed des\u00edtky let. Prodej je sou\u010d\u00e1st\u00ed tajn\u00e9 smlouvy z roku 2013, jej\u00ed\u017e v\u00fdhodnost pro firmu \u010cEZ je minim\u00e1ln\u011b sporn\u00e1. Ekologov\u00e9 se ob\u00e1vaj\u00ed, \u017ee v p\u0159\u00edpad\u011b prodeje by z\u016fstal nejv\u011bt\u0161\u00ed tuzemsk\u00fd producent sklen\u00edkov\u00fdch plyn\u016f i toxick\u00e9 rtuti v provozu a \u010cesk\u00e1 republika by pak nem\u011bla re\u00e1lnou mo\u017enost splnit sv\u00e9 klimatick\u00e9 z\u00e1vazky. Minim\u00e1ln\u011b \u010d\u00e1st lid\u00ed ve veden\u00ed \u010cEZ je naklon\u011bna tomu, aby se jelo podle star\u00e9 smlouvy a uheln\u00e1 elektr\u00e1rna se m\u00edsto postupn\u00e9ho uzav\u00edr\u00e1n\u00ed v p\u0159\u00ed\u0161t\u00edm roce p\u0159epsala na p\u0159\u00edm\u00e9ho obchodn\u00edho konkurenta.\u00a0<\/span><\/p>\n<p><span style=\"font-weight: 400;\">Organizace Greenpeace proto p\u0159ipravila na dopoledne happening, p\u0159i kter\u00e9m se jedna akcion\u00e1\u0159ka p\u0159evl\u00e9kla do kost\u00fdmu uhl\u00ed a do\u017eadovala se vstupu na valnou hromadu, aby pod\u011bkovala za vst\u0159\u00edcn\u00fd p\u0159\u00edstup firmy k t\u011b\u017eb\u011b a spalov\u00e1n\u00ed fosiln\u00edch paliv. Dovnit\u0159 nakonec nebyla vpu\u0161t\u011bna, a tak sv\u016fj proslov tak nemohla p\u0159edn\u00e9st.<\/span><\/p>\n<div id=\"attachment_3701\" style=\"width: 5325px\" class=\"wp-caption alignnone\"><img loading=\"lazy\" decoding=\"async\" aria-describedby=\"caption-attachment-3701\" class=\"size-full wp-image-3701\" src=\"https:\/\/www.greenpeace.org\/static\/planet4-czech-republic-stateless\/2019\/06\/94c19616-maj_8349.jpg\" alt=\"\" width=\"5315\" height=\"3543\" srcset=\"https:\/\/www.greenpeace.org\/static\/planet4-czech-republic-stateless\/2019\/06\/94c19616-maj_8349.jpg 5315w, https:\/\/www.greenpeace.org\/static\/planet4-czech-republic-stateless\/2019\/06\/94c19616-maj_8349-300x200.jpg 300w, https:\/\/www.greenpeace.org\/static\/planet4-czech-republic-stateless\/2019\/06\/94c19616-maj_8349-768x512.jpg 768w, https:\/\/www.greenpeace.org\/static\/planet4-czech-republic-stateless\/2019\/06\/94c19616-maj_8349-1024x683.jpg 1024w, https:\/\/www.greenpeace.org\/static\/planet4-czech-republic-stateless\/2019\/06\/94c19616-maj_8349-2048x1366.jpg 2048w, https:\/\/www.greenpeace.org\/static\/planet4-czech-republic-stateless\/2019\/06\/94c19616-maj_8349-510x340.jpg 510w\" sizes=\"auto, (max-width: 5315px) 100vw, 5315px\" \/><p id=\"caption-attachment-3701\" class=\"wp-caption-text\">Ochranka donutila akcion\u00e1\u0159ku v kost\u00fdmu uhl\u00ed se svl\u00e9knout, p\u0159esto ji neumo\u017enila vstup na valnou hromadu.<\/p><\/div>\n<p><span style=\"font-weight: 400;\">Tento happening ov\u0161em byl jen p\u0159edehrou toho, co m\u011blo teprve p\u0159ij\u00edt. Kdy\u017e veden\u00ed firmy \u010cEZ znovu odm\u00edtlo za\u0159adit prodej Po\u010derad na agendu, v prostoru p\u0159ed p\u00f3diem rozvinula \u0161estice aktivist\u016f a aktivistek Greenpeace p\u00e1sku s n\u00e1pisem CLIMATE CHANGE CRIME SCENE. Proti prodeji zastaral\u00e9 elektr\u00e1rny do soukrom\u00fdch rukou a proti zbyte\u010dn\u00e9mu prodlu\u017eov\u00e1n\u00ed jej\u00ed \u017eivotnosti protestovali des\u00edtky dal\u0161\u00edch aktivist\u016f a aktivistek i p\u0159ed vstupem do hlavn\u00ed jednac\u00ed m\u00edstnosti valn\u00e9 hromady. Valn\u00e1 hromada byla kv\u016fli protestu na \u010das p\u0159eru\u0161ena a po maratonu ot\u00e1zek ze strany minoritn\u00edch akcion\u00e1\u0159\u016f \u0159e\u0161\u00edc\u00edch mimo jin\u00e9 i kontroverzn\u00ed uheln\u00e9 projekty skupiny \u010cEZ v\u010detn\u011b prodeje elektr\u00e1rny Po\u010derady skon\u010dila a\u017e v\u010dera v rann\u00edch hodin\u00e1ch.<\/span><\/p>\n<div id=\"attachment_3702\" style=\"width: 5325px\" class=\"wp-caption alignnone\"><img loading=\"lazy\" decoding=\"async\" aria-describedby=\"caption-attachment-3702\" class=\"size-full wp-image-3702\" src=\"https:\/\/www.greenpeace.org\/static\/planet4-czech-republic-stateless\/2019\/06\/1cdb3a8e-maj_8618.jpg\" alt=\"\" width=\"5315\" height=\"3543\" srcset=\"https:\/\/www.greenpeace.org\/static\/planet4-czech-republic-stateless\/2019\/06\/1cdb3a8e-maj_8618.jpg 5315w, https:\/\/www.greenpeace.org\/static\/planet4-czech-republic-stateless\/2019\/06\/1cdb3a8e-maj_8618-300x200.jpg 300w, https:\/\/www.greenpeace.org\/static\/planet4-czech-republic-stateless\/2019\/06\/1cdb3a8e-maj_8618-768x512.jpg 768w, https:\/\/www.greenpeace.org\/static\/planet4-czech-republic-stateless\/2019\/06\/1cdb3a8e-maj_8618-1024x683.jpg 1024w, https:\/\/www.greenpeace.org\/static\/planet4-czech-republic-stateless\/2019\/06\/1cdb3a8e-maj_8618-2048x1366.jpg 2048w, https:\/\/www.greenpeace.org\/static\/planet4-czech-republic-stateless\/2019\/06\/1cdb3a8e-maj_8618-510x340.jpg 510w\" sizes=\"auto, (max-width: 5315px) 100vw, 5315px\" \/><p id=\"caption-attachment-3702\" class=\"wp-caption-text\">Protest Greenpeace na valn\u00e9 hromad\u011b \u010cEZ<\/p><\/div>\n<p><span style=\"font-weight: 400;\">Te\u010f je m\u00ed\u010d na h\u0159i\u0161ti dozor\u010d\u00ed rady. Postav\u00ed se za arogantn\u00ed veden\u00ed firmy, kter\u00e9 o sv\u00fdch pochybn\u00fdch k\u0161eft\u00edc\u00edch odm\u00edt\u00e1 diskutovat, nebo bude h\u00e1jit strategick\u00e9 z\u00e1jmy st\u00e1tu, tedy nejv\u011bt\u0161\u00edho akcion\u00e1\u0159e?<\/span><\/p>\n<p><em>Ps\u00e1no pro Ekolist.cz<\/em><\/p>\n","protected":false},"excerpt":{"rendered":"<p>Ve v\u011bt\u0161in\u011b obchodn\u00edch spole\u010dnost\u00ed se ti nejvy\u0161\u0161\u00ed \u0161\u00e9fov\u00e9 st\u00fdkaj\u00ed za zav\u0159en\u00fdmi dve\u0159mi, kde o v\u0161em rozhoduj\u00ed. D\u011blaj\u00ed si co cht\u011bj\u00ed a pokud maj\u00ed dostate\u010dn\u011b pasivn\u00ed \u010di ocho\u010denou dozor\u010d\u00ed radu, kter\u00e1&hellip;<\/p>\n","protected":false},"author":27,"featured_media":3358,"comment_status":"open","ping_status":"closed","sticky":false,"template":"","format":"standard","meta":{"ep_exclude_from_search":false,"p4_og_title":"","p4_og_description":"","p4_og_image":"","p4_og_image_id":"","p4_seo_canonical_url":"","p4_campaign_name":"","p4_local_project":"","p4_basket_name":"","p4_department":"","footnotes":""},"categories":[4],"tags":[20,24,25],"p4-page-type":[16],"class_list":["post-3692","post","type-post","status-publish","format-standard","has-post-thumbnail","hentry","category-energeticka-revoluce","tag-zmena-klimatu","tag-aktivni-spolecnost","tag-konec-doby-fosilni","p4-page-type-clanek"],"_links":{"self":[{"href":"https:\/\/www.greenpeace.org\/czech\/wp-json\/wp\/v2\/posts\/3692","targetHints":{"allow":["GET"]}}],"collection":[{"href":"https:\/\/www.greenpeace.org\/czech\/wp-json\/wp\/v2\/posts"}],"about":[{"href":"https:\/\/www.greenpeace.org\/czech\/wp-json\/wp\/v2\/types\/post"}],"author":[{"embeddable":true,"href":"https:\/\/www.greenpeace.org\/czech\/wp-json\/wp\/v2\/users\/27"}],"replies":[{"embeddable":true,"href":"https:\/\/www.greenpeace.org\/czech\/wp-json\/wp\/v2\/comments?post=3692"}],"version-history":[{"count":2,"href":"https:\/\/www.greenpeace.org\/czech\/wp-json\/wp\/v2\/posts\/3692\/revisions"}],"predecessor-version":[{"id":3706,"href":"https:\/\/www.greenpeace.org\/czech\/wp-json\/wp\/v2\/posts\/3692\/revisions\/3706"}],"wp:featuredmedia":[{"embeddable":true,"href":"https:\/\/www.greenpeace.org\/czech\/wp-json\/wp\/v2\/media\/3358"}],"wp:attachment":[{"href":"https:\/\/www.greenpeace.org\/czech\/wp-json\/wp\/v2\/media?parent=3692"}],"wp:term":[{"taxonomy":"category","embeddable":true,"href":"https:\/\/www.greenpeace.org\/czech\/wp-json\/wp\/v2\/categories?post=3692"},{"taxonomy":"post_tag","embeddable":true,"href":"https:\/\/www.greenpeace.org\/czech\/wp-json\/wp\/v2\/tags?post=3692"},{"taxonomy":"p4-page-type","embeddable":true,"href":"https:\/\/www.greenpeace.org\/czech\/wp-json\/wp\/v2\/p4-page-type?post=3692"}],"curies":[{"name":"wp","href":"https:\/\/api.w.org\/{rel}","templated":true}]}}