{"id":3904,"date":"2019-07-25T14:33:50","date_gmt":"2019-07-25T12:33:50","guid":{"rendered":"https:\/\/master.k8s.p4.greenpeace.org\/czech\/?p=3904"},"modified":"2021-12-01T13:32:24","modified_gmt":"2021-12-01T12:32:24","slug":"kampan-mas-na-min-je-konecne-tu-startuje-fazi-o-jidle","status":"publish","type":"post","link":"https:\/\/www.greenpeace.org\/czech\/tiskova-zprava\/3904\/kampan-mas-na-min-je-konecne-tu-startuje-fazi-o-jidle\/","title":{"rendered":"Kampa\u0148 M\u00e1\u0161 na m\u00ed\u0148 je kone\u010dn\u011b tu. Startuje f\u00e1z\u00ed o j\u00eddle"},"content":{"rendered":"<p><strong>Greenpeace dnes spou\u0161t\u00ed prvn\u00ed f\u00e1zi kampan\u011b M\u00e1\u0161 na m\u00ed\u0148 zam\u011b\u0159enou na j\u00eddlo a na\u0161e stravovac\u00ed n\u00e1vyky. C\u00edlem t\u00e9to f\u00e1ze kampan\u011b je nau\u010dit spot\u0159ebitele m\u00e9n\u011b pl\u00fdtvat j\u00eddlem, v\u00edce se zaj\u00edmat o ekologickou stopu potravin a tak\u00e9 poskytnout n\u00e1stroje a informace, jak tla\u010dit na politiky a prodejce, aby podporovali udr\u017eitelnou produkci potravin.<\/strong><\/p>\n<p><i><span style=\"font-weight: 400;\">\u201eCelosv\u011btov\u011b skon\u010d\u00ed v ko\u0161i a\u017e t\u0159etina potravin, v \u010cesku je to p\u0159es 800 tis\u00edc tun ro\u010dn\u011b. Mnoh\u00e9 potraviny k n\u00e1m putuj\u00ed z druh\u00e9ho konce sv\u011bta a zanech\u00e1vaj\u00ed obrovskou uhl\u00edkovou stopu. Zm\u011bna stravovac\u00edch n\u00e1vyk\u016f a preferov\u00e1n\u00ed produkt\u016f s n\u00edzk\u00fdm dopadem na \u017eivotn\u00ed prost\u0159ed\u00ed jsou jednou z nej\u00fa\u010dinn\u011bj\u0161\u00edch mo\u017enost\u00ed, jak jednotlivec m\u016f\u017ee p\u0159isp\u011bt k omezen\u00ed produkce sklen\u00edkov\u00fdch plyn\u016f a ni\u010den\u00ed biodiverzity,<\/span><\/i><i><span style=\"font-weight: 400;\">\u201c<\/span><\/i><i><span style=\"font-weight: 400;\"> \u0159\u00edk\u00e1 Jan Freidinger z Greenpeace.<\/span><\/i><\/p>\n<div id=\"attachment_3921\" style=\"width: 1210px\" class=\"wp-caption alignnone\"><img loading=\"lazy\" decoding=\"async\" aria-describedby=\"caption-attachment-3921\" class=\"size-full wp-image-3921\" src=\"https:\/\/www.greenpeace.org\/static\/planet4-czech-republic-stateless\/2019\/07\/0daeffaa-gp0strmec.jpg\" alt=\"Family Eating Vegetarian Food at Home in Vienna. \u00a9 Mitja  Kobal \/ Greenpeace\" width=\"1200\" height=\"800\" srcset=\"https:\/\/www.greenpeace.org\/static\/planet4-czech-republic-stateless\/2019\/07\/0daeffaa-gp0strmec.jpg 1200w, https:\/\/www.greenpeace.org\/static\/planet4-czech-republic-stateless\/2019\/07\/0daeffaa-gp0strmec-300x200.jpg 300w, https:\/\/www.greenpeace.org\/static\/planet4-czech-republic-stateless\/2019\/07\/0daeffaa-gp0strmec-768x512.jpg 768w, https:\/\/www.greenpeace.org\/static\/planet4-czech-republic-stateless\/2019\/07\/0daeffaa-gp0strmec-1024x683.jpg 1024w, https:\/\/www.greenpeace.org\/static\/planet4-czech-republic-stateless\/2019\/07\/0daeffaa-gp0strmec-510x340.jpg 510w\" sizes=\"auto, (max-width: 1200px) 100vw, 1200px\" \/><p id=\"caption-attachment-3921\" class=\"wp-caption-text\">Vegetari\u00e1nsk\u00e9 hody.<\/p><\/div>\n<p><span style=\"font-weight: 400;\">Odpov\u011bdnost za udr\u017eitelnou produkci potravin a sni\u017eov\u00e1n\u00ed emis\u00ed sklen\u00edkov\u00fdch plyn\u016f ov\u0161em nele\u017e\u00ed jen na jednotlivc\u00edch. Proto budou m\u00edt lid\u00e9 mo\u017enost prost\u0159ednictv\u00edm tzv. ak\u010dn\u00edho centra vyzvat nap\u0159\u00edklad supermarkety, aby informovaly o uhl\u00edkov\u00e9 stop\u011b potravin nebo aby zajistily, \u017ee jejich v\u00fdrobky (v\u010detn\u011b krmiva) neobsahuj\u00ed s\u00f3ju, kter\u00e1 se pod\u00edl\u00ed na odles\u0148ov\u00e1n\u00ed a ni\u010den\u00ed cenn\u00fdch ekosyst\u00e9m\u016f.<\/span><\/p>\n<p><span style=\"font-weight: 400;\">Prost\u0159ednictv\u00edm ak\u010dn\u00edho centra budou moci lid\u00e9 z\u00e1rove\u0148 tla\u010dit i na politiky, aby vytvo\u0159ili pro \u010desk\u00e9 zem\u011bd\u011blce podm\u00ednky, ve kter\u00fdch se vypl\u00e1c\u00ed produkovat potraviny s co nejmen\u0161\u00edm dopadem na \u017eivotn\u00ed prost\u0159ed\u00ed a biologickou rozmanitost, nebo aby chr\u00e1nili hmyz, jeho\u017e tempo vym\u00edr\u00e1n\u00ed je alarmuj\u00edc\u00ed. Celkem se tak budou moci lid\u00e9 v ak\u010dn\u00edm centru v prvn\u00ed f\u00e1zi zapojit do 11 r\u016fzn\u00fdch \u00fakol\u016f.<\/span><\/p>\n<p><span style=\"font-weight: 400;\">\u201eJ\u00eddeln\u00ed f\u00e1ze<\/span><span style=\"font-weight: 400;\">\u201c <\/span><span style=\"font-weight: 400;\">kampan\u011b M\u00e1\u0161 na m\u00ed\u0148 potrv\u00e1 zhruba do p\u016flky z\u00e1\u0159\u00ed, po n\u00ed budou n\u00e1sledovat f\u00e1ze zam\u011b\u0159en\u00e9 na energie, spot\u0159ebn\u00ed zbo\u017e\u00ed a odpady. Projekt je napl\u00e1nov\u00e1n s p\u0159esahem do roku 2020.<\/span><\/p>\n<div class=\"EmptyMessage\">Block content is empty. Check the block&#8217;s settings or remove it.<\/div>","protected":false},"excerpt":{"rendered":"<p>Praha, 25. \u010dervenec &#8211; Greenpeace dnes spou\u0161t\u00ed prvn\u00ed f\u00e1zi kampan\u011b \u201eM\u00e1\u0161 na m\u00ed\u0148\u201c zam\u011b\u0159enou na j\u00eddlo a na\u0161e stravovac\u00ed n\u00e1vyky. C\u00edlem t\u00e9to f\u00e1ze kampan\u011b je nau\u010dit spot\u0159ebitele m\u00e9n\u011b pl\u00fdtvat j\u00eddlem,&hellip;<\/p>\n","protected":false},"author":29,"featured_media":3921,"comment_status":"open","ping_status":"closed","sticky":false,"template":"","format":"standard","meta":{"ep_exclude_from_search":false,"p4_og_title":"","p4_og_description":"","p4_og_image":"","p4_og_image_id":"","p4_seo_canonical_url":"","p4_campaign_name":"","p4_local_project":"","p4_basket_name":"","p4_department":"","footnotes":""},"categories":[3],"tags":[22,24],"p4-page-type":[14],"class_list":["post-3904","post","type-post","status-publish","format-standard","has-post-thumbnail","hentry","category-nas-svet","tag-setrimeplanetu","tag-aktivni-spolecnost","p4-page-type-tiskova-zprava"],"_links":{"self":[{"href":"https:\/\/www.greenpeace.org\/czech\/wp-json\/wp\/v2\/posts\/3904","targetHints":{"allow":["GET"]}}],"collection":[{"href":"https:\/\/www.greenpeace.org\/czech\/wp-json\/wp\/v2\/posts"}],"about":[{"href":"https:\/\/www.greenpeace.org\/czech\/wp-json\/wp\/v2\/types\/post"}],"author":[{"embeddable":true,"href":"https:\/\/www.greenpeace.org\/czech\/wp-json\/wp\/v2\/users\/29"}],"replies":[{"embeddable":true,"href":"https:\/\/www.greenpeace.org\/czech\/wp-json\/wp\/v2\/comments?post=3904"}],"version-history":[{"count":8,"href":"https:\/\/www.greenpeace.org\/czech\/wp-json\/wp\/v2\/posts\/3904\/revisions"}],"predecessor-version":[{"id":15691,"href":"https:\/\/www.greenpeace.org\/czech\/wp-json\/wp\/v2\/posts\/3904\/revisions\/15691"}],"wp:featuredmedia":[{"embeddable":true,"href":"https:\/\/www.greenpeace.org\/czech\/wp-json\/wp\/v2\/media\/3921"}],"wp:attachment":[{"href":"https:\/\/www.greenpeace.org\/czech\/wp-json\/wp\/v2\/media?parent=3904"}],"wp:term":[{"taxonomy":"category","embeddable":true,"href":"https:\/\/www.greenpeace.org\/czech\/wp-json\/wp\/v2\/categories?post=3904"},{"taxonomy":"post_tag","embeddable":true,"href":"https:\/\/www.greenpeace.org\/czech\/wp-json\/wp\/v2\/tags?post=3904"},{"taxonomy":"p4-page-type","embeddable":true,"href":"https:\/\/www.greenpeace.org\/czech\/wp-json\/wp\/v2\/p4-page-type?post=3904"}],"curies":[{"name":"wp","href":"https:\/\/api.w.org\/{rel}","templated":true}]}}