{"id":3922,"date":"2019-07-29T11:21:20","date_gmt":"2019-07-29T09:21:20","guid":{"rendered":"https:\/\/master.k8s.p4.greenpeace.org\/czech\/?p=3922"},"modified":"2021-12-01T13:32:23","modified_gmt":"2021-12-01T12:32:23","slug":"ode-dneska-zije-lidstvo-na-dluh","status":"publish","type":"post","link":"https:\/\/www.greenpeace.org\/czech\/tiskova-zprava\/3922\/ode-dneska-zije-lidstvo-na-dluh\/","title":{"rendered":"Ode dne\u0161ka \u017eije lidstvo na dluh"},"content":{"rendered":"<p><b>Glob\u00e1ln\u00ed Overshoot day letos vych\u00e1z\u00ed na 29. \u010dervence.\u00a0 Znamen\u00e1 to, \u017ee ke dne\u0161ku lidstvo vy\u010derpalo v\u0161echny planet\u00e1rn\u00ed zdroje, kter\u00e9 jsou schopny se b\u011bhem roku obnovit. Datum Overshoot day se v posledn\u00edch dvaceti letech posunulo o dva m\u011bs\u00edce, loni tento den p\u0159ipadl na za\u010d\u00e1tek srpna. V \u010cesku tento den dokonce p\u0159ipadl ji\u017e na 17. dubna.<\/b><\/p>\n<p><span style=\"font-weight: 400;\">Overshoot day porovn\u00e1v\u00e1 na\u0161\u00ed ekologickou stopu, kter\u00e1 ud\u00e1v\u00e1 kolik p\u0159\u00edrody (respektive biologicky produktivn\u00edch oblast\u00ed) pot\u0159ebujeme pro napln\u011bn\u00ed na\u0161ich pot\u0159eb a biokapacitu planety. Ta se d\u00e1 popsat jako schopnost p\u0159\u00edrody se regenerovat a absorbovat na\u0161e odpady v\u010detn\u011b emis\u00ed sklen\u00edkov\u00fdch plyn\u016f. Oboj\u00ed se ud\u00e1v\u00e1 v glob\u00e1ln\u00edch hektarech a srovn\u00e1n\u00ed ukazuje, o kolik\u00a0 si z p\u0159\u00edrody bereme v\u00edc, ne\u017e je n\u00e1m schopna poskytnout. Velkou \u010d\u00e1st na\u0161\u00ed ekologick\u00e9 stopy tvo\u0159\u00ed uhl\u00edkov\u00e1 stopa, v EU je to skoro 60 %.\u00a0<\/span><\/p>\n<div id=\"attachment_3927\" style=\"width: 1210px\" class=\"wp-caption alignnone\"><img loading=\"lazy\" decoding=\"async\" aria-describedby=\"caption-attachment-3927\" class=\"size-full wp-image-3927\" src=\"https:\/\/www.greenpeace.org\/static\/planet4-czech-republic-stateless\/2019\/07\/f0d55225-gp01jvs.jpg\" alt=\"Cattle Farm in the Amazon. \u00a9 Greenpeace \/ Daniel Beltr\u00e1\" width=\"1200\" height=\"800\" srcset=\"https:\/\/www.greenpeace.org\/static\/planet4-czech-republic-stateless\/2019\/07\/f0d55225-gp01jvs.jpg 1200w, https:\/\/www.greenpeace.org\/static\/planet4-czech-republic-stateless\/2019\/07\/f0d55225-gp01jvs-300x200.jpg 300w, https:\/\/www.greenpeace.org\/static\/planet4-czech-republic-stateless\/2019\/07\/f0d55225-gp01jvs-768x512.jpg 768w, https:\/\/www.greenpeace.org\/static\/planet4-czech-republic-stateless\/2019\/07\/f0d55225-gp01jvs-1024x683.jpg 1024w, https:\/\/www.greenpeace.org\/static\/planet4-czech-republic-stateless\/2019\/07\/f0d55225-gp01jvs-510x340.jpg 510w\" sizes=\"auto, (max-width: 1200px) 100vw, 1200px\" \/><p id=\"caption-attachment-3927\" class=\"wp-caption-text\">Pralesy v Amazonii nahrazuj\u00ed ob\u0159\u00ed farmy s dobytkem.<\/p><\/div>\n<p><span style=\"font-weight: 400;\">Jan Freidinger z Greenpeace k tomu dod\u00e1v\u00e1<\/span><i><span style=\"font-weight: 400;\">: \u201eZ p\u0159\u00edrody si bereme v\u00edce, ne\u017e je schopna produkovat a obnovovat. Je\u0161t\u011b do sedmdes\u00e1t\u00fdch let n\u00e1m planeta poskytovala v\u00edce, ne\u017e jsme pot\u0159ebovali. Od t\u00e9 doby ov\u0161em na\u0161e glob\u00e1ln\u00ed spot\u0159eba roste tak, \u017ee bychom aktu\u00e1ln\u011b pot\u0159ebovali asi 1,75 planety pro uspokojen\u00ed na\u0161\u00ed spot\u0159eby. \u017dijeme na dluh, kter\u00fd za n\u00e1s zaplat\u00ed p\u0159\u00ed\u0161t\u00ed generace.\u201c\u00a0<\/span><\/i><\/p>\n<p><span style=\"font-weight: 400;\">Hana Bul\u00e1nkov\u00e1 z Greenpeace dopl\u0148uje:<\/span><i><span style=\"font-weight: 400;\"> \u201cR\u016fzn\u00e9 zem\u011b si z glob\u00e1ln\u00edho bal\u00edku zdroj\u016f berou v\u00edce ne\u017e jin\u00e9. Nap\u0159\u00edklad v Evropsk\u00e9 Unii \u017eije jen 7 % obyvatel planety, ale spot\u0159ebov\u00e1v\u00e1 20 % jej\u00ed kapacity. Kdyby v\u0161ichni spot\u0159ebov\u00e1vali tolik, jako je pr\u016fm\u011br spot\u0159eby Evropsk\u00e9 Unie, pak bychom pot\u0159ebovali p\u0159ibli\u017en\u011b 2,8 planety. Kdyby v\u0161ichni lid\u00e9 na planet\u011b spot\u0159ebov\u00e1vali tolik, jako lid\u00e9 v \u010cesku, pot\u0159ebovali bychom dokonce 3,5 planety. St\u00e1vaj\u00edc\u00ed stav tak nen\u00ed pouze neudr\u017eiteln\u00fd, ale tak\u00e9 nespravedliv\u00fd.\u201d<\/span><\/i><\/p>\n<p><span style=\"font-weight: 400;\">Greenpeace ned\u00e1vno spustilo kampa\u0148 <\/span><a href=\"https:\/\/www.masnamin.cz\/\"><span style=\"font-weight: 400;\">M\u00e1\u0161 na m\u00ed\u0148<\/span><\/a><span style=\"font-weight: 400;\">, kter\u00e1 si bere na mu\u0161ku pr\u00e1v\u011b nadm\u011brnou spot\u0159ebu a neudr\u017eitelnou produkci potravin, spot\u0159ebn\u00edho zbo\u017e\u00ed a energie. Sou\u010d\u00e1st\u00ed kampan\u011b je i sb\u011br podpis\u016f pod v\u00fdzvou \u201cM\u00e1\u0161 na m\u00ed\u0148\u201d, kter\u00e1 c\u00edl\u00ed jak na maloobchodn\u00ed \u0159et\u011bzce, kter\u00e9 vyz\u00fdv\u00e1 k \u0159ad\u011b opat\u0159en\u00ed, kter\u00e1 povedou k \u0161etrn\u011bj\u0161\u00ed a udr\u017eiteln\u011bj\u0161\u00ed spot\u0159eb\u011b, tak na politiky, od kter\u00fdch vy\u017eaduje vytvo\u0159en\u00ed legislativn\u00edho prost\u0159ed\u00ed, kter\u00e9 bude motivovat k \u0161etrn\u00e9mu chov\u00e1n\u00ed k \u017eivotn\u00edmu prost\u0159ed\u00ed.\u00a0\u00a0<\/span><\/p>\n<p><i><span style=\"font-weight: 400;\">Kontakty: Jan Freidinger, Greenpeace, + 420 734 620 843, <\/span><\/i><a href=\"mailto:jan.freidinger@greenpeace.org\"><i><span style=\"font-weight: 400;\">jan.freidinger@greenpeace.org<\/span><\/i><\/a><\/p>\n<div class=\"EmptyMessage\">Block content is empty. Check the block&#8217;s settings or remove it.<\/div>","protected":false},"excerpt":{"rendered":"<p>Praha, 29. \u010dervenec &#8211; Glob\u00e1ln\u00ed Overshoot day letos vych\u00e1z\u00ed na 29. \u010dervence.\u00a0 Znamen\u00e1 to, \u017ee ke dne\u0161ku lidstvo vy\u010derpalo v\u0161echny planet\u00e1rn\u00ed zdroje, kter\u00e9 jsou schopny se b\u011bhem roku obnovit. Datum&hellip;<\/p>\n","protected":false},"author":29,"featured_media":3927,"comment_status":"open","ping_status":"closed","sticky":false,"template":"","format":"standard","meta":{"ep_exclude_from_search":false,"p4_og_title":"","p4_og_description":"","p4_og_image":"","p4_og_image_id":"","p4_seo_canonical_url":"","p4_campaign_name":"","p4_local_project":"","p4_basket_name":"","p4_department":"","footnotes":""},"categories":[3],"tags":[22],"p4-page-type":[14],"class_list":["post-3922","post","type-post","status-publish","format-standard","has-post-thumbnail","hentry","category-nas-svet","tag-setrimeplanetu","p4-page-type-tiskova-zprava"],"_links":{"self":[{"href":"https:\/\/www.greenpeace.org\/czech\/wp-json\/wp\/v2\/posts\/3922","targetHints":{"allow":["GET"]}}],"collection":[{"href":"https:\/\/www.greenpeace.org\/czech\/wp-json\/wp\/v2\/posts"}],"about":[{"href":"https:\/\/www.greenpeace.org\/czech\/wp-json\/wp\/v2\/types\/post"}],"author":[{"embeddable":true,"href":"https:\/\/www.greenpeace.org\/czech\/wp-json\/wp\/v2\/users\/29"}],"replies":[{"embeddable":true,"href":"https:\/\/www.greenpeace.org\/czech\/wp-json\/wp\/v2\/comments?post=3922"}],"version-history":[{"count":10,"href":"https:\/\/www.greenpeace.org\/czech\/wp-json\/wp\/v2\/posts\/3922\/revisions"}],"predecessor-version":[{"id":15689,"href":"https:\/\/www.greenpeace.org\/czech\/wp-json\/wp\/v2\/posts\/3922\/revisions\/15689"}],"wp:featuredmedia":[{"embeddable":true,"href":"https:\/\/www.greenpeace.org\/czech\/wp-json\/wp\/v2\/media\/3927"}],"wp:attachment":[{"href":"https:\/\/www.greenpeace.org\/czech\/wp-json\/wp\/v2\/media?parent=3922"}],"wp:term":[{"taxonomy":"category","embeddable":true,"href":"https:\/\/www.greenpeace.org\/czech\/wp-json\/wp\/v2\/categories?post=3922"},{"taxonomy":"post_tag","embeddable":true,"href":"https:\/\/www.greenpeace.org\/czech\/wp-json\/wp\/v2\/tags?post=3922"},{"taxonomy":"p4-page-type","embeddable":true,"href":"https:\/\/www.greenpeace.org\/czech\/wp-json\/wp\/v2\/p4-page-type?post=3922"}],"curies":[{"name":"wp","href":"https:\/\/api.w.org\/{rel}","templated":true}]}}