{"id":3989,"date":"2019-08-09T11:14:38","date_gmt":"2019-08-09T09:14:38","guid":{"rendered":"https:\/\/master.k8s.p4.greenpeace.org\/czech\/?p=3989"},"modified":"2021-12-01T13:32:21","modified_gmt":"2021-12-01T12:32:21","slug":"ministerstvo-tezarum-ustoupilo-prilis","status":"publish","type":"post","link":"https:\/\/www.greenpeace.org\/czech\/clanek\/3989\/ministerstvo-tezarum-ustoupilo-prilis\/","title":{"rendered":"Souhlas s prodlou\u017een\u00edm t\u011b\u017eby na B\u00edlin\u011b? Ministerstvo t\u011b\u017ea\u0159\u016fm ustoupilo p\u0159\u00edli\u0161"},"content":{"rendered":"<p><strong>Prolomen\u00ed \u00fazemn\u00edch ekologick\u00fdch limit\u016f t\u011b\u017eby, ke kter\u00e9mu otev\u0159ela dve\u0159e vl\u00e1da Bohuslava Sobotky, se nakonec stalo realitou. Ministerstvo \u017eivotn\u00edho prost\u0159ed\u00ed vydalo minul\u00fd t\u00fdden souhlasn\u00e9 stanovisko s pokra\u010dov\u00e1n\u00edm t\u011b\u017eby uhl\u00ed na severo\u010desk\u00e9m dole B\u00edlina a\u017e do roku 2035. \u00dazemn\u00ed ekologick\u00e9 limity vznikly na za\u010d\u00e1tku 90. let za vl\u00e1dy premi\u00e9ra Petra Pitharta v reakci na vlnu ekologicky motivovan\u00fdch protest\u016f v severn\u00edch \u010cech\u00e1ch. \u0160lo o celospole\u010densk\u00fd konsenzus mezi t\u011b\u017ea\u0159i uhl\u00ed, m\u00edstn\u00edmi obcemi, politiky i celou \u0161irokou ve\u0159ejnost\u00ed na tom, kde bude hranice, za n\u00ed\u017e se p\u0159i t\u011b\u017eb\u011b uhl\u00ed u\u017e nep\u016fjde, proto\u017ee by to m\u011blo p\u0159\u00edli\u0161 velk\u00e9 negativn\u00ed dopady na \u017eivotn\u00ed prost\u0159ed\u00ed a \u017eivot m\u00edstn\u00edch lid\u00ed a proto\u017ee by to mohlo v\u00e9st k ohro\u017een\u00ed existence m\u00edstn\u00edch obc\u00ed nach\u00e1zej\u00edc\u00edch se na uhl\u00ed. V roce 2015 jsme byli sv\u011bdky toho, jak byla tato zd\u00e1nliv\u011b nem\u011bnn\u00e1 celospole\u010densk\u00e1 dohoda po\u0161lap\u00e1na a zru\u0161ena.\u00a0<\/strong><\/p>\n<p><span style=\"font-weight: 400;\">Je pravda, \u017ee sou\u010dasn\u00e9 souhlasn\u00e9 stanovisko ministerstva \u017eivotn\u00edho prost\u0159ed\u00ed je jen d\u00edl\u010d\u00edm krokem a \u017ee Severo\u010desk\u00e9 doly musej\u00ed je\u0161t\u011b proj\u00edt \u0159adou administrativn\u00edch proces\u016f, ne\u017e dostanou z\u00e1v\u011bre\u010dn\u00e9 raz\u00edtko od \u010cesk\u00e9ho b\u00e1\u0148sk\u00e9ho \u00fa\u0159adu. Ned\u00e1 se ale p\u0159edpokl\u00e1dat, \u017ee by n\u011bkter\u00e1 z dal\u0161\u00edch instituc\u00ed, kter\u00e9 budou v\u011bc posuzovat, z\u00e1m\u011br t\u011b\u017ea\u0159\u016f v\u00fdrazn\u011b omezila, kdy\u017e ani samo ministerstvo se p\u0159i h\u00e1jen\u00ed z\u00e1jm\u016f \u017eivotn\u00edho prost\u0159ed\u00ed nijak nep\u0159etrhlo.<\/span><\/p>\n<div id=\"attachment_3995\" style=\"width: 1510px\" class=\"wp-caption alignnone\"><img loading=\"lazy\" decoding=\"async\" aria-describedby=\"caption-attachment-3995\" class=\"size-full wp-image-3995\" src=\"https:\/\/www.greenpeace.org\/static\/planet4-czech-republic-stateless\/2019\/08\/59b9818f-dsc6953_09_final_net.jpg\" alt=\"\" width=\"1500\" height=\"1000\" srcset=\"https:\/\/www.greenpeace.org\/static\/planet4-czech-republic-stateless\/2019\/08\/59b9818f-dsc6953_09_final_net.jpg 1500w, https:\/\/www.greenpeace.org\/static\/planet4-czech-republic-stateless\/2019\/08\/59b9818f-dsc6953_09_final_net-300x200.jpg 300w, https:\/\/www.greenpeace.org\/static\/planet4-czech-republic-stateless\/2019\/08\/59b9818f-dsc6953_09_final_net-768x512.jpg 768w, https:\/\/www.greenpeace.org\/static\/planet4-czech-republic-stateless\/2019\/08\/59b9818f-dsc6953_09_final_net-1024x683.jpg 1024w, https:\/\/www.greenpeace.org\/static\/planet4-czech-republic-stateless\/2019\/08\/59b9818f-dsc6953_09_final_net-510x340.jpg 510w\" sizes=\"auto, (max-width: 1500px) 100vw, 1500px\" \/><p id=\"caption-attachment-3995\" class=\"wp-caption-text\">Velkolom B\u00edlina<\/p><\/div>\n<p><span style=\"font-weight: 400;\">Ministerstvo tvrd\u00ed, \u017ee pro pokra\u010dov\u00e1n\u00ed t\u011b\u017eby si stanovilo 31 z\u00e1vazn\u00fdch podm\u00ednek. Stejn\u011b jako u jin\u00fdch rozhodnut\u00ed ov\u0161em zna\u010dn\u00e1 \u010d\u00e1st t\u011bchto podm\u00ednek vych\u00e1z\u00ed z n\u00e1vrh\u016f \u017eadatele. V realit\u011b to funguje tak, \u017ee t\u011b\u017ea\u0159i v dokumentaci k z\u00e1m\u011bru \u0159eknou: \u201cNechte n\u00e1s t\u011b\u017eit tam a tam a my postav\u00edme protihlukovou st\u011bnu.\u201d Ministerstvo pak tuto a dal\u0161\u00ed \u201cpodm\u00ednky\u201d p\u0159ep\u00ed\u0161e do sv\u00e9ho stanoviska. Abych byl f\u00e9r, mus\u00edm uznat, \u017ee ministerstvo stanovilo i n\u011bkter\u00e9 vlastn\u00ed podm\u00ednky. Ov\u0161em \u017e\u00e1dn\u00e9, kter\u00e9 by z\u00e1m\u011bry t\u011b\u017ea\u0159\u016f n\u011bjak v\u00fdrazn\u011b osekaly.\u00a0<\/span><\/p>\n<p><span style=\"font-weight: 400;\">\u00da\u0159edn\u00edci nap\u0159\u00edklad nijak neomezili plochu, kterou cht\u011bj\u00ed t\u011b\u017ea\u0159i rypadly p\u0159evr\u00e1tit vzh\u016fru nohama. A je jim jedno, \u017ee se zde v krajin\u011b nach\u00e1zej\u00ed nenahraditeln\u00e1 \u00fazem\u00ed &#8211; nap\u0159\u00edklad mok\u0159ad Venuska. Odm\u00edtli se tak\u00e9 zab\u00fdvat vlivem t\u011b\u017eby a spalov\u00e1n\u00ed uhl\u00ed z lomu B\u00edlina na klima. V od\u016fvodn\u011bn\u00ed tvrd\u00ed, \u017ee nemus\u00ed p\u00e1len\u00ed uhl\u00ed \u0159e\u0161it p\u0159i rozhodov\u00e1n\u00ed o roz\u0161\u00ed\u0159en\u00ed dolu, kdy\u017e to u\u017e \u0159e\u0161\u00ed podobn\u00e9 procesy vyhodnocen\u00ed vliv\u016f na \u017eivotn\u00ed prost\u0159ed\u00ed pro provoz uheln\u00fdch elektr\u00e1ren. To je ov\u0161em prokazateln\u011b l\u017eiv\u00e9 tvrzen\u00ed, kter\u00e9 \u00fa\u0159edn\u00edci z\u0159ejm\u011b bez rozmyslu opsali z textu od t\u011b\u017ea\u0159\u016f. Sta\u010d\u00ed se pod\u00edvat do dokumentace ke stavb\u011b nov\u00e9ho bloku elektr\u00e1rny Ledvice, kter\u00fd bude \u010d\u00e1st b\u00edlinsk\u00e9ho uhl\u00ed p\u00e1lit, a uvid\u00edte, \u017ee se zde vliv na klima ne\u0159e\u0161il v\u016fbec. Tot\u00e9\u017e plat\u00ed jak u tepl\u00e1ren, kter\u00e9 v minulosti \u017e\u00e1daly o prodlou\u017een\u00ed \u017eivotnosti, tak u dom\u00e1c\u00edch kotl\u016f.<\/span><\/p>\n<p><span style=\"font-weight: 400;\">A\u0165 u\u017e m\u00e1te n\u00e1zor na pokra\u010dov\u00e1n\u00ed t\u011b\u017eby uhl\u00ed v \u010cesku jak\u00fdkoli, asi se shodneme, \u017ee \u00fa\u0159edn\u00ed rozhodnut\u00ed by nem\u011blo obsahovat vylo\u017een\u00e9 nesmysly a nepravdy. V tomto p\u0159\u00edpad\u011b to ale \u00fa\u0159edn\u00edci neuhl\u00eddali.<\/span><\/p>\n<p><span style=\"font-weight: 400;\">I to je d\u016fvod, pro\u010d organizace Greenpeace spole\u010dn\u011b s lidmi, kte\u0159\u00ed loni poslali proti roz\u0161\u00ed\u0159en\u00ed dolu v procesu EIA sv\u00e9 p\u0159ipom\u00ednky, pova\u017euj\u00ed vydan\u00e9 rozhodnut\u00ed nejen za \u0161patn\u00e9, ale i za nez\u00e1konn\u00e9, a pro\u010d vyzvali ministra \u017eivotn\u00edho prost\u0159ed\u00ed Richarda Brabce, aby ho p\u0159ezkoumal a pokud mo\u017eno zru\u0161il.\u00a0<\/span><\/p>\n<p><span style=\"font-weight: 400;\">Hlavn\u00edm d\u016fvodem ale je, \u017ee dal\u0161\u00ed t\u011b\u017eba na B\u00edlin\u011b je v p\u0159\u00edm\u00e9m rozporu s c\u00edli Pa\u0159\u00ed\u017esk\u00e9 klimatick\u00e9 dohody, kterou se \u010cesko zav\u00e1zalo dodr\u017eovat. Z anal\u00fdz Mezivl\u00e1dn\u00edho panelu pro zm\u011bny klimatu je jasn\u00e9, \u017ee pokud chceme zabr\u00e1nit katastrofick\u00fdm sc\u00e9n\u00e1\u0159\u016fm klimatick\u00e9 krize, nesm\u00edme u\u017e stav\u011bt nov\u00e9 elektr\u00e1rny a roz\u0161i\u0159ovat doly, naopak mus\u00edme v n\u00e1sleduj\u00edc\u00edm desetilet\u00ed co nejv\u00edce existuj\u00edc\u00edch fosiln\u00edch zdroj\u016f uzav\u0159\u00edt, abychom mno\u017estv\u00ed vypou\u0161t\u011bn\u00fdch sklen\u00edkov\u00fdch plyn\u016f drasticky sn\u00ed\u017eili.<\/span><\/p>\n<p><span style=\"font-weight: 400;\">Klimatick\u00e1 zm\u011bna a s n\u00ed spojen\u00e9 sucho a vedro ji\u017e nyn\u00ed decimuj\u00ed na\u0161e pole i lesy. Je absurdn\u00ed v takov\u00e9 situaci prodlu\u017eovat t\u011b\u017ebu a spalov\u00e1n\u00ed uhl\u00ed. Obzvl\u00e1\u0161\u0165 kdy\u017e m\u00e1 v ten sam\u00fd \u010das vzniknout uheln\u00e1 komise, kter\u00e1 m\u00e1 napl\u00e1novat \u00fastup od uhl\u00ed. Ministr Brabec by to m\u011bl ch\u00e1pat. Do 30 dn\u016f bychom se m\u011bli dozv\u011bd\u011bt, jak se k \u017e\u00e1dosti lid\u00ed postavil.<\/span><\/p>\n<p><em>Ps\u00e1no pro Lidov\u00e9 noviny<\/em><\/p>\n<div class=\"EmptyMessage\">Block content is empty. Check the block&#8217;s settings or remove it.<\/div>","protected":false},"excerpt":{"rendered":"<p>Prolomen\u00ed \u00fazemn\u00edch ekologick\u00fdch limit\u016f t\u011b\u017eby, ke kter\u00e9mu otev\u0159ela dve\u0159e vl\u00e1da Bohuslava Sobotky, se nakonec stalo realitou. Ministerstvo \u017eivotn\u00edho prost\u0159ed\u00ed vydalo minul\u00fd t\u00fdden souhlasn\u00e9 stanovisko s pokra\u010dov\u00e1n\u00edm t\u011b\u017eby uhl\u00ed na severo\u010desk\u00e9m&hellip;<\/p>\n","protected":false},"author":27,"featured_media":3995,"comment_status":"open","ping_status":"closed","sticky":false,"template":"","format":"standard","meta":{"ep_exclude_from_search":false,"p4_og_title":"","p4_og_description":"","p4_og_image":"","p4_og_image_id":"","p4_seo_canonical_url":"","p4_campaign_name":"","p4_local_project":"","p4_basket_name":"","p4_department":"","footnotes":""},"categories":[4],"tags":[20,25],"p4-page-type":[16],"class_list":["post-3989","post","type-post","status-publish","format-standard","has-post-thumbnail","hentry","category-energeticka-revoluce","tag-zmena-klimatu","tag-konec-doby-fosilni","p4-page-type-clanek"],"_links":{"self":[{"href":"https:\/\/www.greenpeace.org\/czech\/wp-json\/wp\/v2\/posts\/3989","targetHints":{"allow":["GET"]}}],"collection":[{"href":"https:\/\/www.greenpeace.org\/czech\/wp-json\/wp\/v2\/posts"}],"about":[{"href":"https:\/\/www.greenpeace.org\/czech\/wp-json\/wp\/v2\/types\/post"}],"author":[{"embeddable":true,"href":"https:\/\/www.greenpeace.org\/czech\/wp-json\/wp\/v2\/users\/27"}],"replies":[{"embeddable":true,"href":"https:\/\/www.greenpeace.org\/czech\/wp-json\/wp\/v2\/comments?post=3989"}],"version-history":[{"count":5,"href":"https:\/\/www.greenpeace.org\/czech\/wp-json\/wp\/v2\/posts\/3989\/revisions"}],"predecessor-version":[{"id":15681,"href":"https:\/\/www.greenpeace.org\/czech\/wp-json\/wp\/v2\/posts\/3989\/revisions\/15681"}],"wp:featuredmedia":[{"embeddable":true,"href":"https:\/\/www.greenpeace.org\/czech\/wp-json\/wp\/v2\/media\/3995"}],"wp:attachment":[{"href":"https:\/\/www.greenpeace.org\/czech\/wp-json\/wp\/v2\/media?parent=3989"}],"wp:term":[{"taxonomy":"category","embeddable":true,"href":"https:\/\/www.greenpeace.org\/czech\/wp-json\/wp\/v2\/categories?post=3989"},{"taxonomy":"post_tag","embeddable":true,"href":"https:\/\/www.greenpeace.org\/czech\/wp-json\/wp\/v2\/tags?post=3989"},{"taxonomy":"p4-page-type","embeddable":true,"href":"https:\/\/www.greenpeace.org\/czech\/wp-json\/wp\/v2\/p4-page-type?post=3989"}],"curies":[{"name":"wp","href":"https:\/\/api.w.org\/{rel}","templated":true}]}}