{"id":4275,"date":"2019-09-18T15:40:40","date_gmt":"2019-09-18T13:40:40","guid":{"rendered":"https:\/\/www.greenpeace.org\/czech\/?p=4275"},"modified":"2021-12-01T13:32:17","modified_gmt":"2021-12-01T12:32:17","slug":"3-nejzasadnejsi-veci-ktere-byste-meli-vedet-o-klimatickych-stavkach-20-zari-2019","status":"publish","type":"post","link":"https:\/\/www.greenpeace.org\/czech\/clanek\/4275\/3-nejzasadnejsi-veci-ktere-byste-meli-vedet-o-klimatickych-stavkach-20-zari-2019\/","title":{"rendered":"3 nejz\u00e1sadn\u011bj\u0161\u00ed v\u011bci, kter\u00e9 byste m\u011bli v\u011bd\u011bt o klimatick\u00fdch st\u00e1vk\u00e1ch 20. z\u00e1\u0159\u00ed 2019"},"content":{"rendered":"<p><span style=\"font-weight: 400;\">Studenti st\u00e1vkuj\u00ed za klima ji\u017e skoro rok a 20. z\u00e1\u0159\u00ed vyb\u00eddli ostatn\u00ed, aby se k jejich st\u00e1vce p\u0159idali. Jejich po\u017eadavky jsou st\u00e1le stejn\u00e9. Cht\u011bj\u00ed, aby politici za\u010dali v\u011bnovat pozornost ochran\u011b klimatu a hlavn\u011b za\u010dali d\u011blat re\u00e1ln\u00e9 kroky pro jeho ochranu. Pro\u010d byste se m\u011bli ke st\u00e1vce za klima p\u0159idat i vy a jak to vlastn\u011b ud\u011blat?\u00a0<\/span><\/p>\n<h3><span style=\"font-weight: 400;\">Co se vlastn\u011b d\u011bje?<\/span><\/h3>\n<p><span style=\"font-weight: 400;\">V srpnu 2018 za\u010dala jako prvn\u00ed <\/span><a href=\"https:\/\/www.reuters.com\/article\/us-global-climate-thunberg\/how-greta-thunbergs-climate-strikes-became-a-global-movement-in-a-year-idUSKCN1VA001\"><span style=\"font-weight: 400;\">st\u00e1vkovat p\u0159ed \u0161v\u00e9dsk\u00fdm parlamentem<\/span><\/a><span style=\"font-weight: 400;\"> nyn\u00ed celosv\u011btov\u011b zn\u00e1m\u00e1 Greta Thurnberg. Inspirovala tis\u00edce a miliony dal\u0161\u00edch, kte\u0159\u00ed se k n\u00ed p\u0159idali. A jak studenti sami \u0159\u00edkaj\u00ed, rad\u011bji by byli ve \u0161kole, ale pro\u010d by m\u011bli studovat, kdy\u017e se p\u0159ed nimi otev\u00edr\u00e1 klimaticky rozvr\u00e1cen\u00e1 budoucnost? Z\u00e1v\u011bry v\u011bdc\u016f jsou toti\u017e jasn\u00e9. Pokud nezm\u011bn\u00edme sv\u00e9 chov\u00e1n\u00ed, stoupaj\u00edc\u00ed glob\u00e1ln\u00ed pr\u016fm\u011brn\u00e1 teplota zni\u010d\u00ed sv\u011bt jak jej zn\u00e1me. Dostali jsme se do klimatick\u00e9 krize. A politici klimatickou krizi ne\u0159e\u0161\u00ed. Studenti volit nemohou, st\u00e1vka je proto jedin\u00fd smyslupln\u00fd krok, aby dali v\u011bd\u011bt, \u017ee jejich budoucnost je ohro\u017eena. Studenti vyjdou v p\u00e1tek v pln\u00e9 s\u00edle. M\u011bli bych je podpo\u0159it a st\u00e1vkovat s nimi.\u00a0<\/span><\/p>\n<lite-youtube style=\"background-image: url('https:\/\/i.ytimg.com\/vi\/RkXyBumQFpM\/hqdefault.jpg');\" videoid=\"RkXyBumQFpM\" params=\"rel=0\"><\/lite-youtube>\n<p>&nbsp;<\/p>\n<h3><span style=\"font-weight: 400;\">Pro\u010d byste se o st\u00e1vku m\u011bli zaj\u00edmat?<\/span><\/h3>\n<p><span style=\"font-weight: 400;\">V\u011bdci hovo\u0159\u00ed velmi jasn\u011b. Pokud nezm\u011bn\u00edme na\u0161e chov\u00e1n\u00ed, zvedne se do konce stolet\u00ed <\/span><a href=\"https:\/\/www.theguardian.com\/environment\/2019\/may\/18\/climate-crisis-heat-is-on-global-heating-four-degrees-2100-change-way-we-live\"><span style=\"font-weight: 400;\">pr\u016fm\u011brn\u00e1 glob\u00e1ln\u00ed teplota o 3\u00b0C &#8211; 4\u00b0C<\/span><\/a><span style=\"font-weight: 400;\">. Co\u017e v\u00fdrazn\u011b sn\u00ed\u017e\u00ed na mnoha \u00farovn\u00edch kvalitu \u017eivota <\/span><a href=\"https:\/\/www.greenpeace.org\/czech\/clanek\/3499\/jake-bude-klima-v-cr-nadeje-jmenem-rcm-2-6\/\"><span style=\"font-weight: 400;\">jak u n\u00e1s<\/span><\/a><span style=\"font-weight: 400;\">, tak ve sv\u011bt\u011b.\u00a0 A n\u011bkte\u0159\u00ed, kte\u0159\u00ed dnes st\u00e1vkuj\u00ed, se toho mohou do\u017e\u00edt. A pokud vy sami m\u00e1te d\u011bti nebo je pl\u00e1nujete, r\u00e1zem nen\u00ed rok 2100 zase tak daleko. Prakticky jen dv\u011b generace.\u00a0<\/span><\/p>\n<p><span style=\"font-weight: 400;\">Odhad\u016f, kolik \u010dasu m\u00e1me, abychom takov\u00fdm zm\u011bn\u00e1m zabr\u00e1nili, je n\u011bkolik. N\u011bkter\u00e9 n\u00e1m <\/span><a href=\"https:\/\/www.bbc.com\/news\/science-environment-48964736\"><span style=\"font-weight: 400;\">d\u00e1vaj\u00ed 12 let<\/span><\/a><span style=\"font-weight: 400;\">, n\u011bkter\u00e9 <\/span><a href=\"https:\/\/www.bbc.com\/news\/science-environment-48964736\"><span style=\"font-weight: 400;\">18 m\u011bs\u00edc\u016f<\/span><\/a><span style=\"font-weight: 400;\">. A\u0165 je \u010dasov\u00fd horizont jak\u00fdkoli, m\u011bli bychom za\u010d\u00edt klimatickou krizi \u0159e\u0161it jen kv\u016fli tomu, abych takov\u00e9 riziko zm\u00edrnili.\u00a0<\/span><\/p>\n<p><span style=\"font-weight: 400;\">A to se zat\u00edm ned\u011bje. Tis\u00edce lid\u00ed jsou ochotny sni\u017eovat svoje emise. Tis\u00edce jsou ochotny zm\u011bnit sv\u00e9 spot\u0159ebn\u00ed n\u00e1vyky. Ale bez rozhodn\u00fdch krok\u016f politik\u016f zm\u011bnu nezvl\u00e1dneme. Pot\u0159ebujeme za\u010d\u00edt nahrazovat fosiln\u00ed paliva. V\u00edme, \u017ee takov\u00e1 zm\u011bna nebude snadn\u00e1, ale prost\u0159edky a znalosti, kter\u00e9 pot\u0159ebujeme, m\u00e1me k dispozici. Zat\u00edm ale zvy\u0161ujeme svoje emise a ned\u011bl\u00e1me nic proto, abychom tento r\u016fst zvr\u00e1tili. V \u010cesk\u00e9 republice za\u010d\u00edt je vlastn\u011b tak jednoduch\u00e9. <\/span><a href=\"https:\/\/www.greenpeace.org\/czech\/clanek\/4134\/3-veci-ktere-muze-ceska-vlada-jednoduse-a-rychle-udelat-pro-ochranu-klimatu\/\"><span style=\"font-weight: 400;\">P\u0159estat d\u00e1vat elektr\u00e1rn\u00e1m v\u00fdjimky, neprolamovat limity t\u011b\u017eby a za\u010d\u00edt zav\u00edrat star\u00e9 elektr\u00e1rny.\u00a0<\/span><\/a><\/p>\n<h3><span style=\"font-weight: 400;\">A jak se m\u016f\u017eete p\u0159ipojit?<\/span><\/h3>\n<p><span style=\"font-weight: 400;\">P\u0159ipojit se ke st\u00e1vce je snadn\u00e9. St\u00e1vkuje se po cel\u00e9 republice, po cel\u00e9m sv\u011bt\u011b. Projd\u011bte si v\u0161echna m\u011bsta, ve kter\u00fdch se st\u00e1vkuje na str\u00e1nk\u00e1ch <\/span><a href=\"https:\/\/www.facebook.com\/pg\/fridaysforfuture.cz\/events\/\"><span style=\"font-weight: 400;\">Fridaysforfuture<\/span><\/a><span style=\"font-weight: 400;\"> a podpo\u0159te studenty i sv\u00fdm hlasem.\u00a0<\/span><\/p>\n<p><span style=\"font-weight: 400;\">Zapojte se dal\u0161\u00edch aktivit, kter\u00e9 budou prob\u00edhat cel\u00fd n\u00e1sleduj\u00edc\u00ed t\u00fdden. Jejich p\u0159ehled najdete na webu <\/span><a href=\"http:\/\/www.tydenproklima.cz\"><span style=\"font-weight: 400;\">www.tydenproklima.cz<\/span><\/a><span style=\"font-weight: 400;\">.<\/span><\/p>\n<p><span style=\"font-weight: 400;\">Pokud v\u00e1m ochrana klimatu nen\u00ed lhostejn\u00e1, zp\u016fsob jak studenty podpo\u0159it jist\u011b najdete.\u00a0<\/span><\/p>\n<p><span style=\"font-weight: 400;\">V p\u00e1tek na st\u00e1vk\u00e1ch na vid\u011bnou.<\/span><\/p>\n<div class=\"EmptyMessage\">Block content is empty. Check the block&#8217;s settings or remove it.<\/div>","protected":false},"excerpt":{"rendered":"<p>Studenti st\u00e1vkuj\u00ed za klima ji\u017e skoro rok a 20. z\u00e1\u0159\u00ed vyb\u00eddli ostatn\u00ed, aby se k jejich st\u00e1vce p\u0159idali. Jejich po\u017eadavky jsou st\u00e1le stejn\u00e9. Cht\u011bj\u00ed, aby politici za\u010dali v\u011bnovat pozornost ochran\u011b&hellip;<\/p>\n","protected":false},"author":31,"featured_media":2933,"comment_status":"open","ping_status":"closed","sticky":false,"template":"","format":"standard","meta":{"ep_exclude_from_search":false,"p4_og_title":"","p4_og_description":"","p4_og_image":"","p4_og_image_id":"","p4_seo_canonical_url":"","p4_campaign_name":"","p4_local_project":"","p4_basket_name":"","p4_department":"","footnotes":""},"categories":[4],"tags":[20,24,29],"p4-page-type":[16],"class_list":["post-4275","post","type-post","status-publish","format-standard","has-post-thumbnail","hentry","category-energeticka-revoluce","tag-zmena-klimatu","tag-aktivni-spolecnost","tag-nenasilne-protesty","p4-page-type-clanek"],"_links":{"self":[{"href":"https:\/\/www.greenpeace.org\/czech\/wp-json\/wp\/v2\/posts\/4275","targetHints":{"allow":["GET"]}}],"collection":[{"href":"https:\/\/www.greenpeace.org\/czech\/wp-json\/wp\/v2\/posts"}],"about":[{"href":"https:\/\/www.greenpeace.org\/czech\/wp-json\/wp\/v2\/types\/post"}],"author":[{"embeddable":true,"href":"https:\/\/www.greenpeace.org\/czech\/wp-json\/wp\/v2\/users\/31"}],"replies":[{"embeddable":true,"href":"https:\/\/www.greenpeace.org\/czech\/wp-json\/wp\/v2\/comments?post=4275"}],"version-history":[{"count":6,"href":"https:\/\/www.greenpeace.org\/czech\/wp-json\/wp\/v2\/posts\/4275\/revisions"}],"predecessor-version":[{"id":15670,"href":"https:\/\/www.greenpeace.org\/czech\/wp-json\/wp\/v2\/posts\/4275\/revisions\/15670"}],"wp:featuredmedia":[{"embeddable":true,"href":"https:\/\/www.greenpeace.org\/czech\/wp-json\/wp\/v2\/media\/2933"}],"wp:attachment":[{"href":"https:\/\/www.greenpeace.org\/czech\/wp-json\/wp\/v2\/media?parent=4275"}],"wp:term":[{"taxonomy":"category","embeddable":true,"href":"https:\/\/www.greenpeace.org\/czech\/wp-json\/wp\/v2\/categories?post=4275"},{"taxonomy":"post_tag","embeddable":true,"href":"https:\/\/www.greenpeace.org\/czech\/wp-json\/wp\/v2\/tags?post=4275"},{"taxonomy":"p4-page-type","embeddable":true,"href":"https:\/\/www.greenpeace.org\/czech\/wp-json\/wp\/v2\/p4-page-type?post=4275"}],"curies":[{"name":"wp","href":"https:\/\/api.w.org\/{rel}","templated":true}]}}