{"id":4435,"date":"2019-09-27T11:00:12","date_gmt":"2019-09-27T09:00:12","guid":{"rendered":"https:\/\/www.greenpeace.org\/czech\/?p=4435"},"modified":"2021-12-01T13:32:14","modified_gmt":"2021-12-01T12:32:14","slug":"spatne_zpravy_neprinasi_jen_greta","status":"publish","type":"post","link":"https:\/\/www.greenpeace.org\/czech\/clanek\/4435\/spatne_zpravy_neprinasi_jen_greta\/","title":{"rendered":"\u0160patn\u00e9 zpr\u00e1vy nep\u0159in\u00e1\u0161\u00ed jen osamocen\u00e1 Greta, ale miliony lid\u00ed po cel\u00e9m sv\u011bt\u011b"},"content":{"rendered":"<p><strong>Abych byl \u00fapln\u011b up\u0159\u00edmn\u00fd, nejsem nijak zvl\u00e1\u0161\u0165 nad\u0161en\u00fd z t\u00f3nu, kter\u00fd Greta Thunberg zvolila ve sv\u00e9 \u0159e\u010di v OSN. To se stane, nen\u00ed na sv\u011bt\u011b \u010dlov\u011bk, u kter\u00e9ho bych nekriticky p\u0159ij\u00edmal v\u0161e, co d\u011bl\u00e1, \u010di zp\u016fsob, jak\u00fdm to d\u011bl\u00e1. Ale to poselstv\u00ed, ta slova, kter\u00e1 pronesla, to m\u016f\u017eu okam\u017eit\u011b podepsat. A p\u0159itom jsem b\u00edl\u00fd heterosexu\u00e1ln\u00ed mu\u017e, za p\u00e1r let mi bude \u010dty\u0159icet, nem\u011bl bych zrovna te\u010f b\u00fdt ve \u0161kole, nemanipuluj\u00ed se mnou moji rodi\u010de a pokud v\u00edm, tak nem\u00e1m Asperger\u016fv syndr<\/strong><span class=\"text_exposed_show\"><strong>om. Jestli se najdou n\u011bjac\u00ed hejt\u0159i, tak budou muset p\u0159ij\u00edt s jin\u00fdmi, kreativn\u011bj\u0161\u00edmi v\u00fdmluvami, pro\u010d by to, co \u0159\u00edk\u00e1m, nem\u011blo b\u00fdt relevantn\u00ed.<\/strong>\u00a0<\/span><\/p>\n<p>Kdy\u017e n\u011bkdo je poslem nep\u0159\u00edjemn\u00e9 pravdy a p\u0159in\u00e1\u0161\u00ed \u0161patn\u00e9 zpr\u00e1vy, je pro mnoh\u00e9 nejjednodu\u0161\u0161\u00ed obr\u00e1tit svou zlobu a sv\u016fj nesouhlas s p\u0159in\u00e1\u0161enou zpr\u00e1vou pr\u00e1v\u011b na posl\u00ed\u010dka. A nen\u00ed to poprv\u00e9 v historii, jsou zdokumentov\u00e1ny i p\u0159\u00edpady, kdy byli poslov\u00e9 \u0161patn\u00fdch zpr\u00e1v popravov\u00e1ni. Ale takov\u00fd p\u0159\u00edstup n\u00e1s nikam nedostane. Probl\u00e9my nikam nezmiz\u00ed, kdy\u017e je budeme ignorovat. Klima se bude m\u011bnit d\u00e1l a st\u00e1le rychleji.<\/p>\n<div id=\"attachment_4440\" style=\"width: 1930px\" class=\"wp-caption alignnone\"><img loading=\"lazy\" decoding=\"async\" aria-describedby=\"caption-attachment-4440\" class=\"size-full wp-image-4440\" src=\"https:\/\/www.greenpeace.org\/static\/planet4-czech-republic-stateless\/2019\/10\/0b9414fb-2019_09_20_stavka_za_klima_1920_zewlakk-5083.jpg\" alt=\"\" width=\"1920\" height=\"1282\" srcset=\"https:\/\/www.greenpeace.org\/static\/planet4-czech-republic-stateless\/2019\/10\/0b9414fb-2019_09_20_stavka_za_klima_1920_zewlakk-5083.jpg 1920w, https:\/\/www.greenpeace.org\/static\/planet4-czech-republic-stateless\/2019\/10\/0b9414fb-2019_09_20_stavka_za_klima_1920_zewlakk-5083-300x200.jpg 300w, https:\/\/www.greenpeace.org\/static\/planet4-czech-republic-stateless\/2019\/10\/0b9414fb-2019_09_20_stavka_za_klima_1920_zewlakk-5083-768x513.jpg 768w, https:\/\/www.greenpeace.org\/static\/planet4-czech-republic-stateless\/2019\/10\/0b9414fb-2019_09_20_stavka_za_klima_1920_zewlakk-5083-1024x684.jpg 1024w, https:\/\/www.greenpeace.org\/static\/planet4-czech-republic-stateless\/2019\/10\/0b9414fb-2019_09_20_stavka_za_klima_1920_zewlakk-5083-510x340.jpg 510w\" sizes=\"auto, (max-width: 1920px) 100vw, 1920px\" \/><p id=\"caption-attachment-4440\" class=\"wp-caption-text\">St\u00e1vka za klima v Praze<\/p><\/div>\n<p>Greta poslem \u0161patn\u00fdch zpr\u00e1v a nep\u0159\u00edjemn\u00e9 pravdy rozhodn\u011b je. Ale nen\u00ed sama. Na negativn\u00ed dopady zm\u011bn klimatu a na bl\u00ed\u017e\u00edc\u00ed se katastrofu upozor\u0148uj\u00ed klimatologov\u00e9 ji\u017e des\u00edtky let. Poselstv\u00ed te\u010f spolu s Gretou p\u0159in\u00e1\u0161ej\u00ed miliony lid\u00ed, kte\u0159\u00ed st\u00e1vkuj\u00ed za klima. A tak i j\u00e1 m\u016f\u017eu s klidn\u00fdm sv\u011bdom\u00edm p\u0159idat ke Gretin\u011b hlasu i sv\u016fj hlas a zopakovat jej\u00ed poselstv\u00ed&#8230;<\/p>\n<p><span class=\"text_exposed_show\"> Tohle cel\u00e9 je \u0161patn\u011b. J\u00e1 bych nem\u011bl jezdit do Polska kv\u016fli roz\u0161i\u0159ov\u00e1n\u00ed dolu Turow, nem\u011bl bych se sna\u017eit zastavit roz\u0161\u00ed\u0159en\u00ed dolu B\u00edlina, zvr\u00e1tit pl\u00e1novan\u00fd prodej elektr\u00e1rny Po\u010derady \u010di zabr\u00e1nit v\u00fdjimk\u00e1m pro velk\u00e9 zne\u010di\u0161\u0165ovatele. M\u011bl bych b\u00fdt doma a sledovat, jak moje dcera d\u011bl\u00e1 prvn\u00ed kr\u016f\u010dky a objevuje sv\u011bt. \u010cekaj\u00ed ode m\u011b, \u017ee se nech\u00e1m uchl\u00e1cholit p\u0159\u00edslibem racion\u00e1ln\u00ed debaty? Jak se opova\u017euj\u00ed?<\/span><\/p>\n<blockquote><p>Lid\u00e9 dnes trp\u00ed. Um\u00edraj\u00ed. Kolabuj\u00ed cel\u00e9 ekosyst\u00e9my. Stoj\u00edme na po\u010d\u00e1tku masov\u00e9ho vym\u00edr\u00e1n\u00ed. A v\u0161e, co sv\u011btov\u00ed l\u00edd\u0159i dok\u00e1\u017eou, je mluvit o pen\u011bz\u00edch a vypr\u00e1v\u011bt poh\u00e1dky o nekone\u010dn\u00e9m ekonomick\u00e9m r\u016fstu. Jak se opova\u017euj\u00ed?<\/p><\/blockquote>\n<p>P\u0159es t\u0159icet let hovo\u0159\u00ed v\u011bda k\u0159i\u0161\u0165\u00e1lov\u011b jasnou \u0159e\u010d\u00ed. Jak se politici opova\u017euj\u00ed odvracet od n\u00ed zrak a tvrdit, \u017ee d\u011blaj\u00ed dost, kdy\u017e pot\u0159ebn\u00e1 politick\u00e1 opat\u0159en\u00ed a \u0159e\u0161en\u00ed nejsou ani zdaleka v dohledu? Dne\u0161n\u00edm tempem vypust\u00edme do atmosf\u00e9ry zb\u00fdvaj\u00edc\u00ed mno\u017estv\u00ed CO2, kter\u00e9 si podle r\u016fzn\u00fdch v\u011bdeck\u00fdch sc\u00e9n\u00e1\u0159\u016f je\u0161t\u011b m\u016f\u017eeme dovolit vypustit, v \u0159\u00e1dech let, maxim\u00e1ln\u011b ni\u017e\u0161\u00edch des\u00edtek let. Jak se opova\u017euj\u00ed p\u0159edst\u00edrat, \u017ee to p\u016fjde zvl\u00e1dnout ve stylu \u201ebusiness as usual\u201c a n\u011bjak\u00fdmi technick\u00fdmi opat\u0159en\u00edmi?<\/p>\n<lite-youtube style=\"background-image: url('https:\/\/i.ytimg.com\/vi\/ZMUANJ8_W7c\/hqdefault.jpg');\" videoid=\"ZMUANJ8_W7c\" params=\"rel=0\"><\/lite-youtube>\n<p>Politici n\u00e1s podrazili. Ale lid\u00e9 za\u010d\u00ednaj\u00ed tu zradu ch\u00e1pat. Jestli budou na\u0161i v\u016fdci v t\u00e9 zrad\u011b pokra\u010dovat, nikdy jim to neodpust\u00edme. Nedovol\u00edme jim se z toho vykroutit. Te\u010f a tady d\u011bl\u00e1me jasnou \u010d\u00e1ru. Sv\u011bt se probouz\u00ed. A zm\u011bna p\u0159ich\u00e1z\u00ed. A\u0165 u\u017e se jim to l\u00edb\u00ed, nebo ne.<\/p>\n<div class=\"EmptyMessage\">Block content is empty. Check the block&#8217;s settings or remove it.<\/div>","protected":false},"excerpt":{"rendered":"<p>Abych byl \u00fapln\u011b up\u0159\u00edmn\u00fd, nejsem nijak zvl\u00e1\u0161\u0165 nad\u0161en\u00fd z t\u00f3nu, kter\u00fd Greta Thunberg zvolila ve sv\u00e9 \u0159e\u010di v OSN. To se stane, nen\u00ed na sv\u011bt\u011b \u010dlov\u011bk, u kter\u00e9ho bych nekriticky&hellip;<\/p>\n","protected":false},"author":27,"featured_media":4440,"comment_status":"open","ping_status":"closed","sticky":false,"template":"","format":"standard","meta":{"ep_exclude_from_search":false,"p4_og_title":"","p4_og_description":"","p4_og_image":"","p4_og_image_id":"","p4_seo_canonical_url":"","p4_campaign_name":"not set","p4_local_project":"","p4_basket_name":"not set","p4_department":"","footnotes":""},"categories":[3],"tags":[20,24,25],"p4-page-type":[16],"class_list":["post-4435","post","type-post","status-publish","format-standard","has-post-thumbnail","hentry","category-nas-svet","tag-zmena-klimatu","tag-aktivni-spolecnost","tag-konec-doby-fosilni","p4-page-type-clanek"],"_links":{"self":[{"href":"https:\/\/www.greenpeace.org\/czech\/wp-json\/wp\/v2\/posts\/4435","targetHints":{"allow":["GET"]}}],"collection":[{"href":"https:\/\/www.greenpeace.org\/czech\/wp-json\/wp\/v2\/posts"}],"about":[{"href":"https:\/\/www.greenpeace.org\/czech\/wp-json\/wp\/v2\/types\/post"}],"author":[{"embeddable":true,"href":"https:\/\/www.greenpeace.org\/czech\/wp-json\/wp\/v2\/users\/27"}],"replies":[{"embeddable":true,"href":"https:\/\/www.greenpeace.org\/czech\/wp-json\/wp\/v2\/comments?post=4435"}],"version-history":[{"count":13,"href":"https:\/\/www.greenpeace.org\/czech\/wp-json\/wp\/v2\/posts\/4435\/revisions"}],"predecessor-version":[{"id":15660,"href":"https:\/\/www.greenpeace.org\/czech\/wp-json\/wp\/v2\/posts\/4435\/revisions\/15660"}],"wp:featuredmedia":[{"embeddable":true,"href":"https:\/\/www.greenpeace.org\/czech\/wp-json\/wp\/v2\/media\/4440"}],"wp:attachment":[{"href":"https:\/\/www.greenpeace.org\/czech\/wp-json\/wp\/v2\/media?parent=4435"}],"wp:term":[{"taxonomy":"category","embeddable":true,"href":"https:\/\/www.greenpeace.org\/czech\/wp-json\/wp\/v2\/categories?post=4435"},{"taxonomy":"post_tag","embeddable":true,"href":"https:\/\/www.greenpeace.org\/czech\/wp-json\/wp\/v2\/tags?post=4435"},{"taxonomy":"p4-page-type","embeddable":true,"href":"https:\/\/www.greenpeace.org\/czech\/wp-json\/wp\/v2\/p4-page-type?post=4435"}],"curies":[{"name":"wp","href":"https:\/\/api.w.org\/{rel}","templated":true}]}}