{"id":4600,"date":"2019-10-22T15:40:08","date_gmt":"2019-10-22T13:40:08","guid":{"rendered":"https:\/\/www.greenpeace.org\/czech\/?p=4600"},"modified":"2021-12-01T13:32:10","modified_gmt":"2021-12-01T12:32:10","slug":"ktera-vec-je-tak-dobra-jako-vysazeni-19-milionu-stromu-rocne-prinasime-skutecne-reseni-klimaticke-krize","status":"publish","type":"post","link":"https:\/\/www.greenpeace.org\/czech\/clanek\/4600\/ktera-vec-je-tak-dobra-jako-vysazeni-19-milionu-stromu-rocne-prinasime-skutecne-reseni-klimaticke-krize\/","title":{"rendered":"Kter\u00e1 v\u011bc je tak dobr\u00e1 jako vysazen\u00ed 19 milion\u016f strom\u016f ro\u010dn\u011b? P\u0159in\u00e1\u0161\u00edme skute\u010dn\u00e9 \u0159e\u0161en\u00ed klimatick\u00e9 krize"},"content":{"rendered":"<p><strong>Politici jako nap\u0159\u00edklad pan premi\u00e9r, minist\u0159i \u017eivotn\u00edho prost\u0159ed\u00ed a zem\u011bd\u011blstv\u00ed a mnoz\u00ed dal\u0161\u00ed se dali v\u0161ichni na s\u00e1zen\u00ed strom\u016f. V televizn\u00edch po\u0159adech hlasit\u011b p\u0159epo\u010d\u00edt\u00e1vaj\u00ed po\u010dty student\u016f na brig\u00e1dn\u00ed hodiny a potenci\u00e1l vysazen\u00fdch strom\u016f, ukazuj\u00ed sazeni\u010dky statis\u00edc\u016fm div\u00e1k\u016f a spolu s podporou n\u011bkolika neziskov\u00fdch organizac\u00ed vyz\u00fdvaj\u00ed \u010deskou spole\u010dnost, abychom vys\u00e1zeli 10 milion\u016f strom\u016f.\u00a0<\/strong><\/p>\n<blockquote><p>Politik, kter\u00fd s\u00e1z\u00ed stromy a nezav\u00edr\u00e1 uheln\u00e9 elektr\u00e1rny, je pokrytec.<\/p><\/blockquote>\n<p><span style=\"font-weight: 400;\">To v\u0161e by bylo ze strany politik\u016f jist\u011b chv\u00e1lyhodn\u00e9, kdyby ov\u0161em z jejich strany ne\u0161lo jen o marketingov\u00e9 kli\u010dky, kter\u00e9 zast\u00edraj\u00ed pravou podstatu probl\u00e9mu. S\u00e1zet stromy m\u016f\u017ee ka\u017ed\u00fd z n\u00e1s. Ale politici, p\u0159edev\u0161\u00edm ti, kte\u0159\u00ed nyn\u00ed sed\u00ed ve vl\u00e1d\u011b, mohou a hlavn\u011b musej\u00ed d\u011blat mnohem v\u00edc. Musej\u00ed p\u0159edev\u0161\u00edm zav\u00edrat uheln\u00e9 elektr\u00e1rny. <\/span><span style=\"font-weight: 400;\">Trocha \u010d\u00edsel jasn\u011b vysv\u011btl\u00ed, pro\u010d je to nutn\u00e9.<\/span><\/p>\n<p>Jako p\u0159\u00edklad nejl\u00e9pe poslou\u017e\u00ed elektr\u00e1rna Po\u010derady, kter\u00e1 je nejv\u011bt\u0161\u00edm zdrojem CO2 v republice a <a href=\"https:\/\/www.greenpeace.org\/czech\/clanek\/4199\/nejsmradlavejsi-vyfuk-ceske-republiky-elektrarna-pocerady\/\">z\u00e1rove\u0148 je v situaci, \u017ee ji m\u016f\u017eeme uzav\u0159\u00edt<\/a>. Elektr\u00e1rna Po\u010derady ro\u010dn\u011b vypust\u00ed\u00a0 5,5 milion\u016f tun CO2. Kdybychom cht\u011bli ro\u010dn\u00ed emise elektr\u00e1rny vyv\u00e1\u017eit a ulo\u017eit (odborn\u011b \u0159e\u010deno offsetovat) ve stromech, pot\u0159ebujeme vysadit les, kter\u00fd bude r\u016fst 30 let a bude m\u00edt celkem 19 milion\u016f strom\u016f. Co\u017e na plochu \u010din\u00ed zhruba rozlohu Ostravy nebo o n\u011bco v\u00edce ne\u017e je rozloha \u2153 Prahy. A to je pouze \u010d\u00edslo za jeden rok provozu takov\u00e9 elektr\u00e1rny.<\/p>\n<div id=\"attachment_3670\" style=\"width: 310px\" class=\"wp-caption alignleft\"><img loading=\"lazy\" decoding=\"async\" aria-describedby=\"caption-attachment-3670\" class=\"size-medium wp-image-3670\" src=\"https:\/\/www.greenpeace.org\/static\/planet4-czech-republic-stateless\/2019\/06\/e059f228-dsc2809_ibra_net-300x200.jpg\" alt=\"\" width=\"300\" height=\"200\" srcset=\"https:\/\/www.greenpeace.org\/static\/planet4-czech-republic-stateless\/2019\/06\/e059f228-dsc2809_ibra_net-300x200.jpg 300w, https:\/\/www.greenpeace.org\/static\/planet4-czech-republic-stateless\/2019\/06\/e059f228-dsc2809_ibra_net-768x512.jpg 768w, https:\/\/www.greenpeace.org\/static\/planet4-czech-republic-stateless\/2019\/06\/e059f228-dsc2809_ibra_net-1024x683.jpg 1024w, https:\/\/www.greenpeace.org\/static\/planet4-czech-republic-stateless\/2019\/06\/e059f228-dsc2809_ibra_net-510x340.jpg 510w, https:\/\/www.greenpeace.org\/static\/planet4-czech-republic-stateless\/2019\/06\/e059f228-dsc2809_ibra_net.jpg 1500w\" sizes=\"auto, (max-width: 300px) 100vw, 300px\" \/><p id=\"caption-attachment-3670\" class=\"wp-caption-text\">Elektr\u00e1rna Po\u010derady<\/p><\/div>\n<p><span style=\"font-weight: 400;\">Celkov\u00e1 \u010d\u00edsla ro\u010dn\u00edch emis\u00ed CO2 je\u0161t\u011b jasn\u011bji prokazuj\u00ed, jak se politici sna\u017e\u00ed s\u00e1zen\u00edm strom\u016f odklonit pozornost od re\u00e1ln\u00fdch krok\u016f pro \u0159e\u0161en\u00ed klimatick\u00e9 krize, na kter\u00e9 jim sch\u00e1z\u00ed odvaha. Pokud bychom cht\u011bli offsetovat celkov\u00e9 ro\u010dn\u00ed emise \u010cR ve form\u011b strom\u016f, pot\u0159ebovali bychom ka\u017ed\u00fd rok vys\u00e1zet astronomick\u00fdch 450 milion\u016f strom\u016f, kter\u00e9 se do\u017eij\u00ed 30 let. A zde ji\u017e nar\u00e1\u017e\u00edme na limity na\u0161\u00ed republiky. Pro takov\u00e9 mno\u017estv\u00ed strom\u016f bychom ro\u010dn\u011b pot\u0159ebovali teoreticky osadit zhruba 5,7 % rozlohy republiky. Ve skute\u010dnosti by to v\u0161ak muselo b\u00fdt skoro 2x v\u00edce, nebo\u0165 na velk\u00e9 \u010d\u00e1sti republiky ji\u017e les existuje nebo jsou zde stavby, vodn\u00ed plochy a podobn\u011b. \u0160lo by tedy o 11 % voln\u00e9 plochy. Ro\u010dn\u011b.<\/span><\/p>\n<p><span style=\"font-weight: 400;\">Re\u00e1ln\u00e9 \u0159e\u0161en\u00ed klimatick\u00e9 krize m\u00e1 jasn\u00e9 \u0159e\u0161en\u00ed &#8211; p\u0159estat p\u00e1lit fosiln\u00ed paliva. S\u00e1zet stromy je d\u016fle\u017eit\u00e9 adapta\u010dn\u00ed opat\u0159en\u00ed a je v sil\u00e1ch ka\u017ed\u00e9ho z n\u00e1s strom zasadit, a pod\u00edlet se tak na \u0159e\u0161en\u00ed klimatick\u00e9 krize. Politici ale maj\u00ed v rukou mnohem v\u00fdznamn\u011bj\u0161\u00ed n\u00e1stroje. Mohou za\u010d\u00edt sm\u011b\u0159ovat na\u0161i republiku ke konci spalov\u00e1n\u00ed uhl\u00ed. V\u0161e ostatn\u00ed je zelen\u00e9 PR a marketing, kter\u00fd n\u00e1s zdr\u017euje od re\u00e1ln\u00fdch krok\u016f.\u00a0<\/span><\/p>\n<p><span style=\"font-weight: 400;\">Souhlas\u00edte s n\u00e1mi? P\u0159ipojte se k v\u00fdzv\u011b politik\u016fm, aby ud\u011blali maximum pro ochranu klimatu. P\u0159ipojete se k v\u00fdzv\u011b #SpoluProKlima<\/span><\/p>\n<p><a href=\"http:\/\/www.spoluproklima.cz\"><img loading=\"lazy\" decoding=\"async\" class=\"aligncenter wp-image-4130 size-full\" src=\"https:\/\/www.greenpeace.org\/static\/planet4-czech-republic-stateless\/2019\/09\/0bbea285-buttonekp4.jpg\" alt=\"SpoluProKlima\" width=\"280\" height=\"54\" \/><\/a><\/p>\n<p>&nbsp;<\/p>\n<p><em><span style=\"font-weight: 200;\"><strong>Jak jsme k t\u011bm \u010d\u00edsl\u016fm do\u0161li?<\/strong> <\/span><\/em><\/p>\n<p><em><span style=\"font-weight: 200;\">T\u0159icet let star\u00fd strom m\u00e1 podle r\u016fstov\u00e9 k\u0159ivky objem cca 0,25 m3, a tud\u00ed\u017e m\u00e1 v\u00e1hu 185 kg, co\u017e odpov\u00edd\u00e1 cca 92,5 kg C\u00a0 a to znamen\u00e1, \u017ee ulo\u017e\u00ed asi 290 kg CO2 za t\u0159icet let od vysazen\u00ed. Tud\u00ed\u017e pro zachycen\u00ed ro\u010dn\u00edch emis\u00ed Po\u010derad (5.5 mil t CO2) je t\u0159eba cca 19 milion\u016f strom\u016f rostouc\u00edch t\u0159icet let. Hustota strom\u016f ve v\u011bku 30 let je 1000 kus\u016f na hektar. Ro\u010dn\u00ed emise \u010cR jsou 130,35 milion\u016f tun. Stejn\u00fdm v\u00fdpo\u010dtem &#8211; na offsetov\u00e1n\u00ed 1 milionu tun CO2 je t\u0159eba vysadit zhruba 3,45 milion\u016f strom\u016f &#8211; se dostaneme k 450 milion\u016f strom\u016f ro\u010dn\u011b.\u00a0<\/span><\/em><\/p>\n<p><img loading=\"lazy\" decoding=\"async\" class=\"size-medium wp-image-4604 alignleft\" src=\"https:\/\/www.greenpeace.org\/static\/planet4-czech-republic-stateless\/2019\/10\/f6a7bd28-gp0str3iq-300x169.jpg\" alt=\"Forest West of Stor-Gravberget in Sweden. \u00a9 Edward Beskow \/ Greenpeace\" width=\"300\" height=\"169\" srcset=\"https:\/\/www.greenpeace.org\/static\/planet4-czech-republic-stateless\/2019\/10\/f6a7bd28-gp0str3iq-300x169.jpg 300w, https:\/\/www.greenpeace.org\/static\/planet4-czech-republic-stateless\/2019\/10\/f6a7bd28-gp0str3iq-768x431.jpg 768w, https:\/\/www.greenpeace.org\/static\/planet4-czech-republic-stateless\/2019\/10\/f6a7bd28-gp0str3iq-1024x575.jpg 1024w, https:\/\/www.greenpeace.org\/static\/planet4-czech-republic-stateless\/2019\/10\/f6a7bd28-gp0str3iq-510x286.jpg 510w, https:\/\/www.greenpeace.org\/static\/planet4-czech-republic-stateless\/2019\/10\/f6a7bd28-gp0str3iq.jpg 1200w\" sizes=\"auto, (max-width: 300px) 100vw, 300px\" \/><\/p>\n<p><em><span style=\"font-weight: 200;\">Ve v\u00fdpo\u010dtu jsme pou\u017eili smrkov\u00fd porost, roste relativn\u011b rychle a m\u00e1 jasn\u00e9 tabulkov\u00e9 hodnoty. V\u00fdpo\u010det nen\u00ed ale zcela p\u0159esn\u00fd, profesion\u00e1ln\u00ed lesn\u00edk by mohl p\u0159ij\u00edt i s p\u0159esn\u011bj\u0161\u00edmi \u010d\u00edsly. Z\u00e1rove\u0148 jsme nepo\u010d\u00edtali s kalamitami, extr\u00e9my po\u010das\u00ed a dal\u0161\u00edmi aspekty, kter\u00e9 r\u016fst lesa mohou dlouhodob\u011b ovlivnit. A\u010dkoli je nutn\u00e9 br\u00e1t v\u00fdpo\u010det s rezervou, nesmyslnost s\u00e1zen\u00ed strom\u016f prezentovan\u00e9 jako \u0159e\u0161en\u00ed klimatick\u00e9 kriize r\u016fzn\u00fdmi politiky je na prvn\u00ed pohled jasn\u00e1. <\/span><\/em><\/p>\n<div class=\"EmptyMessage\">Block content is empty. Check the block&#8217;s settings or remove it.<\/div>","protected":false},"excerpt":{"rendered":"<p>Politici jako nap\u0159\u00edklad pan premi\u00e9r, ministr \u017eivotn\u00edho prost\u0159ed\u00ed, zem\u011bd\u011blstv\u00ed a mnoz\u00ed dal\u0161\u00ed se dali v\u0161ichni na s\u00e1zen\u00ed strom\u016f. V televizn\u00edch po\u0159adech hlasit\u011b p\u0159epo\u010d\u00edt\u00e1vaj\u00ed po\u010dty student\u016f na brig\u00e1dn\u00ed hodiny a potenci\u00e1l&hellip;<\/p>\n","protected":false},"author":31,"featured_media":4618,"comment_status":"open","ping_status":"closed","sticky":false,"template":"","format":"standard","meta":{"ep_exclude_from_search":false,"p4_og_title":"","p4_og_description":"","p4_og_image":"","p4_og_image_id":"","p4_seo_canonical_url":"","p4_campaign_name":"Climate Emergency","p4_local_project":"","p4_basket_name":"Climate & Energy","p4_department":"","footnotes":""},"categories":[4],"tags":[20,25],"p4-page-type":[16],"class_list":["post-4600","post","type-post","status-publish","format-standard","has-post-thumbnail","hentry","category-energeticka-revoluce","tag-zmena-klimatu","tag-konec-doby-fosilni","p4-page-type-clanek"],"_links":{"self":[{"href":"https:\/\/www.greenpeace.org\/czech\/wp-json\/wp\/v2\/posts\/4600","targetHints":{"allow":["GET"]}}],"collection":[{"href":"https:\/\/www.greenpeace.org\/czech\/wp-json\/wp\/v2\/posts"}],"about":[{"href":"https:\/\/www.greenpeace.org\/czech\/wp-json\/wp\/v2\/types\/post"}],"author":[{"embeddable":true,"href":"https:\/\/www.greenpeace.org\/czech\/wp-json\/wp\/v2\/users\/31"}],"replies":[{"embeddable":true,"href":"https:\/\/www.greenpeace.org\/czech\/wp-json\/wp\/v2\/comments?post=4600"}],"version-history":[{"count":17,"href":"https:\/\/www.greenpeace.org\/czech\/wp-json\/wp\/v2\/posts\/4600\/revisions"}],"predecessor-version":[{"id":15649,"href":"https:\/\/www.greenpeace.org\/czech\/wp-json\/wp\/v2\/posts\/4600\/revisions\/15649"}],"wp:featuredmedia":[{"embeddable":true,"href":"https:\/\/www.greenpeace.org\/czech\/wp-json\/wp\/v2\/media\/4618"}],"wp:attachment":[{"href":"https:\/\/www.greenpeace.org\/czech\/wp-json\/wp\/v2\/media?parent=4600"}],"wp:term":[{"taxonomy":"category","embeddable":true,"href":"https:\/\/www.greenpeace.org\/czech\/wp-json\/wp\/v2\/categories?post=4600"},{"taxonomy":"post_tag","embeddable":true,"href":"https:\/\/www.greenpeace.org\/czech\/wp-json\/wp\/v2\/tags?post=4600"},{"taxonomy":"p4-page-type","embeddable":true,"href":"https:\/\/www.greenpeace.org\/czech\/wp-json\/wp\/v2\/p4-page-type?post=4600"}],"curies":[{"name":"wp","href":"https:\/\/api.w.org\/{rel}","templated":true}]}}