{"id":4627,"date":"2019-10-23T13:30:59","date_gmt":"2019-10-23T11:30:59","guid":{"rendered":"https:\/\/www.greenpeace.org\/czech\/?p=4627"},"modified":"2021-12-01T13:32:09","modified_gmt":"2021-12-01T12:32:09","slug":"vrcholovy-cesky-plazovy-volejbalista-martin-tichy-podporuje-greenpeace","status":"publish","type":"post","link":"https:\/\/www.greenpeace.org\/czech\/clanek\/4627\/vrcholovy-cesky-plazovy-volejbalista-martin-tichy-podporuje-greenpeace\/","title":{"rendered":"Vrcholov\u00fd \u010desk\u00fd pl\u00e1\u017eov\u00fd volejbalista Martin Tich\u00fd podporuje Greenpeace"},"content":{"rendered":"<p><em><strong>V p\u00e1tek 25. \u0159\u00edjna za\u010dne 8. ro\u010dn\u00edk benefi\u010dn\u00edho turnaje \u201e<a href=\"http:\/\/www.beneficniturnaj.cz\">Vyber si. Vydra\u017e si. Zahraj si<\/a>.\u201c P\u0159in\u00e1\u0161\u00edme rozhovor se zakladatelem projektu Martinem Tich\u00fdm. Martin je jedn\u00edm z p\u0159edn\u00edch \u010desk\u00fdch beachvolejbalist\u016f, n\u011bkolikan\u00e1sobn\u00fdm mistrem \u010cR a reprezentantem republiky na mezin\u00e1rodn\u00edm poli. Krom jeho volejbalov\u00fdch \u00fasp\u011bch\u016f se v\u011bnuje i tr\u00e9nov\u00e1n\u00ed nov\u00e9 generace a rozhodl se sv\u00fdm projektem podpo\u0159it Greenpeace.<\/strong>\u00a0 <strong>Co jej vede k podpo\u0159e Greenpeace a pro\u010d se rozhodl uspo\u0159\u00e1dat benefi\u010dn\u00ed turnaj?\u00a0<\/strong><\/em><\/p>\n<div id=\"attachment_4632\" style=\"width: 310px\" class=\"wp-caption alignleft\"><img loading=\"lazy\" decoding=\"async\" aria-describedby=\"caption-attachment-4632\" class=\"size-medium wp-image-4632\" src=\"https:\/\/www.greenpeace.org\/static\/planet4-czech-republic-stateless\/2019\/10\/6be1794e-72251608_2561845707206062_1160139673889144832_n-300x300.jpg\" alt=\"Martin Tich\u00fd benefi\u010dn\u00ed turnaj Vyber si, vydra\u017e si, zahraj si\" width=\"300\" height=\"300\" srcset=\"https:\/\/www.greenpeace.org\/static\/planet4-czech-republic-stateless\/2019\/10\/6be1794e-72251608_2561845707206062_1160139673889144832_n-300x300.jpg 300w, https:\/\/www.greenpeace.org\/static\/planet4-czech-republic-stateless\/2019\/10\/6be1794e-72251608_2561845707206062_1160139673889144832_n-150x150.jpg 150w, https:\/\/www.greenpeace.org\/static\/planet4-czech-republic-stateless\/2019\/10\/6be1794e-72251608_2561845707206062_1160139673889144832_n-340x340.jpg 340w, https:\/\/www.greenpeace.org\/static\/planet4-czech-republic-stateless\/2019\/10\/6be1794e-72251608_2561845707206062_1160139673889144832_n.jpg 667w\" sizes=\"auto, (max-width: 300px) 100vw, 300px\" \/><p id=\"caption-attachment-4632\" class=\"wp-caption-text\">Martin Tich\u00fd benefi\u010dn\u00ed turnaj &#8222;Vyber si, vydra\u017e si, zahraj si&#8220; Podporuje Greenpeace<\/p><\/div>\n<p><strong>V\u00a0\u010dem benefi\u010dn\u00ed turnaj spo\u010d\u00edv\u00e1?<\/strong><\/p>\n<p>Projekt m\u00e1 za c\u00edl vybrat pen\u00edze pro neziskov\u00e9 organizace, a to z\u00e1bavn\u00fdm zp\u016fsobem. Napadlo n\u00e1s oslovit hr\u00e1\u010de pl\u00e1\u017eov\u00e9ho volejbalu, v\u011bt\u0161inou se jedn\u00e1 o profesion\u00e1ln\u00ed hr\u00e1\u010de a o hr\u00e1\u010de ze zahrani\u010d\u00ed, kte\u0159\u00ed se je\u0161t\u011b p\u0159ed samotn\u00fdm turnajem nechaj\u00ed \u201evydra\u017eit\u201c div\u00e1ky. Ka\u017ed\u00e9ho jednotliv\u00e9ho hr\u00e1\u010de mohou lid\u00e9 vydra\u017eit, p\u0159i\u010dem\u017e ka\u017ed\u00fd hr\u00e1\u010d reprezentuje neziskovou organizaci, kter\u00e1 je jeho srdci bl\u00edzk\u00e1 a m\u00e1 chu\u0165 pro ni vybrat pen\u00edze. V\u0161echny pen\u00edze, kter\u00e9 se vydra\u017e\u00ed, budou pot\u00e9 p\u0159ed\u00e1ny dan\u00fdm neziskov\u00fdm organizac\u00edm. Od minul\u00e9ho roku jsme zapojili i modern\u00ed technologie, tak\u017ee aukce prob\u00edh\u00e1 p\u0159ibli\u017en\u011b m\u011bs\u00edc dop\u0159edu online a dra\u017eba vrchol\u00ed na m\u00edst\u011b, letos to bude v\u00a0p\u00e1tek 25. \u0159\u00edjna v\u00a0baru La Loca.<\/p>\n<p><strong>Co z\u00edsk\u00e1 div\u00e1k, kter\u00fd za hr\u00e1\u010de p\u0159ihodil nejvy\u0161\u0161\u00ed nab\u00eddku?<\/strong><\/p>\n<p>N\u00e1sleduj\u00edc\u00ed den se na kurtech pl\u00e1\u017eov\u00e9ho volejbalu hraje turnaj. Dra\u017eitel, kter\u00fd nab\u00eddne nejvy\u0161\u0161\u00ed sumu za hr\u00e1\u010de nebo hr\u00e1\u010dku, tohoto hr\u00e1\u010de \u201evyhr\u00e1v\u00e1\u201c a m\u016f\u017ee si s\u00a0n\u00edm zahr\u00e1t volejbal. Kdy\u017e jsme s\u00a0cel\u00fdm projektem za\u010d\u00ednali, d\u00edvali se na m\u011b lidi jako na bl\u00e1zna, ale v\u00a0sou\u010dasn\u00e9 dob\u011b se nejni\u017e\u0161\u00ed \u010d\u00e1stky pohybuj\u00ed v\u00a0\u0159\u00e1dech des\u00edtek tis\u00edc korun. Za dobu existence t\u00e9to akce jsme vybrali u\u017e kolem 3 milion\u016f korun. D\u011bl\u00e1me to v\u00a0\u0161esti\u010dlenn\u00e9m t\u00fdmu \u2013 lidi s\u00a0dobr\u00fdm srdcem a dobrou my\u0161lenkou zkr\u00e1tka cht\u011bj\u00ed pomoc.<\/p>\n<p><strong>Ty s\u00e1m se turnaje z\u00fa\u010dastn\u00ed\u0161 a bude\u0161 reprezentovat Greenpeace. Pro\u010d ses tak rozhodl?<\/strong><\/p>\n<div id=\"attachment_4636\" style=\"width: 210px\" class=\"wp-caption alignright\"><img loading=\"lazy\" decoding=\"async\" aria-describedby=\"caption-attachment-4636\" class=\"size-medium wp-image-4636\" src=\"https:\/\/www.greenpeace.org\/static\/planet4-czech-republic-stateless\/2019\/10\/8da5e824-10264719_10203038383634547_893031956222631528_n-200x300.jpg\" alt=\"Martin Tich\u00fd\" width=\"200\" height=\"300\" srcset=\"https:\/\/www.greenpeace.org\/static\/planet4-czech-republic-stateless\/2019\/10\/8da5e824-10264719_10203038383634547_893031956222631528_n-200x300.jpg 200w, https:\/\/www.greenpeace.org\/static\/planet4-czech-republic-stateless\/2019\/10\/8da5e824-10264719_10203038383634547_893031956222631528_n-227x340.jpg 227w, https:\/\/www.greenpeace.org\/static\/planet4-czech-republic-stateless\/2019\/10\/8da5e824-10264719_10203038383634547_893031956222631528_n.jpg 640w\" sizes=\"auto, (max-width: 200px) 100vw, 200px\" \/><p id=\"caption-attachment-4636\" class=\"wp-caption-text\">Martin Tich\u00fd<\/p><\/div>\n<p>Sna\u017e\u00edm se myslet na \u017eivotn\u00ed prost\u0159ed\u00ed a p\u0159ipad\u00e1 mi, \u017ee Greenpeace m\u00e1 tradici a je to organizace, kter\u00e1 v\u00ed, co chce, a jde si za t\u00edm. Greenpeace jako organizace m\u00e1 osobnost a charakter. Z\u00a0m\u00e9ho pohledu je to nav\u00edc jedna z\u00a0nejv\u00edc transparentn\u00edch organizac\u00ed. A nem\u011bli jsme p\u0159\u00edli\u0161 hr\u00e1\u010d\u016f, kte\u0159\u00ed by zastupovali ekologickou neziskovku. J\u00e1 jsem ze za\u010d\u00e1tku vyb\u00edral hlavn\u011b na pomoc mobiln\u00edm hospic\u016fm, pak na centra pro lidi s\u00a0poruchou p\u0159\u00edjmu potravy, potom na pomoc ob\u011btem dom\u00e1c\u00edho n\u00e1sil\u00ed, na jednu neziskovou organizaci z\u00a0Ikemu, ale letos jsem cht\u011bl zm\u011bnu, a pr\u00e1v\u011b ekologie je t\u00e9ma, kter\u00e9 rezonuje spole\u010dnost\u00ed a je pot\u0159eba se nad n\u00edm zam\u00fd\u0161let.<\/p>\n<p><strong>Kter\u00e1 z\u00a0\u010dinnost\u00ed Greenpeace t\u011b zaujala?<\/strong><\/p>\n<p>Nez\u00e1visle na Greenpeace m\u011b zaj\u00edm\u00e1 ve\u0159ejn\u00e1 doprava a vyu\u017eit\u00ed cyklistiky v\u00a0Praze a ve m\u011bstech. P\u0159em\u00fd\u0161l\u00edm nad pou\u017e\u00edv\u00e1n\u00edm automobil\u016f a nad t\u00edm, kam vlastn\u011b osobn\u00ed dopravu sm\u011b\u0159ovat. Zva\u017euju, kdy a jestli zapojit auto, kdy jet na kole a kdy vyu\u017e\u00edt m\u011bstkou hromadnou dopravu. Zaj\u00edm\u00e1 m\u011b, jak j\u00e1 s\u00e1m mohu p\u0159isp\u011bt. J\u00edzdy autem se sna\u017e\u00edm redukovat na minimum. Celkov\u011b se sna\u017e\u00edm o minimalismus \u2013 m\u00edt toho co nejm\u00e9n\u011b, abych nezat\u011b\u017eoval planetu. A druh\u00e9 t\u00e9ma je oble\u010den\u00ed. Kolik oble\u010den\u00ed je skute\u010dn\u011b pot\u0159eba a jak energeticky n\u00e1ro\u010dn\u00e1 je v\u00fdroba oble\u010den\u00ed? Ale v\u00a0posledn\u00ed dob\u011b m\u011b taky zaujalo, kolik vody je nutn\u00e9 k\u00a0v\u00fdrob\u011b jednoho kusu ovoce nebo zeleniny. Tak\u017ee i potravinov\u00e1 udr\u017eitelnost je pro m\u011b podstatn\u00e1. Doprava, oble\u010den\u00ed, potraviny \u2013 to jsou t\u00e9mata, kter\u00e1 m\u011b v\u00a0sou\u010dasnosti nejv\u00edce ovliv\u0148uj\u00ed. Postupn\u00fdmi kr\u016f\u010dky v\u00a0osobn\u00edm \u017eivot\u011b se sna\u017e\u00edm p\u0159isp\u00edvat k\u00a0tomu, aby se klima nezhroutilo \u00fapln\u011b.<\/p>\n<p>Up\u0159\u00edmn\u011b d\u011bkujeme za podporu v\u0161em na\u0161im d\u00e1rc\u016fm a Martinovi. Pokud si chcete s Martinem zahr\u00e1t a podpo\u0159it Greenpeace, vydra\u017ete si jej zde: <a href=\"http:\/\/www.beneficniturnaj.cz\/\">www.beneficniturnaj.cz<\/a><\/p>\n<p><a href=\"https:\/\/podpora.greenpeace.cz\/vterina\/?_ga=2.39204195.1974085628.1571744917-1586096525.1563788401\">Podpo\u0159 Greenpeace i ty.<\/a> D\u011bkujeme<\/p>\n<div class=\"EmptyMessage\">Block content is empty. Check the block&#8217;s settings or remove it.<\/div>","protected":false},"excerpt":{"rendered":"<p>V p\u00e1tek 25. \u0159\u00edjna za\u010dne 8. ro\u010dn\u00edk benefi\u010dn\u00edho turnaje \u201eVyber si. Vydra\u017e si. Zahraj si.\u201c P\u0159in\u00e1\u0161\u00edme rozhovor se zakladatelem projektu Martinem Tich\u00fdm. Martin je jedn\u00edm z p\u0159edn\u00edch \u010desk\u00fdch beachvolejbalist\u016f, n\u011bkolikan\u00e1sobn\u00fdm&hellip;<\/p>\n","protected":false},"author":31,"featured_media":4633,"comment_status":"open","ping_status":"closed","sticky":false,"template":"","format":"standard","meta":{"ep_exclude_from_search":false,"p4_og_title":"","p4_og_description":"","p4_og_image":"","p4_og_image_id":"","p4_seo_canonical_url":"","p4_campaign_name":"Local Campaign","p4_local_project":"","p4_basket_name":"not set","p4_department":"","footnotes":""},"categories":[30],"tags":[24,27],"p4-page-type":[16],"class_list":["post-4627","post","type-post","status-publish","format-standard","has-post-thumbnail","hentry","category-greenpeace","tag-aktivni-spolecnost","tag-podporuji-greenpeace","p4-page-type-clanek"],"_links":{"self":[{"href":"https:\/\/www.greenpeace.org\/czech\/wp-json\/wp\/v2\/posts\/4627","targetHints":{"allow":["GET"]}}],"collection":[{"href":"https:\/\/www.greenpeace.org\/czech\/wp-json\/wp\/v2\/posts"}],"about":[{"href":"https:\/\/www.greenpeace.org\/czech\/wp-json\/wp\/v2\/types\/post"}],"author":[{"embeddable":true,"href":"https:\/\/www.greenpeace.org\/czech\/wp-json\/wp\/v2\/users\/31"}],"replies":[{"embeddable":true,"href":"https:\/\/www.greenpeace.org\/czech\/wp-json\/wp\/v2\/comments?post=4627"}],"version-history":[{"count":8,"href":"https:\/\/www.greenpeace.org\/czech\/wp-json\/wp\/v2\/posts\/4627\/revisions"}],"predecessor-version":[{"id":15647,"href":"https:\/\/www.greenpeace.org\/czech\/wp-json\/wp\/v2\/posts\/4627\/revisions\/15647"}],"wp:featuredmedia":[{"embeddable":true,"href":"https:\/\/www.greenpeace.org\/czech\/wp-json\/wp\/v2\/media\/4633"}],"wp:attachment":[{"href":"https:\/\/www.greenpeace.org\/czech\/wp-json\/wp\/v2\/media?parent=4627"}],"wp:term":[{"taxonomy":"category","embeddable":true,"href":"https:\/\/www.greenpeace.org\/czech\/wp-json\/wp\/v2\/categories?post=4627"},{"taxonomy":"post_tag","embeddable":true,"href":"https:\/\/www.greenpeace.org\/czech\/wp-json\/wp\/v2\/tags?post=4627"},{"taxonomy":"p4-page-type","embeddable":true,"href":"https:\/\/www.greenpeace.org\/czech\/wp-json\/wp\/v2\/p4-page-type?post=4627"}],"curies":[{"name":"wp","href":"https:\/\/api.w.org\/{rel}","templated":true}]}}