{"id":4735,"date":"2019-10-30T17:31:12","date_gmt":"2019-10-30T15:31:12","guid":{"rendered":"https:\/\/www.greenpeace.org\/czech\/?p=4735"},"modified":"2019-11-06T10:37:23","modified_gmt":"2019-11-06T08:37:23","slug":"ministr-karel-havlicek-a-koalicni-poslanci-z-hospodarskeho-vyboru-se-postavili-proti-vlade-navrhuji-aby-elektrarny-mohly-plytvat-uhlim","status":"publish","type":"post","link":"https:\/\/www.greenpeace.org\/czech\/tiskova-analyza\/4735\/ministr-karel-havlicek-a-koalicni-poslanci-z-hospodarskeho-vyboru-se-postavili-proti-vlade-navrhuji-aby-elektrarny-mohly-plytvat-uhlim\/","title":{"rendered":"Ministr Karel Havl\u00ed\u010dek a koali\u010dn\u00ed poslanci z hospod\u00e1\u0159sk\u00e9ho v\u00fdboru se postavili proti vl\u00e1d\u011b. Navrhuj\u00ed, aby elektr\u00e1rny mohly pl\u00fdtvat uhl\u00edm."},"content":{"rendered":"<p><strong>Poslanci ANO, SPD, KS\u010cM, ODS a \u010cSSD pr\u00e1v\u011b schv\u00e1lili souhlasn\u00e9 stanovisko Hospod\u00e1\u0159sk\u00e9ho v\u00fdboru k pozm\u011b\u0148ovac\u00edmu n\u00e1vrhu poslance ANO Pavla Pust\u011bjovsk\u00e9ho, kter\u00fd fakticky ru\u0161\u00ed sou\u010dasnou povinnost provozovatel\u016f star\u00fdch uheln\u00fdch elektr\u00e1ren investovat p\u0159i rekonstrukc\u00edch do zvy\u0161ov\u00e1n\u00ed \u00fa\u010dinnosti [1]. Stalo se tak hlavn\u011b kv\u016fli kladn\u00e9mu postoji Ministerstva pr\u016fmyslu a obchodu (MPO), kter\u00e9 vede Karel Havl\u00ed\u010dek (za ANO). N\u00e1vrh nepodpo\u0159ili pir\u00e1t\u0161t\u00ed poslanci. A ani z\u00e1stupci a z\u00e1stupkyn\u011b dal\u0161\u00edch stran, kte\u0159\u00ed na jedn\u00e1n\u00ed nebyli.<\/strong><\/p>\n<p>V praxi n\u00e1vrh poslance Pust\u011bjovsk\u00e9ho p\u0159edstavuje p\u0159ihr\u00e1vku zejm\u00e9na pro byznys Pavla Tyka\u010de, kter\u00fd se sna\u017e\u00ed prodlu\u017eovat provoz elektr\u00e1rny Chvaletice a vyhnout se zvy\u0161ov\u00e1n\u00ed \u00fa\u010dinnosti [2]. Podobn\u011b by se Tyka\u010dovi zm\u011bna velmi hodila, pokud mu \u010cEZ prod\u00e1 uhelnou elektr\u00e1rnu Po\u010derady a on bude cht\u00edt prodlu\u017eovat jej\u00ed provoz.<\/p>\n<div id=\"attachment_3340\" style=\"width: 1061px\" class=\"wp-caption alignnone\"><img loading=\"lazy\" decoding=\"async\" aria-describedby=\"caption-attachment-3340\" class=\" wp-image-3340\" src=\"https:\/\/www.greenpeace.org\/static\/planet4-czech-republic-stateless\/2019\/05\/e71a170c-gp0stq66y.jpg\" alt=\"Chvaletice Power Plant Occupation in Czech Republic. \u00a9 Petr Zewlakk Vrabec \/ Greenpeace\" width=\"1051\" height=\"548\" srcset=\"https:\/\/www.greenpeace.org\/static\/planet4-czech-republic-stateless\/2019\/05\/e71a170c-gp0stq66y.jpg 800w, https:\/\/www.greenpeace.org\/static\/planet4-czech-republic-stateless\/2019\/05\/e71a170c-gp0stq66y-300x156.jpg 300w, https:\/\/www.greenpeace.org\/static\/planet4-czech-republic-stateless\/2019\/05\/e71a170c-gp0stq66y-768x400.jpg 768w, https:\/\/www.greenpeace.org\/static\/planet4-czech-republic-stateless\/2019\/05\/e71a170c-gp0stq66y-510x266.jpg 510w\" sizes=\"auto, (max-width: 1051px) 100vw, 1051px\" \/><p id=\"caption-attachment-3340\" class=\"wp-caption-text\">Elektr\u00e1rna Chvaletice<\/p><\/div>\n<p>\u00dapln\u011b stejnou zm\u011bnu \u2013 kterou nyn\u00ed navrhuje poslanec Pust\u011bjovsk\u00fd \u2013 p\u0159itom v \u00fanoru zam\u00edtla vl\u00e1da, kdy\u017e p\u0159\u00edmo na sv\u00e9m zased\u00e1n\u00ed na\u0159\u00eddila odstranit tento noveliza\u010dn\u00ed bod z n\u00e1vrhu p\u0159edlo\u017een\u00e9ho ministerstvem pr\u016fmyslu [3].<\/p>\n<p>Vl\u00e1da premi\u00e9ra Andreje Babi\u0161e m\u016f\u017ee destruktivn\u00ed n\u00e1vrh skrze hlasov\u00e1n\u00ed sv\u00fdch poslanc\u016f a poslanky\u0148 sm\u00e9st ze stolu ve t\u0159et\u00edm a fin\u00e1ln\u00edm \u010dten\u00ed z\u00e1kona, kdy se bude o zm\u011bn\u00e1ch vl\u00e1dn\u00ed p\u0159edlohy hlasovat na pl\u00e9nu Poslaneck\u00e9 sn\u011bmovny.<\/p>\n<p><b>Ji\u0159\u00ed Ko\u017eelouh, vedouc\u00ed energetick\u00e9ho a klimatick\u00e9ho programu Hnut\u00ed DUHA, \u0159ekl:<\/b><br \/>\n\u201cDne\u0161n\u00ed postup ministra pr\u016fmyslu Karla Havl\u00ed\u010dka i koali\u010dn\u00edch poslanc\u016f v hospod\u00e1\u0159sk\u00e9m v\u00fdboru se ned\u00e1 nazvat jinak ne\u017e v\u00fdsm\u011bch vl\u00e1d\u011b Andreje Babi\u0161e i energetick\u00e9 koncepci st\u00e1tu. Podpo\u0159ili \u0161kodlivou zm\u011bnu novely z\u00e1kona o hospoda\u0159en\u00ed energi\u00ed, kterou vl\u00e1da zcela rozumn\u011b z novely vy\u0161krtla. Pokud by zm\u011bnu schv\u00e1lili i poslanci na pl\u00e9nu sn\u011bmovny ve t\u0159et\u00edm \u010dten\u00ed, bude se sm\u00e1t nakonec Pavel Tyka\u010d, kter\u00fd bude moci sn\u00e1ze a levn\u011bji prodlu\u017eovat provoz pl\u00fdtvav\u00fdch uheln\u00fdch elektr\u00e1ren.\u201d<\/p>\n<p><b>Laura Haiselov\u00e1, pr\u00e1vni\u010dka Frank Bold, \u0159ekla:<\/b><br \/>\n\u201cVl\u00e1da u\u017e jednou dala jasn\u011b najevo, \u017ee n\u00e1vrh MPO odm\u00edt\u00e1. Je tedy absurdn\u00ed, kdy\u017e se koali\u010dn\u00ed poslanec sna\u017e\u00ed tento n\u00e1vrh vr\u00e1tit znovu do hry. Je\u0161t\u011b absurdn\u011bj\u0161\u00ed je potom podpora tohoto n\u00e1vrhu ze strany MPO, kter\u00e9 by m\u011blo p\u0159edev\u0161\u00edm h\u00e1jit St\u00e1tn\u00ed energetickou koncepci, nikoli podkop\u00e1vat jeden z jej\u00edch hlavn\u00edch pil\u00ed\u0159\u016f \u2013 energetickou \u00fa\u010dinnost.\u201d<\/p>\n<p><b>Luk\u00e1\u0161 Hr\u00e1bek, tiskov\u00fd mluv\u010d\u00ed Greenpeace, \u0159\u00edk\u00e1:<\/b><br \/>\n\u201cBabi\u0161\u016fv poslanec Pust\u011bjovsk\u00fd sv\u00fdm n\u00e1vrhem kr\u00e1sn\u011b poslou\u017eil uhlobaronovi Pavlu Tyka\u010dovi, proto\u017ee pr\u00e1v\u011b jeho elektr\u00e1rna Chvaletice m\u00e1 velmi malou energetickou \u00fa\u010dinnost. Pokud se Tyka\u010dovi dostane do rukou i n\u00edzko\u00fa\u010dinn\u00e1 elektr\u00e1rna Po\u010derady, vyhraje na tomto pozm\u011b\u0148ovac\u00edm n\u00e1vrhu hned dvakr\u00e1t.\u201d<\/p>\n<p><b><\/b><b>Pozn\u00e1mky:<\/b><br \/>\n[1] Jedn\u00e1 se o pozm\u011b\u0148ovac\u00ed n\u00e1vrh \u010d. 3528 (<a href=\"http:\/\/www.psp.cz\/sqw\/text\/orig2.sqw?idd=163460\" target=\"_blank\" rel=\"noopener noreferrer\" data-saferedirecturl=\"https:\/\/www.google.com\/url?q=http:\/\/www.psp.cz\/sqw\/text\/orig2.sqw?idd%3D163460&amp;source=gmail&amp;ust=1572535490913000&amp;usg=AFQjCNF168ALmCuiWvzuVWnilHn1dVCLcw\">http:\/\/www.psp.cz\/sqw\/text\/<wbr \/>orig2.sqw?idd=163460<\/a>) poslance Pavla Pust\u011bjovsk\u00e9ho.<\/p>\n<p>Konkr\u00e9tn\u011b se jedn\u00e1 o zm\u011bnu \u00a7 6 z\u00e1kona \u010d. 406\/2000 Sb., o hospoda\u0159en\u00ed energi\u00ed, kter\u00fd v sou\u010dasnosti stanov\u00ed povinnost plnit minim\u00e1ln\u00ed standard energetick\u00e9 \u00fa\u010dinnosti p\u0159i ka\u017ed\u00e9 zm\u011bn\u011b stavby (prodlou\u017een\u00ed \u017eivotnosti) v\u00fdrobny elekt\u0159iny nebo tepla, kter\u00e1 se t\u00fdk\u00e1 kotle. Podle pozm\u011b\u0148ovac\u00edho n\u00e1vrhu m\u00e1 b\u00fdt povinnost plnit tento standard pouze p\u0159i \u00fapln\u00e9 nebo \u010d\u00e1ste\u010dn\u00e9 v\u00fdm\u011bn\u011b za\u0159\u00edzen\u00ed nebo provozn\u00edch syst\u00e9m\u016f s dopadem na instalovan\u00fd v\u00fdkon (instalovan\u00fd v\u00fdkon jednotliv\u00fdch blok\u016f elektr\u00e1rny se v\u0161ak nap\u0159\u00edklad v p\u0159\u00edpad\u011b Chvaletic samoz\u0159ejm\u011b nem\u011bnil).<\/p>\n<p>[2] Modernizace blok\u016f B3 a B4 Elektr\u00e1rny Chvaletice prob\u011bhla jak bez spln\u011bn\u00ed standard\u016f minim\u00e1ln\u00ed energetick\u00e9 \u00fa\u010dinnosti, tak bez posouzen\u00ed vliv\u016f na \u017eivotn\u00ed prost\u0159ed\u00ed (tzv. EIA) a \u00fa\u010dasti okoln\u00edch obc\u00ed a ve\u0159ejnosti. O \u017ealob\u011b rozhoduje podruh\u00e9 Nejvy\u0161\u0161\u00ed spr\u00e1vn\u00ed soud, poprv\u00e9 vyhov\u011bl organizaci Frank Bold a prvn\u00ed rozsudek M\u011bstsk\u00e9ho soudu v Praze zru\u0161il. V\u00edce nap\u0159. zde:\u00a0<span id=\"m_3726982558647625009gmail-docs-internal-guid-735464f4-7fff-6885-e3bd-b7a24e220deb\"><a href=\"https:\/\/frankbold.org\/resime\/pripad\/chvaletice-spor-o-neustale-vyjimky-pro-starou-uhelnou-elektrarnu\" target=\"_blank\" rel=\"noopener noreferrer\" data-saferedirecturl=\"https:\/\/www.google.com\/url?q=https:\/\/frankbold.org\/resime\/pripad\/chvaletice-spor-o-neustale-vyjimky-pro-starou-uhelnou-elektrarnu&amp;source=gmail&amp;ust=1572535490913000&amp;usg=AFQjCNEW-9J7ZuCGeKJ-UKKhWoquqfhbpg\">https:\/\/frankbold.org\/<wbr \/>resime\/pripad\/chvaletice-spor-<wbr \/>o-neustale-vyjimky-pro-starou-<wbr \/>uhelnou-elektrarnu<\/a><\/span><\/p>\n<p>[3]\u00a0<a href=\"http:\/\/www.hnutiduha.cz\/aktualne\/vlada-zarazila-malou-domu-pro-pavla-tykace\" target=\"_blank\" rel=\"noopener noreferrer\" data-saferedirecturl=\"https:\/\/www.google.com\/url?q=http:\/\/www.hnutiduha.cz\/aktualne\/vlada-zarazila-malou-domu-pro-pavla-tykace&amp;source=gmail&amp;ust=1572535490913000&amp;usg=AFQjCNH0YIhH4q0AZ05sc6ervlfw0Pwp5g\">http:\/\/www.hnutiduha.cz\/<wbr \/>aktualne\/vlada-zarazila-malou-<wbr \/>domu-pro-pavla-tykace\u00a0\u00a0<\/a><\/p>\n","protected":false},"excerpt":{"rendered":"<p>Poslanci ANO, SPD, KS\u010cM, ODS a \u010cSSD pr\u00e1v\u011b schv\u00e1lili souhlasn\u00e9 stanovisko Hospod\u00e1\u0159sk\u00e9ho v\u00fdboru k pozm\u011b\u0148ovac\u00edmu n\u00e1vrhu poslance ANO Pavla Pust\u011bjovsk\u00e9ho, kter\u00fd fakticky ru\u0161\u00ed sou\u010dasnou povinnost provozovatel\u016f star\u00fdch uheln\u00fdch elektr\u00e1ren investovat&hellip;<\/p>\n","protected":false},"author":29,"featured_media":3340,"comment_status":"open","ping_status":"closed","sticky":false,"template":"","format":"standard","meta":{"ep_exclude_from_search":false,"p4_og_title":"","p4_og_description":"","p4_og_image":"","p4_og_image_id":"","p4_seo_canonical_url":"","p4_campaign_name":"not set","p4_local_project":"","p4_basket_name":"not set","p4_department":"","footnotes":""},"categories":[4],"tags":[25],"p4-page-type":[33],"class_list":["post-4735","post","type-post","status-publish","format-standard","has-post-thumbnail","hentry","category-energeticka-revoluce","tag-konec-doby-fosilni","p4-page-type-tiskova-analyza"],"_links":{"self":[{"href":"https:\/\/www.greenpeace.org\/czech\/wp-json\/wp\/v2\/posts\/4735","targetHints":{"allow":["GET"]}}],"collection":[{"href":"https:\/\/www.greenpeace.org\/czech\/wp-json\/wp\/v2\/posts"}],"about":[{"href":"https:\/\/www.greenpeace.org\/czech\/wp-json\/wp\/v2\/types\/post"}],"author":[{"embeddable":true,"href":"https:\/\/www.greenpeace.org\/czech\/wp-json\/wp\/v2\/users\/29"}],"replies":[{"embeddable":true,"href":"https:\/\/www.greenpeace.org\/czech\/wp-json\/wp\/v2\/comments?post=4735"}],"version-history":[{"count":4,"href":"https:\/\/www.greenpeace.org\/czech\/wp-json\/wp\/v2\/posts\/4735\/revisions"}],"predecessor-version":[{"id":4738,"href":"https:\/\/www.greenpeace.org\/czech\/wp-json\/wp\/v2\/posts\/4735\/revisions\/4738"}],"wp:featuredmedia":[{"embeddable":true,"href":"https:\/\/www.greenpeace.org\/czech\/wp-json\/wp\/v2\/media\/3340"}],"wp:attachment":[{"href":"https:\/\/www.greenpeace.org\/czech\/wp-json\/wp\/v2\/media?parent=4735"}],"wp:term":[{"taxonomy":"category","embeddable":true,"href":"https:\/\/www.greenpeace.org\/czech\/wp-json\/wp\/v2\/categories?post=4735"},{"taxonomy":"post_tag","embeddable":true,"href":"https:\/\/www.greenpeace.org\/czech\/wp-json\/wp\/v2\/tags?post=4735"},{"taxonomy":"p4-page-type","embeddable":true,"href":"https:\/\/www.greenpeace.org\/czech\/wp-json\/wp\/v2\/p4-page-type?post=4735"}],"curies":[{"name":"wp","href":"https:\/\/api.w.org\/{rel}","templated":true}]}}