{"id":4875,"date":"2019-11-07T12:54:59","date_gmt":"2019-11-07T10:54:59","guid":{"rendered":"https:\/\/www.greenpeace.org\/czech\/?p=4875"},"modified":"2019-11-07T22:35:26","modified_gmt":"2019-11-07T20:35:26","slug":"mzp-se-podle-mistnich-nestavi-dostatecne-proti-rozsireni-dolu-turow-zpusobene-skody-zaplatime-ze-svych-dani","status":"publish","type":"post","link":"https:\/\/www.greenpeace.org\/czech\/clanek\/4875\/mzp-se-podle-mistnich-nestavi-dostatecne-proti-rozsireni-dolu-turow-zpusobene-skody-zaplatime-ze-svych-dani\/","title":{"rendered":"M\u017dP se podle m\u00edstn\u00edch nestav\u00ed dostate\u010dn\u011b proti roz\u0161\u00ed\u0159en\u00ed dolu Tur\u00f3w. Zp\u016fsoben\u00e9 \u0161kody zaplat\u00edme ze sv\u00fdch dan\u00ed"},"content":{"rendered":"\n<p><strong>Hn\u011bdouheln\u00fd d\u016fl Tur\u00f3w se m\u00e1 roz\u0161\u00ed\u0159it k \u010desk\u00fdm hranic\u00edm a kv\u016fli hlubok\u00e9 t\u011b\u017eb\u011b p\u0159ipravit o pitnou vodu a\u017e 30 000 obyvatel Libereck\u00e9ho kraje. Ministerstvo \u017eivotn\u00edho prost\u0159ed\u00ed s t\u00edmto polsk\u00fdm z\u00e1m\u011brem v\u0161ak dle v\u0161eho bude souhlasit. N\u00e1klady na n\u00e1hradn\u00ed z\u00e1sobov\u00e1n\u00ed pitnou vodou jsou nav\u00edc odhadov\u00e1ny a\u017e na 2 mld. korun. Teoreticky by je m\u011bl zaplatit t\u011b\u017ea\u0159 &#8211; polsk\u00e1 v\u011bt\u0161inov\u011b st\u00e1tn\u00ed spole\u010dnost PGE. Richard Brabec to v\u0161ak po n\u011bm nevy\u017eaduje, a naopak po\u010d\u00edt\u00e1 s \u00fahradou z \u010desk\u00e9ho rozpo\u010dtu.&nbsp;<\/strong><\/p>\n\n<p>\u201eBoj proti roz\u0161i\u0159ov\u00e1n\u00ed uheln\u00e9ho dolu Tur\u00f3w zat\u00edm nem\u00e1 \u017e\u00e1dn\u00fd hmatateln\u00fd v\u00fdsledek. Pot\u0159ebujeme, aby Richard Brabec za \u010ceskou republiku ud\u011blil jednozna\u010dn\u011b negativn\u00ed stanovisko v r\u00e1mci povolovac\u00edho procesu, kter\u00fd pr\u00e1v\u011b te\u010f b\u011b\u017e\u00ed. Zat\u00edm v\u0161ak ani jednou ve\u0159ejn\u011b ne\u0159ekl, \u017ee zastavit roz\u0161\u00ed\u0159en\u00ed dolu, kter\u00fd tu m\u016f\u017ee des\u00edtky tis\u00edc lid\u00ed p\u0159ipravit o pitnou vodu, je jeho c\u00edlem,&#8220; \u0159\u00edk\u00e1 Milan Starec, obyvatel Uheln\u00e9 a inici\u00e1tor <a href=\"http:\/\/www.uhelna.eu\/page3.aspx?zaz=2449-26264 \">otev\u0159en\u00e9ho dopisu ministrovi<\/a>.&nbsp;<\/p>\n\n<figure class=\"wp-block-image  caption-style-blue-overlay caption-alignment-center\"><img loading=\"lazy\" decoding=\"async\" width=\"1024\" height=\"667\" src=\"https:\/\/www.greenpeace.org\/static\/planet4-czech-republic-stateless\/2019\/09\/910db1a5-2019_09_19_gp_turow_zewlakk-4831-1024x667.jpg\" alt=\"\" class=\"wp-image-4397\" srcset=\"https:\/\/www.greenpeace.org\/static\/planet4-czech-republic-stateless\/2019\/09\/910db1a5-2019_09_19_gp_turow_zewlakk-4831-1024x667.jpg 1024w, https:\/\/www.greenpeace.org\/static\/planet4-czech-republic-stateless\/2019\/09\/910db1a5-2019_09_19_gp_turow_zewlakk-4831-300x195.jpg 300w, https:\/\/www.greenpeace.org\/static\/planet4-czech-republic-stateless\/2019\/09\/910db1a5-2019_09_19_gp_turow_zewlakk-4831-768x500.jpg 768w, https:\/\/www.greenpeace.org\/static\/planet4-czech-republic-stateless\/2019\/09\/910db1a5-2019_09_19_gp_turow_zewlakk-4831-2048x1334.jpg 2048w, https:\/\/www.greenpeace.org\/static\/planet4-czech-republic-stateless\/2019\/09\/910db1a5-2019_09_19_gp_turow_zewlakk-4831-510x332.jpg 510w\" sizes=\"auto, (max-width: 1024px) 100vw, 1024px\" \/><figcaption>Proti dolu na ve\u0159ejn\u00e9m projedn\u00e1n\u00ed vystoupili m\u00edstn\u00ed lid\u00e9 z Uheln\u00e9, V\u00e1clavic \u010di Hr\u00e1dku nad Nisou.<div class=\"credit icon-left\"> \u00a9 (c) Greenpeace &#8211; Petr Zewlakk Vrabec<\/div><\/figcaption><\/figure>\n\n<p>Hlavn\u00edm ne\u017e\u00e1douc\u00edm dopadem uheln\u00e9ho dolu Tur\u00f3w na obyvatele okol\u00ed Hr\u00e1dku nad Nisou je vysych\u00e1n\u00ed studn\u00ed a vrt\u016f, z nich\u017e \u010derp\u00e1 pitnou vodu 30 000 lid\u00ed. <a href=\"https:\/\/www.svs.cz\/cz\/verejnost\/aktuality\/archiv\/vodarensky-problem-svs-aneb-jak-zajistit- vodu-bez-vody.html\">D\u016fl k sob\u011b des\u00edtky let stahuje podzemn\u00ed vodu z okol\u00ed<\/a>, \u0159ada studn\u00ed je proto vyschl\u00fdch u\u017e nyn\u00ed, zmizely n\u011bkter\u00e9 potoky, s velk\u00fdmi \u0161kodami se pot\u00fdkaj\u00ed tak\u00e9 m\u00edstn\u00ed zem\u011bd\u011blci. T\u011b\u017eebn\u00ed spole\u010dnost PGE p\u0159itom \u017e\u00e1d\u00e1 o povolen\u00ed k zahlouben\u00ed t\u011b\u017eby o dal\u0161\u00edch 30 metr\u016f, \u010d\u00edm\u017e by do\u0161lo k dob\u00fdv\u00e1n\u00ed uhl\u00ed des\u00edtky metr\u016f pod hladinou Baltsk\u00e9ho mo\u0159e. Z\u00e1rove\u0148 usiluje o \u00fazemn\u00ed roz\u0161\u00ed\u0159en\u00ed t\u011b\u017eby a jej\u00ed p\u0159ibl\u00ed\u017een\u00ed a\u017e na 150 metr\u016f od \u010desk\u00fdch hranic. T\u011b\u017eba m\u00e1 nav\u00edc trvat a\u017e do roku 2044.&nbsp;<\/p>\n\n<p>Hr\u00e1decko by t\u00edm mohlo p\u0159ij\u00edt o pitnou vodu \u00fapln\u011b. Existuje sice projekt n\u00e1hradn\u00edho z\u00e1sobov\u00e1n\u00ed vodou, to by v\u0161ak vy\u017eadovalo nejistou a n\u00e1kladnou v\u00fdstavbu p\u0159ivad\u011b\u010d\u016f vody p\u0159es CHKO Jizersk\u00e9 hory. N\u00e1klady na tento projekt odborn\u00edci odhaduj\u00ed na 2 mld. korun. Z\u00e1rove\u0148 neexistuje garance, \u017ee je kapacita n\u00e1hradn\u00edch zdroj\u016f dosta\u010duj\u00edc\u00ed a \u017ee by se stavba stihla realizovat v\u010das. Na neve\u0159ejn\u00e9m projedn\u00e1n\u00ed p\u0159\u00edpadu v Sen\u00e1tu dne 26. 9. 2019 n\u00e1m\u011bstek ministra Brabce Vladislav Smr\u017e informoval o zam\u00fd\u0161len\u00e9m \u0159e\u0161en\u00ed z\u00edskat pot\u0159ebnou \u010d\u00e1stku z rozpo\u010dtu ministerstva zem\u011bd\u011blstv\u00ed.&nbsp;<\/p>\n\n<p>\u201eZ vyj\u00e1d\u0159en\u00ed n\u00e1m\u011bstka Smr\u017ee vypl\u00fdv\u00e1, \u017ee se M\u017dP i p\u0159es z\u00e1sadn\u00ed negativn\u00ed dopad a ztr\u00e1tu pitn\u00e9 vody v \u010cesku k roz\u0161\u00ed\u0159en\u00ed polsk\u00e9ho dolu postav\u00ed souhlasn\u011b, nav\u00edc bez jak\u00e9koli z\u00e1ruky \u00fahrady \u0161kod Polskem. A to ani t\u011bch \u0161kod dosavadn\u00edch, ani t\u011bch budouc\u00edch. Nab\u00edz\u00ed se ot\u00e1zka, jak\u00e9 z\u00e1jmy M\u017dP vlastn\u011b zastupuje? \u017divotn\u00ed prost\u0159ed\u00ed ani \u010de\u0161t\u00ed da\u0148ov\u00ed poplatn\u00edci to o\u010dividn\u011b nejsou. Nezb\u00fdv\u00e1, ne\u017e abychom si my, dot\u010den\u00ed ob\u010dan\u00e9, sv\u00e1 pr\u00e1va h\u00e1jili sami. Za p\u0159edpokladu, \u017ee k tomu budeme m\u00edt dostatek prost\u0159edk\u016f a odvahy.&#8220; \u0159\u00edk\u00e1 Daniel Gabry\u0161, obyvatel Uheln\u00e9 a \u00fa\u010dastn\u00edk semin\u00e1\u0159e v Sen\u00e1tu Parlamentu \u010cR.&nbsp;<\/p>\n\n<p>Samotn\u00e1 PGE (Polska grupa energetyczna) m\u00e1 platnou licenci pro t\u011b\u017ebu v Tur\u00f3w\u011b do dubna 2020. D\u016fl je v\u00fdhradn\u00edm zdrojem uhl\u00ed pro nedalekou elektr\u00e1rnu, kter\u00e1 vyr\u00e1b\u00ed 8 % polsk\u00e9 elekt\u0159iny. \u00dabytek vody PGE navrhuje \u0159e\u0161it vybudov\u00e1n\u00edm podzemn\u00ed bari\u00e9ry mezi dolem a \u010desk\u00fdmi obcemi. Experti v\u0161ak maj\u00ed pochyby o jej\u00ed realizovatelnosti a funk\u010dnosti, nav\u00edc Polsko dlouhodob\u011b odm\u00edt\u00e1 poskytnout \u010cesk\u00e9 republice kl\u00ed\u010dov\u00e1 data: \u201eNen\u00ed napevno \u0159e\u010deno, zda se ta bari\u00e9ra bude budovat, nebo ne, je to prost\u011b s otazn\u00edkem. A bohu\u017eel m\u00e1me pochybnosti o tom, \u017ee tak, jak je to navr\u017eeno, by to bylo zcela \u00fa\u010dinn\u00e9,\u201c \u0159\u00edk\u00e1 do m\u00e9di\u00ed \u0159editel \u010cesk\u00e9 geologick\u00e9 slu\u017eby Zden\u011bk Venera.<\/p>\n\n<p>Podle osloven\u00fdch pr\u00e1vn\u00edk\u016f by st\u00e1t nem\u011bl z\u00e1v\u011bre\u010dn\u00e9 stanovisko vydat, pokud nedisponuje ve\u0161ker\u00fdmi pot\u0159ebn\u00fdmi informacemi, z nich\u017e by mohl rozsah vlivu z\u00e1m\u011bru na sv\u00e9 \u00fazem\u00ed zjistit a po\u017eadovat adekv\u00e1tn\u00ed preventivn\u00ed a n\u00e1pravn\u00e1 opat\u0159en\u00ed. \u201ePokud rozsah vlivu na \u010desk\u00e9 \u00fazem\u00ed a jeho ob\u010dany nen\u00ed postaven na jisto, nen\u00ed mo\u017en\u00e9 k n\u011bmu za \u010ceskou republiku zaujmout z\u00e1v\u011bre\u010dn\u00e9 stanovisko a je nezbytn\u00e9 po\u017eadovat dopln\u011bn\u00ed a vyjasn\u011bn\u00ed chyb\u011bj\u00edc\u00edch informac\u00ed, spole\u010dn\u011b s poskytnut\u00edm dostate\u010dn\u00e9ho \u010dasu na jejich vyhodnocen\u00ed,\u201c \u0159\u00edk\u00e1 pr\u00e1vn\u00edk Frank Bold Ji\u0159\u00ed Voz\u00e1k. Dle dostupn\u00fdch informac\u00ed v\u0161ak Ministerstvo \u017eivotn\u00edho prost\u0159ed\u00ed hodl\u00e1 stanovisko vydat i p\u0159esto, \u017ee do dne\u0161n\u00edho dne nez\u00edskalo kl\u00ed\u010dov\u00e9 informace pro posouzen\u00ed, zda obyvatel\u00e9 Libereck\u00e9ho kraje o vodu p\u0159ijdou nebo ne. A na pokra\u010dov\u00e1n\u00ed v mezist\u00e1tn\u00edch konzultac\u00edch se tak ji\u017e nechyst\u00e1.&nbsp;<\/p>\n","protected":false},"excerpt":{"rendered":"<p>Hn\u011bdouheln\u00fd d\u016fl Tur\u00f3w se m\u00e1 roz\u0161\u00ed\u0159it k \u010desk\u00fdm hranic\u00edm a kv\u016fli hlubok\u00e9 t\u011b\u017eb\u011b p\u0159ipravit o pitnou vodu a\u017e 30 000 obyvatel Libereck\u00e9ho kraje. Ministerstvo \u017eivotn\u00edho prost\u0159ed\u00ed s t\u00edmto polsk\u00fdm z\u00e1m\u011brem&hellip;<\/p>\n","protected":false},"author":27,"featured_media":4397,"comment_status":"open","ping_status":"closed","sticky":false,"template":"","format":"standard","meta":{"ep_exclude_from_search":false,"p4_og_title":"","p4_og_description":"","p4_og_image":"","p4_og_image_id":"","p4_seo_canonical_url":"","p4_campaign_name":"not set","p4_local_project":"","p4_basket_name":"not set","p4_department":"","footnotes":""},"categories":[4],"tags":[25],"p4-page-type":[16],"class_list":["post-4875","post","type-post","status-publish","format-standard","has-post-thumbnail","hentry","category-energeticka-revoluce","tag-konec-doby-fosilni","p4-page-type-clanek"],"_links":{"self":[{"href":"https:\/\/www.greenpeace.org\/czech\/wp-json\/wp\/v2\/posts\/4875","targetHints":{"allow":["GET"]}}],"collection":[{"href":"https:\/\/www.greenpeace.org\/czech\/wp-json\/wp\/v2\/posts"}],"about":[{"href":"https:\/\/www.greenpeace.org\/czech\/wp-json\/wp\/v2\/types\/post"}],"author":[{"embeddable":true,"href":"https:\/\/www.greenpeace.org\/czech\/wp-json\/wp\/v2\/users\/27"}],"replies":[{"embeddable":true,"href":"https:\/\/www.greenpeace.org\/czech\/wp-json\/wp\/v2\/comments?post=4875"}],"version-history":[{"count":4,"href":"https:\/\/www.greenpeace.org\/czech\/wp-json\/wp\/v2\/posts\/4875\/revisions"}],"predecessor-version":[{"id":4891,"href":"https:\/\/www.greenpeace.org\/czech\/wp-json\/wp\/v2\/posts\/4875\/revisions\/4891"}],"wp:featuredmedia":[{"embeddable":true,"href":"https:\/\/www.greenpeace.org\/czech\/wp-json\/wp\/v2\/media\/4397"}],"wp:attachment":[{"href":"https:\/\/www.greenpeace.org\/czech\/wp-json\/wp\/v2\/media?parent=4875"}],"wp:term":[{"taxonomy":"category","embeddable":true,"href":"https:\/\/www.greenpeace.org\/czech\/wp-json\/wp\/v2\/categories?post=4875"},{"taxonomy":"post_tag","embeddable":true,"href":"https:\/\/www.greenpeace.org\/czech\/wp-json\/wp\/v2\/tags?post=4875"},{"taxonomy":"p4-page-type","embeddable":true,"href":"https:\/\/www.greenpeace.org\/czech\/wp-json\/wp\/v2\/p4-page-type?post=4875"}],"curies":[{"name":"wp","href":"https:\/\/api.w.org\/{rel}","templated":true}]}}