{"id":4926,"date":"2019-11-14T17:29:49","date_gmt":"2019-11-14T15:29:49","guid":{"rendered":"https:\/\/www.greenpeace.org\/czech\/?p=4926"},"modified":"2021-12-01T13:32:05","modified_gmt":"2021-12-01T12:32:05","slug":"cesky-premier-a-jeho-vysnene-jadro-uz-v-roce-2036","status":"publish","type":"post","link":"https:\/\/www.greenpeace.org\/czech\/clanek\/4926\/cesky-premier-a-jeho-vysnene-jadro-uz-v-roce-2036\/","title":{"rendered":"\u010cesk\u00fd premi\u00e9r a jeho vysn\u011bn\u00e9 j\u00e1dro &#8222;u\u017e v roce 2036&#8220;"},"content":{"rendered":"\n<p><em>P\u0159eb\u00edr\u00e1me <a href=\"https:\/\/www.facebook.com\/photo.php?fbid=10157880187014429&amp;set=a.37513569428&amp;type=3&amp;theater&amp;comment_id=10157880510539429&amp;notif_t=feedback_reaction_generic&amp;notif_id=1573739644191478\">Facebookov\u00fd koment\u00e1\u0159<\/a> Stanislava Bilera, v n\u011bm\u017e komentoval \u010dl\u00e1nek den\u00edku Pr\u00e1vo, kter\u00fd shrnuje postoj na\u0161eho premi\u00e9ra k dostavb\u011b nov\u00e9ho bloku JE Dukovany. \u010cl\u00e1nek vy\u0161el 13. 11. 2019. <\/em><\/p>\n\n<div class=\"wp-block-image  caption-style-blue-overlay caption-alignment-center\"><figure class=\"alignleft size-large is-resized\"><img loading=\"lazy\" decoding=\"async\" src=\"https:\/\/www.greenpeace.org\/static\/planet4-czech-republic-stateless\/2019\/11\/31731b73-74674899_10157880187024429_2118266295450337280_o.jpg\" alt=\"Mlad\u00e1 fronta a jej\u00ed chyby o rozvoji j\u00e1dra v \u010cR. \" class=\"wp-image-4927\" width=\"936\" height=\"701\" srcset=\"https:\/\/www.greenpeace.org\/static\/planet4-czech-republic-stateless\/2019\/11\/31731b73-74674899_10157880187024429_2118266295450337280_o.jpg 960w, https:\/\/www.greenpeace.org\/static\/planet4-czech-republic-stateless\/2019\/11\/31731b73-74674899_10157880187024429_2118266295450337280_o-300x225.jpg 300w, https:\/\/www.greenpeace.org\/static\/planet4-czech-republic-stateless\/2019\/11\/31731b73-74674899_10157880187024429_2118266295450337280_o-768x575.jpg 768w, https:\/\/www.greenpeace.org\/static\/planet4-czech-republic-stateless\/2019\/11\/31731b73-74674899_10157880187024429_2118266295450337280_o-454x340.jpg 454w\" sizes=\"auto, (max-width: 936px) 100vw, 936px\" \/><figcaption>Co v\u0161echno je na tvrzen\u00edch na\u0161eho premi\u00e9ra o dostavb\u011b jadern\u00e9 elektr\u00e1rny \u0161patn\u011b a pro\u010d? <\/figcaption><\/figure><\/div>\n\n<p><\/p>\n\n<p>Tohle je takov\u00e1 blbost, kter\u00e1 nikoho nezaj\u00edm\u00e1, \u017ee o n\u00ed nap\u00ed\u0161u status, a\u0165 m\u00e1m ze sekce vzpom\u00ednek za p\u00e1r let co vytahovat.\u00a0<\/p>\n\n<p>V tom textu je n\u011bkolik zaj\u00edmavost\u00ed:<\/p>\n\n<ul class=\"wp-block-list\"><li>rok, kdy jadern\u00fd blok nebude ur\u010dit\u011b spu\u0161t\u011bn\u00a0<\/li><li>cena, kterou to rozhodn\u011b st\u00e1t nebude<\/li><\/ul>\n\n<p>To nejd\u016fle\u017eit\u011bj\u0161\u00ed je pak na konci, to se naopak ur\u010dit\u011b stane a je to nejzaj\u00edmav\u011bj\u0161\u00ed \u010d\u00e1st. A\u017e dojdou \u010cEZu prachy, hod\u00ed celou stavbu na st\u00e1t.\u00a0 P\u0159ekvapiv\u011b se toti\u017e uk\u00e1\u017ee, \u017ee to stoj\u00ed v\u00edc a trv\u00e1 to d\u00fdl, co\u017e na za\u010d\u00e1tku nikdo nev\u011bd\u011bl a z britsk\u00fdch ani finsk\u00fdch zku\u0161enost\u00ed se ne\u0161lo pou\u010dit. Ve Finsku maj\u00ed aktu\u00e1ln\u011b skluz 10 let a rozpo\u010det p\u0159ekro\u010dili 3x. Nicm\u00e9n\u011b nem\u00e1 smysl zab\u00fdvat se probl\u00e9my zem\u011b, ve kter\u00e9 je 3. nejni\u017e\u0161\u00ed korupce na sv\u011bt\u011b, to se n\u00e1s v\u016fbec net\u00fdk\u00e1&#8230;<\/p>\n\n<p>Dnes se v \u010cesku \u0159e\u0161\u00ed, kde vz\u00edt p\u00e1r miliard na platy u\u010ditel\u016f a podobn\u011b. A\u017e se bude stav\u011bt tahle v\u011bc, budou se ty pen\u00edze hledat po des\u00edtk\u00e1ch a stovk\u00e1ch miliard. V\u016fbec nev\u00edme, jak na tom v t\u00e9 dob\u011b budeme.\u00a0<br>Bude ekonomika r\u016fst?\u00a0<br>Nebudeme t\u0159eba v recesi?\u00a0<br>Kolik v t\u00e9 dob\u011b bude st\u00e1t elekt\u0159ina?<br>Bude se zadlu\u017eovat cel\u00fd st\u00e1t, aby se nalily pen\u00edze do \u017eeleza a betonu?\u00a0<br>Bude m\u00edt stavba tohoto pomn\u00edku p\u0159ednost p\u0159ed financov\u00e1n\u00edm zdravotnictv\u00ed, d\u016fchod\u016f, \u017eeleznic nebo \u0161kolstv\u00ed?<\/p>\n\n<p>M\u016fj tip je, \u017ee se ten blok nikdy nespust\u00ed a jeho &#8222;dostavby&#8220; se nedo\u017eije nikdo z t\u011bch, kdo o to dnes usiluj\u00ed.\u00a0 Utop\u00ed se v n\u011bm cca &#8222;bambili\u00f3n&#8220;, proto\u017ee bude v\u0161em l\u00edto stavbu zastavit, kdy\u017e u\u017e se do n\u00ed nalilo tolik pen\u011bz.\u00a0<\/p>\n\n<p>Proto by bylo dobr\u00e9 si dop\u0159edu stanovit, p\u0159i jak\u00e9 \u010d\u00e1stce se na to vyka\u0161leme a stavbu zastav\u00edme. Co\u017e je v\u011bc, kter\u00e1 se ov\u0161em nestane.\u00a0<br>\u0158\u00edk\u00e1 se, \u017ee obnoviteln\u00e9 zdroje jsou nespolehliv\u00e9. Kdy\u017e v\u0161ak utrat\u00edte 100 miliard t\u0159eba za park v\u011btrn\u00fdch elektr\u00e1ren, m\u00e1te zdroj energie v ekvivalentu utracen\u00e9 \u010d\u00e1stky. Kdy\u017e utrat\u00edte 100 miliard za stavbu jadern\u00e9ho bloku, m\u00e1te 100 miliard ulo\u017een\u00fdch v betonu, kter\u00fd negeneruje \u017e\u00e1dnou elektrickou energii. V tom je to zcela spolehliv\u00e9, p\u0159edv\u00eddateln\u00e9 a bezpe\u010dn\u00e9.<\/p>\n\n<p>A na z\u00e1v\u011br hezk\u00fd <a href=\"https:\/\/www.novinky.cz\/ekonomika\/clanek\/ministerstvo-prumyslu-chce-postavit-dalsi-jaderne-reaktory-275481?\">cit\u00e1t z roku 2003<\/a>:<br>&#8222;S ohledem na popt\u00e1vku, kter\u00e1 bude v \u010cesk\u00e9 republice za 15 let, bu\u010f budeme m\u00edt nov\u00fd jadern\u00fd zdroj nebo nebudeme sv\u00edtit,&#8220; zd\u016fvodnil Pecina \u010cesk\u00e9 televizi sv\u016fj n\u00e1vrh. Autor? N\u00e1m\u011bstek ministra pr\u016fmyslu a \u010dlen dozor\u010d\u00ed rady \u010cEZ Martin Pecina<br>Za 15 let, to bylo minul\u00fd rok&#8230;<\/p>\n<div class=\"EmptyMessage\">Block content is empty. Check the block&#8217;s settings or remove it.<\/div>","protected":false},"excerpt":{"rendered":"<p>P\u0159eb\u00edr\u00e1me Facebookov\u00fd koment\u00e1\u0159 Stanislava Billera, ve kter\u00e9m komentoval \u010dl\u00e1nek v Mlad\u00e9 front\u011b, kter\u00fd vy\u0161el 13. 11. 2019 Mlad\u00e1 fronta a jej\u00ed chyby o rozvoji j\u00e1dra v \u010cR. Tohle je takov\u00e1&hellip;<\/p>\n","protected":false},"author":31,"featured_media":4927,"comment_status":"open","ping_status":"closed","sticky":false,"template":"","format":"standard","meta":{"ep_exclude_from_search":false,"p4_og_title":"","p4_og_description":"","p4_og_image":"","p4_og_image_id":"","p4_seo_canonical_url":"","p4_campaign_name":"Climate Emergency","p4_local_project":"","p4_basket_name":"Climate & Energy","p4_department":"","footnotes":""},"categories":[4],"tags":[20,25],"p4-page-type":[16],"class_list":["post-4926","post","type-post","status-publish","format-standard","has-post-thumbnail","hentry","category-energeticka-revoluce","tag-zmena-klimatu","tag-konec-doby-fosilni","p4-page-type-clanek"],"_links":{"self":[{"href":"https:\/\/www.greenpeace.org\/czech\/wp-json\/wp\/v2\/posts\/4926","targetHints":{"allow":["GET"]}}],"collection":[{"href":"https:\/\/www.greenpeace.org\/czech\/wp-json\/wp\/v2\/posts"}],"about":[{"href":"https:\/\/www.greenpeace.org\/czech\/wp-json\/wp\/v2\/types\/post"}],"author":[{"embeddable":true,"href":"https:\/\/www.greenpeace.org\/czech\/wp-json\/wp\/v2\/users\/31"}],"replies":[{"embeddable":true,"href":"https:\/\/www.greenpeace.org\/czech\/wp-json\/wp\/v2\/comments?post=4926"}],"version-history":[{"count":14,"href":"https:\/\/www.greenpeace.org\/czech\/wp-json\/wp\/v2\/posts\/4926\/revisions"}],"predecessor-version":[{"id":15635,"href":"https:\/\/www.greenpeace.org\/czech\/wp-json\/wp\/v2\/posts\/4926\/revisions\/15635"}],"wp:featuredmedia":[{"embeddable":true,"href":"https:\/\/www.greenpeace.org\/czech\/wp-json\/wp\/v2\/media\/4927"}],"wp:attachment":[{"href":"https:\/\/www.greenpeace.org\/czech\/wp-json\/wp\/v2\/media?parent=4926"}],"wp:term":[{"taxonomy":"category","embeddable":true,"href":"https:\/\/www.greenpeace.org\/czech\/wp-json\/wp\/v2\/categories?post=4926"},{"taxonomy":"post_tag","embeddable":true,"href":"https:\/\/www.greenpeace.org\/czech\/wp-json\/wp\/v2\/tags?post=4926"},{"taxonomy":"p4-page-type","embeddable":true,"href":"https:\/\/www.greenpeace.org\/czech\/wp-json\/wp\/v2\/p4-page-type?post=4926"}],"curies":[{"name":"wp","href":"https:\/\/api.w.org\/{rel}","templated":true}]}}