{"id":5062,"date":"2019-11-28T14:15:38","date_gmt":"2019-11-28T12:15:38","guid":{"rendered":"https:\/\/www.greenpeace.org\/czech\/?p=5062"},"modified":"2019-11-28T14:29:20","modified_gmt":"2019-11-28T12:29:20","slug":"greenpeace-cr-chrani-zajmy-ceskych-obcanu-i-v-polsku-v-tamnim-rizeni-chce-zastavit-rozsireni-dolu-turow","status":"publish","type":"post","link":"https:\/\/www.greenpeace.org\/czech\/tiskova-zprava\/5062\/greenpeace-cr-chrani-zajmy-ceskych-obcanu-i-v-polsku-v-tamnim-rizeni-chce-zastavit-rozsireni-dolu-turow\/","title":{"rendered":"Greenpeace \u010cR chr\u00e1n\u00ed z\u00e1jmy \u010desk\u00fdch ob\u010dan\u016f i v Polsku. V tamn\u00edm \u0159\u00edzen\u00ed chce zastavit roz\u0161\u00ed\u0159en\u00ed dolu Tur\u00f3w"},"content":{"rendered":"\n<p><strong>\u010cesk\u00e1 pobo\u010dka organizace Greenpeace bude h\u00e1jit z\u00e1jmy ob\u010dan\u016f a ob\u010danek Libereck\u00e9ho kraje i za hranicemi. Tento t\u00fdden byla ofici\u00e1ln\u011b p\u0159ijata jako \u00fa\u010dastn\u00edk procesu vyhodnocen\u00ed vliv\u016f roz\u0161\u00ed\u0159en\u00ed hn\u011bdouheln\u00e9ho dolu Tur\u00f3w na \u017eivotn\u00ed prost\u0159ed\u00ed (EIA) v Polsku. Greenpeace \u010cesk\u00e1 republika tak bude moci jako zat\u00edm jedin\u00fd \u010desk\u00fd z\u00e1stupce nahl\u00ed\u017eet kdykoli do spisu a reagovat na informace v n\u011bm obsa\u017een\u00e9. Bude dost\u00e1vat v\u0161echna rozhodnut\u00ed \u00fa\u0159ad\u016f. Ale tak\u00e9 m\u016f\u017ee dod\u00e1vat dopl\u0148uj\u00edc\u00ed podklady a znaleck\u00e9 posudky, kter\u00e9 se pak budou muset br\u00e1t v \u00favahu p\u0159i kone\u010dn\u00e9m rozhodnut\u00ed. Z\u00edsk\u00e1v\u00e1 tak\u00e9 pr\u00e1vo pod\u00e1vat odvol\u00e1n\u00ed proti rozhodnut\u00ed \u00fa\u0159ad\u016f o ochran\u011b \u017eivotn\u00edho prost\u0159ed\u00ed k vy\u0161\u0161\u00ed instanci a nakonec m\u016f\u017ee rozhodnut\u00ed vy\u0161\u0161\u00ed instance \u017ealovat. M\u016f\u017ee se tak efektivn\u011bji zasazovat o ochranu vody pro obyvatele Hr\u00e1decka a Fr\u00fddlantska i o obecnou ochranu \u017eivotn\u00edho prost\u0159ed\u00ed a glob\u00e1ln\u00edho klimatu.<\/strong><\/p>\n\n<p>D\u016fl Tur\u00f3w m\u00e1 platn\u00e9 povolen\u00ed k t\u011b\u017eb\u011b pouze do dubna 2020. Provozovatel dolu v\u0161ak nyn\u00ed \u017e\u00e1d\u00e1 o prodlou\u017een\u00ed t\u011b\u017eby a\u017e do roku 2044 a s t\u00edm i o roz\u0161\u00ed\u0159en\u00ed dolu na 100 metr\u016f ke st\u00e1tn\u00ed hranici a 1200 metr\u016f od nejbli\u017e\u0161\u00edch \u010desk\u00fdch obc\u00ed. D\u016fl m\u00e1 b\u00fdt tak\u00e9 v\u00fdrazn\u011b prohlouben, a\u017e na 30 metr\u016f pod \u00farove\u0148 hladiny Baltsk\u00e9ho mo\u0159e. &nbsp;Sp\u00e1len\u00ed nov\u011b vyt\u011b\u017een\u00e9ho uhl\u00ed v elektr\u00e1rn\u011b Tur\u00f3w by p\u0159itom jen v obdob\u00ed mezi lety 2020\u20132038 vyprodukovalo nejm\u00e9n\u011b 10,3 milion\u016f tun emis\u00ed oxidu uhli\u010dit\u00e9ho ro\u010dn\u011b, co\u017e by v\u00fdrazn\u011b p\u0159isp\u011blo k dal\u0161\u00edmu prohlubov\u00e1n\u00ed klimatick\u00e9 krize.<\/p>\n\n<figure class=\"wp-block-image size-large  caption-style-blue-overlay caption-alignment-center\"><img loading=\"lazy\" decoding=\"async\" width=\"1024\" height=\"611\" src=\"https:\/\/www.greenpeace.org\/static\/planet4-czech-republic-stateless\/2019\/11\/cadfc489-gp0stt9h1-1024x611.jpg\" title=\"International Human Chain against Tur\u00f3w Mine in Czech Republic. \u00a9 Petr Zewlakk Vrabec \/ Greenpeace\" alt=\"International Human Chain against Tur\u00f3w Mine in Czech Republic. \u00a9 Petr Zewlakk Vrabec \/ Greenpeace\" class=\"wp-image-5064\" srcset=\"https:\/\/www.greenpeace.org\/static\/planet4-czech-republic-stateless\/2019\/11\/cadfc489-gp0stt9h1-1024x611.jpg 1024w, https:\/\/www.greenpeace.org\/static\/planet4-czech-republic-stateless\/2019\/11\/cadfc489-gp0stt9h1-300x179.jpg 300w, https:\/\/www.greenpeace.org\/static\/planet4-czech-republic-stateless\/2019\/11\/cadfc489-gp0stt9h1-768x458.jpg 768w, https:\/\/www.greenpeace.org\/static\/planet4-czech-republic-stateless\/2019\/11\/cadfc489-gp0stt9h1-510x304.jpg 510w, https:\/\/www.greenpeace.org\/static\/planet4-czech-republic-stateless\/2019\/11\/cadfc489-gp0stt9h1.jpg 1200w\" sizes=\"auto, (max-width: 1024px) 100vw, 1024px\" \/><figcaption>Stovky lid\u00ed se v dubnu se\u0161ly na protestu proti roz\u0161\u00ed\u0159en\u00ed dolu Tur\u00f3w na Trojmez\u00ed u Hr\u00e1dku nad Nisou. (c) Greenpeace &#8211; Petr Zewlakk Vrabec<div class=\"credit icon-left\"> \u00a9 Petr Zewlakk Vrabec \/ Greenpeace<\/div><\/figcaption><\/figure>\n\n<p>Dolov\u00e1n\u00ed uhl\u00ed v Tur\u00f3w\u011b s sebou nese \u0159adu negativn\u00edch doprovodn\u00fdch jev\u016f, kter\u00e9 u\u017e dnes tr\u00e1p\u00ed lidi na \u010desk\u00e9 stran\u011b hranice. Po roz\u0161\u00ed\u0159en\u00ed by trp\u011bli v\u011bt\u0161\u00ed pra\u0161nost\u00ed a v\u011bt\u0161\u00edm hlukem, nav\u00edc by hrozila ztr\u00e1ta pitn\u00e9 vody a\u017e pro 30 tis\u00edc obyvatel Libereck\u00e9ho kraje. Hrozilo by tak\u00e9 vysych\u00e1n\u00ed krajiny, kde by pak t\u011b\u017eko p\u0159e\u017e\u00edvaly rostliny i \u017eivo\u010dichov\u00e9. Zna\u010dn\u011b a nen\u00e1vratn\u011b by byly po\u0161kozeny cel\u00e9 m\u00edstn\u00ed ekosyst\u00e9my. Polsko i t\u011b\u017eebn\u00ed spole\u010dnost PGE jako provozovatel dolu v\u0161ak odm\u00edtaj\u00ed poskytnout \u010desk\u00e9 stran\u011b kompenzace za dopady na \u017eivotn\u00ed prost\u0159ed\u00ed. Z\u00e1m\u011br z\u00e1rove\u0148 nepo\u010d\u00edt\u00e1 ani se zaji\u0161t\u011bn\u00edm n\u00e1hradn\u00edho z\u00e1sobov\u00e1n\u00ed pitnou vodou.<\/p>\n\n<p>Greenpeace se proto ve spolupr\u00e1ci s Libereck\u00fdm krajem a dot\u010den\u00fdmi obcemi tak\u00e9 obrac\u00ed na Evropsk\u00fd parlament s petic\u00ed za z\u00e1chranu pitn\u00e9 vody v \u010desko-polsko-n\u011bmeck\u00e9m pohrani\u010d\u00ed. Petici lze ji\u017e nyn\u00ed podepsat na r\u016fzn\u00fdch m\u00edstech Libereck\u00e9ho kraje, digit\u00e1ln\u00ed verze petice bude k dispozici od 2. prosince na adrese <a href=\"http:\/\/www.spoluprotiuhli.cz\">www.stopturow.cz<\/a>.<\/p>\n\n<p><strong>Nikol Krej\u010dov\u00e1, koordin\u00e1torka uheln\u00e9 kampan\u011b Greenpeace, \u0159\u00edk\u00e1:<\/strong><br><em>\u201cJako Greenpeace \u010cesk\u00e1 republika chceme vyu\u017e\u00edt v\u0161echny mo\u017enosti zastavit uheln\u00fd d\u016fl Tur\u00f3w, kter\u00fd m\u00e1 velk\u00fd negativn\u00ed vliv na sv\u00e9 okol\u00ed i na sv\u011btov\u00e9 klima. Jako \u00fa\u010dastn\u00edk p\u0159eshrani\u010dn\u00edho procesu EIA jsme m\u011bli jen omezen\u00fd p\u0159\u00edstup do cel\u00e9ho \u0159\u00edzen\u00ed, proto se budeme \u00fa\u010dastnit procesu v Polsku. Jsme r\u00e1di, \u017ee m\u016f\u017eeme podpo\u0159it snahu m\u00edstn\u00edch ob\u010dan\u016f, obc\u00ed i Libereck\u00e9ho kraje, kdykoli je to mo\u017en\u00e9. A proto tak\u00e9 spoluorganizujeme petici k Evropsk\u00e9mu parlamentu, kter\u00e1 zajist\u00ed problematice ztr\u00e1ty vody na Liberecku pozornost evropsk\u00fdch instituc\u00ed.\u201d<\/em><\/p>\n","protected":false},"excerpt":{"rendered":"<p>\u010cesk\u00e1 pobo\u010dka organizace Greenpeace bude h\u00e1jit z\u00e1jmy ob\u010dan\u016f a ob\u010danek Libereck\u00e9ho kraje i za hranicemi. Tento t\u00fdden byla ofici\u00e1ln\u011b p\u0159ijata jako \u00fa\u010dastn\u00edk procesu vyhodnocen\u00ed vliv\u016f roz\u0161\u00ed\u0159en\u00ed hn\u011bdouheln\u00e9ho dolu Tur\u00f3w na&hellip;<\/p>\n","protected":false},"author":27,"featured_media":5064,"comment_status":"open","ping_status":"closed","sticky":false,"template":"","format":"standard","meta":{"ep_exclude_from_search":false,"p4_og_title":"","p4_og_description":"","p4_og_image":"","p4_og_image_id":"","p4_seo_canonical_url":"","p4_campaign_name":"not set","p4_local_project":"","p4_basket_name":"not set","p4_department":"","footnotes":""},"categories":[4],"tags":[25],"p4-page-type":[14],"class_list":["post-5062","post","type-post","status-publish","format-standard","has-post-thumbnail","hentry","category-energeticka-revoluce","tag-konec-doby-fosilni","p4-page-type-tiskova-zprava"],"_links":{"self":[{"href":"https:\/\/www.greenpeace.org\/czech\/wp-json\/wp\/v2\/posts\/5062","targetHints":{"allow":["GET"]}}],"collection":[{"href":"https:\/\/www.greenpeace.org\/czech\/wp-json\/wp\/v2\/posts"}],"about":[{"href":"https:\/\/www.greenpeace.org\/czech\/wp-json\/wp\/v2\/types\/post"}],"author":[{"embeddable":true,"href":"https:\/\/www.greenpeace.org\/czech\/wp-json\/wp\/v2\/users\/27"}],"replies":[{"embeddable":true,"href":"https:\/\/www.greenpeace.org\/czech\/wp-json\/wp\/v2\/comments?post=5062"}],"version-history":[{"count":2,"href":"https:\/\/www.greenpeace.org\/czech\/wp-json\/wp\/v2\/posts\/5062\/revisions"}],"predecessor-version":[{"id":5066,"href":"https:\/\/www.greenpeace.org\/czech\/wp-json\/wp\/v2\/posts\/5062\/revisions\/5066"}],"wp:featuredmedia":[{"embeddable":true,"href":"https:\/\/www.greenpeace.org\/czech\/wp-json\/wp\/v2\/media\/5064"}],"wp:attachment":[{"href":"https:\/\/www.greenpeace.org\/czech\/wp-json\/wp\/v2\/media?parent=5062"}],"wp:term":[{"taxonomy":"category","embeddable":true,"href":"https:\/\/www.greenpeace.org\/czech\/wp-json\/wp\/v2\/categories?post=5062"},{"taxonomy":"post_tag","embeddable":true,"href":"https:\/\/www.greenpeace.org\/czech\/wp-json\/wp\/v2\/tags?post=5062"},{"taxonomy":"p4-page-type","embeddable":true,"href":"https:\/\/www.greenpeace.org\/czech\/wp-json\/wp\/v2\/p4-page-type?post=5062"}],"curies":[{"name":"wp","href":"https:\/\/api.w.org\/{rel}","templated":true}]}}