{"id":5076,"date":"2019-11-29T13:51:43","date_gmt":"2019-11-29T11:51:43","guid":{"rendered":"https:\/\/www.greenpeace.org\/czech\/?p=5076"},"modified":"2021-12-01T13:32:01","modified_gmt":"2021-12-01T12:32:01","slug":"zacina-klimaticky-summit-osn-evropsky-parlament-i-verejnost-chteji-rychlejsi-snizovani-emisi-sklenikovych-plynu","status":"publish","type":"post","link":"https:\/\/www.greenpeace.org\/czech\/clanek\/5076\/zacina-klimaticky-summit-osn-evropsky-parlament-i-verejnost-chteji-rychlejsi-snizovani-emisi-sklenikovych-plynu\/","title":{"rendered":"Za\u010d\u00edn\u00e1 klimatick\u00fd summit. OSN, Evropsk\u00fd parlament i ve\u0159ejnost cht\u011bj\u00ed rychlej\u0161\u00ed sni\u017eov\u00e1n\u00ed emis\u00ed sklen\u00edkov\u00fdch plyn\u016f"},"content":{"rendered":"\n<p><strong>O kroc\u00edch nutn\u00fdch k dosa\u017een\u00ed n\u00edzkouhl\u00edkov\u00e9 ekonomiky a k odvr\u00e1cen\u00ed\u00a0klimatick\u00e9ho\u00a0rozvratu ohro\u017euj\u00edc\u00edho bezpe\u010dn\u00fd \u017eivot na Zemi budou politick\u00e9 \u0161pi\u010dky jednat na konferenci COP25, kter\u00e1 se kon\u00e1 v Madridu ve dnech 2. \u2013 13. prosince. Jednat se bude tak\u00e9 o pravidlech pro mezin\u00e1rodn\u00ed obchodov\u00e1n\u00ed s emisemi, kter\u00e1 se nepoda\u0159ilo dohodnout na lo\u0148sk\u00e9m summitu v polsk\u00fdch Katovic\u00edch. Dal\u0161\u00edm t\u00e9matem konference je n\u00e1stroj pro od\u0161kodn\u011bn\u00ed ztr\u00e1t a \u0161kod, s nimi\u017e se musej\u00ed vyrovn\u00e1vat nejchud\u0161\u00ed zem\u011b vlivem dopad\u016f zm\u011bny klimatu.<\/strong><\/p>\n\n<p>Lo\u0148sk\u00e9 i leto\u0161n\u00ed zpr\u00e1vy OSN upozor\u0148uj\u00ed na zcela nedostate\u010dn\u00e9 glob\u00e1ln\u00ed \u00fasil\u00ed ve sni\u017eov\u00e1n\u00ed emis\u00ed sklen\u00edkov\u00fdch plyn\u016f, ohro\u017euj\u00edc\u00ed na\u0161e \u0161ance zabr\u00e1nit katastrof\u00e1ln\u00edm dopad\u016fm zm\u011bny klimatu a splnit c\u00edle stanoven\u00e9 Pa\u0159\u00ed\u017eskou dohodou. Posledn\u00ed zpr\u00e1va UNEP o sni\u017eov\u00e1n\u00ed emis\u00ed \u201c<a href=\"https:\/\/www.unenvironment.org\/resources\/emissions-gap-report-2019\">Emissions Gap Report 2019<\/a>\u201d\u00a0vydan\u00e1 26. 11. 2019 ukazuje, \u017ee navzdory ve\u0161ker\u00fdm dosavadn\u00edm z\u00e1vazk\u016fm koncentrace sklen\u00edkov\u00fdch plyn\u016f v atmosf\u00e9\u0159e nad\u00e1le stoup\u00e1. V d\u016fsledku dlouhodob\u00e9 ne\u010dinnosti vl\u00e1d bude nyn\u00ed udr\u017een\u00ed oteplen\u00ed na relativn\u011b bezpe\u010dn\u00e9 \u00farovni vy\u017eadovat meziro\u010dn\u00ed sni\u017eov\u00e1n\u00ed emis\u00ed o v\u00edce ne\u017e 7 %. Bez nav\u00fd\u0161en\u00ed z\u00e1vazk\u016f a jejich d\u016fsledn\u00e9ho pln\u011bn\u00ed bude naopak sv\u011bt pokra\u010dovat nebezpe\u010dnou trajektori\u00ed sm\u011b\u0159uj\u00edc\u00ed k oteplen\u00ed o v\u00edce ne\u017e 3 stupn\u011b Celsia do roku 2100, kter\u00e9 bude m\u00edt pro mnoh\u00e9 \u010d\u00e1sti sv\u011bta a miliardy lid\u00ed zcela fat\u00e1ln\u00ed dopady.<\/p>\n\n<figure class=\"wp-block-image size-large  caption-style-blue-overlay caption-alignment-center\"><img loading=\"lazy\" decoding=\"async\" width=\"1024\" height=\"684\" src=\"https:\/\/www.greenpeace.org\/static\/planet4-czech-republic-stateless\/2019\/11\/c0dfdf47-gp0stu9uj-1024x684.jpg\" title=\"Climate Emergency Action at Laguna de Aculeo in Chile. \u00a9 Martin Katz \/ Greenpeace\" alt=\"Climate Emergency Action at Laguna de Aculeo in Chile. \u00a9 Martin Katz \/ Greenpeace\" class=\"wp-image-5079\" srcset=\"https:\/\/www.greenpeace.org\/static\/planet4-czech-republic-stateless\/2019\/11\/c0dfdf47-gp0stu9uj-1024x684.jpg 1024w, https:\/\/www.greenpeace.org\/static\/planet4-czech-republic-stateless\/2019\/11\/c0dfdf47-gp0stu9uj-300x200.jpg 300w, https:\/\/www.greenpeace.org\/static\/planet4-czech-republic-stateless\/2019\/11\/c0dfdf47-gp0stu9uj-768x513.jpg 768w, https:\/\/www.greenpeace.org\/static\/planet4-czech-republic-stateless\/2019\/11\/c0dfdf47-gp0stu9uj-510x340.jpg 510w, https:\/\/www.greenpeace.org\/static\/planet4-czech-republic-stateless\/2019\/11\/c0dfdf47-gp0stu9uj.jpg 1200w\" sizes=\"auto, (max-width: 1024px) 100vw, 1024px\" \/><figcaption>Klimatick\u00e1 krize u\u017e je tady.  Klimatick\u00fd summit se m\u011bl p\u016fvodn\u011b konat v Chile, kde te\u010f \u0159\u00e1d\u00ed extr\u00e9mn\u00ed sucha.  (c) Greenpeace &#8211; Martin Katz<div class=\"credit icon-left\"> \u00a9 Martin Katz \/ Greenpeace<\/div><\/figcaption><\/figure>\n\n<p>Podle OSN i ekologick\u00fdch organizac\u00ed bude z\u00e1sadn\u00edm miln\u00edkem v celosv\u011btov\u00e9m obratu k bezuhl\u00edkov\u00e9 budoucnosti rok 2020. Pokud v p\u0159\u00ed\u0161t\u00edm roce jednotliv\u00e9 st\u00e1ty nep\u0159ijmou \u00fa\u010dinn\u00e1 opat\u0159en\u00ed k rychl\u00e9mu sn\u00ed\u017een\u00ed emis\u00ed, promarn\u00edme na\u0161i posledn\u00ed re\u00e1lnou \u0161anci <a href=\"https:\/\/www.pbs.org\/newshour\/world\/un-says-2020-is-last-best-chance-for-addressing-climate-change\">odvr\u00e1tit nejhor\u0161\u00ed dopady zm\u011bny klimatu<\/a>.\u00a0Zpr\u00e1va UNEP vy\u010d\u00edsluje, \u017ee glob\u00e1ln\u00ed \u00fasil\u00ed o sn\u00ed\u017een\u00ed emis\u00ed se mus\u00ed zv\u00fd\u0161it alespo\u0148 p\u011btin\u00e1sobn\u011b, p\u0159i\u010dem\u017e v pr\u016fmyslov\u00fdch zem\u00edch, v\u010detn\u011b \u010ceska, <a href=\"https:\/\/www.unenvironment.org\/resources\/emissions-gap-report-2019\">musej\u00ed emise klesat v\u00fdrazn\u011bji ne\u017e v rozvojov\u00fdch zem\u00edch<\/a>.<\/p>\n\n<p>Evropsk\u00e1 unie se v r\u00e1mci Pa\u0159\u00ed\u017esk\u00e9 dohody zav\u00e1zala sn\u00ed\u017eit emise sklen\u00edkov\u00fdch plyn\u016f do konce p\u0159\u00ed\u0161t\u00edho desetilet\u00ed alespo\u0148 o 40 procent. Ve sv\u011btle <a href=\"http:\/\/amper.ped.muni.cz\/gw\/ipcc_cz\/sr15\/\">nov\u00fdch v\u011bdeck\u00fdch poznatk\u016f o stavu\u00a0klimatick\u00e9ho\u00a0syst\u00e9mu<\/a>\u00a0prosazuje Evropsk\u00fd parlament nav\u00fd\u0161en\u00ed c\u00edle EU ve sni\u017eov\u00e1n\u00ed emis\u00ed sklen\u00edkov\u00fdch plyn\u016f na minim\u00e1ln\u011b 55 % do roku 2030 oproti r. 1990. To by bylo v souladu s dlouhodobou strategi\u00ed dos\u00e1hnout do poloviny stolet\u00ed uhl\u00edkov\u00e9 neutrality, jej\u00ed\u017e schv\u00e1len\u00ed ov\u0161em st\u00e1le blokuj\u00ed t\u0159i \u010dlensk\u00e9 st\u00e1ty &#8211; \u010cesko, Polsko a Ma\u010farsko. Ekologick\u00e9 a rozvojov\u00e9 organizace proto vyz\u00fdvaj\u00ed premi\u00e9ra Babi\u0161e, aby toto \u00fasil\u00ed neblokoval a spole\u010dn\u00fd ambici\u00f3zn\u00ed c\u00edl podpo\u0159il. Evropsk\u00e1 unie se tak stane leaderem hodn\u00fdm n\u00e1sledov\u00e1n\u00ed pro ostatn\u00ed st\u00e1ty sv\u011bta.<\/p>\n\n<p><strong>Pavel P\u0159ibyl,\u00a0<\/strong>\u0159editel \u010cesk\u00e9ho f\u00f3ra pro rozvojovou spolupr\u00e1ci &#8211; FoRS, \u0159ekl:<br>\u201e<em>Dal\u0161\u00ed\u00a0klimatick\u00fd\u00a0summit, na n\u011bj\u017e, pokud jde o pomoc \u010ceska rozvojov\u00fdm zem\u00edm se zvl\u00e1d\u00e1n\u00edm dopad\u016f zm\u011bny klimatu, odj\u00ed\u017ed\u00ed premi\u00e9r Babi\u0161 s pr\u00e1zdnou. Na konferenci v z\u00e1\u0159\u00ed v New Yorku se dokonce nechal sly\u0161et, \u017ee nikomu \u017e\u00e1dn\u00e9 pen\u00edze ned\u00e1. \u010cesko je tak posledn\u00ed zem\u00ed v r\u00e1mci Visegr\u00e1dsk\u00e9 \u010dty\u0159ky, kter\u00e1 je\u0161t\u011b nep\u0159isp\u011bla do Zelen\u00e9ho\u00a0klimatick\u00e9ho\u00a0fondu, hlavn\u00edho n\u00e1stroje pomoci. Vl\u00e1da o nov\u00e9 v\u00fd\u0161i na\u0161eho p\u0159\u00edsp\u011bvku ani neza\u010dala jednat. Zkr\u00e1tka: Trapn\u00e9. Trapn\u00e9 a ostudn\u00e9.\u201c<\/em><\/p>\n\n<p><strong>Michaela Pixov\u00e1<\/strong>, koordin\u00e1torka\u00a0Klimatick\u00e9\u00a0koalice, \u0159ekla:<br>\u201e<em>Klimatick\u00fd\u00a0summit v Madridu se bude konat ve zcela nov\u00e9m bezprecedentn\u00edm kontextu.\u00a0Klimatick\u00e1\u00a0krize je ji\u017e v pln\u00e9m proudu a citeln\u011b ji\u017e dopad\u00e1 nejen na lidi v rozvojov\u00e9m sv\u011bt\u011b, ale tak\u00e9 na obyvatele bohat\u00fdch zem\u00ed. Denn\u011b vid\u00edme zpr\u00e1vy o obrovsk\u00fdch po\u017e\u00e1rech, bou\u0159\u00edch i povodn\u00edch, stoupaj\u00edc\u00edch hladin\u00e1ch oce\u00e1n\u016f, o um\u00edraj\u00edc\u00edch lesech a zv\u00ed\u0159atech, zni\u010den\u00fdch \u00farod\u00e1ch i ob\u011btech na lidsk\u00fdch \u017eivotech. Po cel\u00e9m sv\u011bt\u011b vy\u0161ly do ulic miliony lid\u00ed, kte\u0159\u00ed od politick\u00fdch a ekonomick\u00fdch elit po\u017eaduj\u00ed skute\u010dn\u00e1 \u0159e\u0161en\u00ed situace, bez kter\u00e9ho se velmi brzy staneme sv\u011bdky postupn\u00e9ho kolapsu cel\u00e9 lidsk\u00e9 civilizace. To, \u017ee zna\u010dn\u00e1 \u010d\u00e1st politick\u00fdch \u0161pi\u010dek podce\u0148uje urgenci situace, kter\u00e1 z\u00e1sadn\u00edm zp\u016fsobem ohro\u017euje budoucnost dne\u0161n\u00ed mlad\u00e9 generace na Zemi, je naprosto neomluviteln\u00e9 a neakceptovateln\u00e9.\u201c<\/em><\/p>\n\n<p><strong>Edvard Sequens<\/strong>, energetick\u00fd konzultant pracuj\u00edc\u00ed ve sdru\u017een\u00ed Calla, \u0159ekl:<br>\u201e<em>Od Andreje Babi\u0161e v Madridu \u010dek\u00e1m spoustu plan\u00fdch slov o jadern\u00e9 energetice jako \u010desk\u00e9 cest\u011b dekarbonizace na\u0161eho hospod\u00e1\u0159stv\u00ed. Ve skute\u010dnosti ale nov\u00e9 reaktory \u0159e\u0161en\u00ed n\u00e1hrady uheln\u00fdch elektr\u00e1ren kv\u016fli dob\u011b stavby a extr\u00e9mn\u00edm n\u00e1klad\u016fm p\u0159in\u00e9st nemohou. Ani v takov\u00e9m objemu nejsou pl\u00e1nov\u00e1ny. A tak bude m\u00edt premi\u00e9r pr\u00e1zdn\u00e9 ruce, proto\u017ee s dne\u0161n\u00edmi pl\u00e1ny ministerstva pr\u016fmyslu na pl\u00ed\u017eiv\u00fd rozvoj obnoviteln\u00fdch zdroj\u016f energie se pot\u0159ebn\u00fd obrat ke sn\u00ed\u017een\u00ed na\u0161ich vysok\u00fdch emis\u00ed ud\u011blat ned\u00e1.\u201c\u00a0<\/em><\/p>\n\n<p><strong>Jan Freidinger<\/strong>, Greenpeace, \u0159ekl:<br>\u201e<em>Aby tu cht\u011bly \u017e\u00edt i na\u0161e d\u011bti. To hl\u00e1sal p\u0159ed volbami z billboard\u016f Andrej Babi\u0161. Ne\u0159e\u0161en\u00ed\u00a0klimatick\u00e9\u00a0zm\u011bny m\u016f\u017ee ji\u017e brzy p\u0159in\u00e9st jin\u00e9 dilema &#8211; p\u016fjde o to, aby tu na\u0161e d\u011bti v\u016fbec \u017e\u00edt mohly. P\u0159esto\u017ee Andrej Babi\u0161 \u010dasto opakuje, \u017ee pln\u00edme Pa\u0159\u00ed\u017eskou \u00famluvu, nen\u00ed to pravda. Naopak aktivn\u011b blokujeme jak\u00e9koli snahy na \u00farovni EU, jako je uhl\u00edkov\u00e1 neutralita nebo v\u011bt\u0161\u00ed sn\u00ed\u017een\u00ed emis\u00ed sklen\u00edkov\u00fdch plyn\u016f do roku 2030, abychom se alespo\u0148 p\u0159ibl\u00ed\u017eili k tomu, na \u010dem se v Pa\u0159\u00ed\u017ei st\u00e1tn\u00edci dohodli, tedy aby maxim\u00e1ln\u00ed oteplen\u00ed planety nestouplo ide\u00e1ln\u011b o v\u00edce ne\u017e 1,5 \u00b0C. Jedin\u011b tak p\u0159edejdeme t\u011bm nejd\u011bsiv\u011bj\u0161\u00edm dopad\u016fm zm\u011bn klimatu.\u201c<\/em><\/p>\n\n<p><strong>Ji\u0159\u00ed Dlouh\u00fd<\/strong>, p\u0159edseda Spole\u010dnosti pro trvale udr\u017eiteln\u00fd \u017eivot, \u0159ekl:<br>\u201e<em>Klimatick\u00fd\u00a0summit v Madridu se bude konat v prvn\u00edch dnech nov\u00e9 Evropsk\u00e9 komise, ve kterou v\u0161ichni, kte\u0159\u00ed berou\u00a0klimatickou\u00a0krizi v\u00e1\u017en\u011b, vkl\u00e1daj\u00ed velk\u00e9 nad\u011bje. Tento optimismus znovu potvrdila jej\u00ed nov\u00e1 p\u0159edsedkyn\u011b Ursula van den Leyen<a href=\"https:\/\/ec.europa.eu\/info\/sites\/info\/files\/president-elect-speech-original_en.pdf\"> ve st\u0159ede\u010dn\u00edm inaugura\u010dn\u00edm projevu v Evropsk\u00e9m parlamentu<\/a>.\u00a0\u010cesk\u00e1 republika je ale v\u00e1\u017enou brzdou progresivn\u00edch \u0159e\u0161en\u00ed zm\u011bny klimatu v Evrop\u011b, podle prof. Sachse m\u016f\u017ee pr\u00e1v\u011b n\u00e1\u0161 negativn\u00ed postoj po\u0161kodit velmi v\u00e1\u017en\u011b z\u00e1jmy mlad\u00fdch generac\u00ed nejen u n\u00e1s.\u201c<\/em><\/p>\n\n<p><strong>Stanislava Tomkov\u00e1<\/strong>, koordin\u00e1torka kampan\u011b \u010cesko proti chudob\u011b a nerovnostem, \u0159ekla:<br>\u201e<em>Klimatick\u00e1\u00a0zm\u011bna nezpochybniteln\u011b zp\u016fsoben\u00e1 pr\u016fmyslovou \u010dinnost\u00ed m\u00e1 nejen katastrofick\u00e9 d\u016fsledky na \u017eivotn\u00ed prost\u0159ed\u00ed, ale tak\u00e9 obrovsk\u00e9 soci\u00e1ln\u00ed dopady zejm\u00e9na v nejchud\u0161\u00edch zem\u00edch, kter\u00e9 se na emis\u00edch sklen\u00edkov\u00fdch plyn\u016f pod\u00edlej\u00ed ze v\u0161ech nejm\u00e9n\u011b. Tato nespravedliv\u00e1 distribuce m\u00e1 b\u00fdt kompenzov\u00e1na Zelen\u00fdm\u00a0klimatick\u00fdm\u00a0fondem. \u010cR je se sv\u00fdmi 12,5 tunami sklen\u00edkov\u00fdch plyn\u016f na 1 obyvatele 4. nejv\u011bt\u0161\u00ed zne\u010di\u0161\u0165ovatel v EU, a p\u0159esto se ke sv\u00e9 odpov\u011bdnosti nehl\u00e1s\u00ed. Vyz\u00fdv\u00e1me proto vl\u00e1du \u010cR, aby za\u010dala jednat a v souladu se sv\u00fdmi z\u00e1vazky o napl\u0148ov\u00e1n\u00ed c\u00edle SDG 13 schv\u00e1lila a nav\u00fd\u0161ila p\u0159\u00edsp\u011bvek do Zelen\u00e9ho\u00a0klimatick\u00e9ho\u00a0fondu a p\u0159estala blokovat dohodu EU o uhl\u00edkov\u00e9 neutralit\u011b.\u201c<\/em><\/p>\n\n<p><strong>David \u010c\u00edp<\/strong>, p\u0159edseda \u010cSOP JARO Jarom\u011b\u0159, \u0159ekl:<br><em>\u201eJako neziskov\u00e1 organizace, v\u011bnuj\u00edc\u00ed se ochran\u011b biologicky hodnotn\u00fdch lokalit, si uv\u011bdomujeme, \u017ee ochrana klimatu mus\u00ed j\u00edt s ochranou biodiverzity ruku v ruce. Mimo problematiky\u00a0klimatick\u00e9\u00a0krize vn\u00edm\u00e1me jako v\u00e1\u017en\u00fd probl\u00e9m i eutrofizaci krajiny, k n\u00ed\u017e vyu\u017e\u00edv\u00e1n\u00ed fosiln\u00edch paliv a glob\u00e1ln\u00ed oteplov\u00e1n\u00ed p\u0159isp\u00edv\u00e1. Nutnost rychl\u00e9ho p\u0159echodu na udr\u017eitelnou energetiku bez fosiln\u00edch zdroj\u016f, podpora lok\u00e1ln\u00edch, ekologicky p\u011bstovan\u00fdch potravin, revitalizace vodn\u00edch prvk\u016f v krajin\u011b a dal\u0161\u00ed opat\u0159en\u00ed jsou pro udr\u017een\u00ed funk\u010dn\u00ed krajiny a kvality lidsk\u00e9ho \u017eivota nezbytn\u00e9. Jako bohat\u00e1 zem\u011b, kter\u00e1 mnoho let vyu\u017e\u00edvala fosiln\u00ed paliva pro sv\u016fj rozvoj, bychom dnes m\u011bli b\u00fdt mezi t\u011bmi, kter\u00e9 jdou p\u0159\u00edkladem v p\u0159echodu na udr\u017eiteln\u00fd zp\u016fsob \u017eivota citliv\u00fd ke krajin\u011b, \u017eivo\u010dich\u016fm a rostlin\u00e1m v n\u00ed stejn\u011b, jako k lidsk\u00e9mu zdrav\u00ed.\u201c<\/em><\/p>\n\n<p><strong>Ji\u0159\u00ed Ko\u017eelouh<\/strong>, vedouc\u00ed energetick\u00e9ho programu Hnut\u00ed DUHA, \u0159ekl:\u00a0<br>\u201e<em>Premi\u00e9r Babi\u0161 a jeho minist\u0159i \u0159\u00edkaj\u00ed, \u017ee \u010cesko bojuje se zm\u011bnou klimatu, ale skutky jdou \u010dasto p\u0159esn\u011b opa\u010dn\u00fdm sm\u011brem. P\u0159\u00edkladem je neust\u00e1l\u00e1 snaha prosadit co nejni\u017e\u0161\u00ed c\u00edl pro rozvoj v\u00fdroby elekt\u0159iny z obnoviteln\u00fdch zdroj\u016f, kde zaost\u00e1v\u00e1me nejen ve srovn\u00e1n\u00ed se z\u00e1padn\u00ed Evropou, ale jsme posledn\u00ed i v r\u00e1mci visegr\u00e1dsk\u00e9 \u010dty\u0159ky. To p\u0159itom neblokuje jen ochranu klimatu, ale tak\u00e9 rozvoj modern\u00edho pr\u016fmyslu a posilov\u00e1n\u00ed energetick\u00e9 sob\u011bsta\u010dnosti a bezpe\u010dnosti obc\u00ed a rodin. Vl\u00e1da bude m\u00edt v prosinci \u0161anci to zm\u011bnit a zv\u00fd\u0161it c\u00edl pro obnoviteln\u00e9 zdroje v n\u00e1rodn\u00edm\u00a0klimaticko-energetick\u00e9m pl\u00e1nu.\u201d<\/em><br><\/p>\n<div class=\"EmptyMessage\">Block content is empty. Check the block&#8217;s settings or remove it.<\/div>","protected":false},"excerpt":{"rendered":"<p>O kroc\u00edch nutn\u00fdch k dosa\u017een\u00ed n\u00edzkouhl\u00edkov\u00e9 ekonomiky a k odvr\u00e1cen\u00ed\u00a0klimatick\u00e9ho\u00a0rozvratu ohro\u017euj\u00edc\u00edho bezpe\u010dn\u00fd \u017eivot na Zemi budou politick\u00e9 \u0161pi\u010dky jednat na konferenci COP25, kter\u00e1 se kon\u00e1 v Madridu ve dnech 2.&hellip;<\/p>\n","protected":false},"author":27,"featured_media":5079,"comment_status":"open","ping_status":"closed","sticky":false,"template":"","format":"standard","meta":{"ep_exclude_from_search":false,"p4_og_title":"","p4_og_description":"[caption id=\"attachment_5079\" align=\"alignnone\" width=\"1200\"]<img class=\"size-full wp-image-5079\" src=\"https:\/\/www.greenpeace.org\/static\/planet4-czech-republic-stateless\/2019\/11\/c0dfdf47-gp0stu9uj.jpg\" alt=\"Climate Emergency Action at Laguna de Aculeo in Chile. \u00a9 Martin Katz \/ Greenpeace\" width=\"1200\" height=\"801\" \/> Klimatick\u00e1 krize u\u017e je tady.[\/caption]","p4_og_image":"","p4_og_image_id":"","p4_seo_canonical_url":"","p4_campaign_name":"not set","p4_local_project":"","p4_basket_name":"not set","p4_department":"","footnotes":""},"categories":[2],"tags":[20,25],"p4-page-type":[16],"class_list":["post-5076","post","type-post","status-publish","format-standard","has-post-thumbnail","hentry","category-priroda","tag-zmena-klimatu","tag-konec-doby-fosilni","p4-page-type-clanek"],"_links":{"self":[{"href":"https:\/\/www.greenpeace.org\/czech\/wp-json\/wp\/v2\/posts\/5076","targetHints":{"allow":["GET"]}}],"collection":[{"href":"https:\/\/www.greenpeace.org\/czech\/wp-json\/wp\/v2\/posts"}],"about":[{"href":"https:\/\/www.greenpeace.org\/czech\/wp-json\/wp\/v2\/types\/post"}],"author":[{"embeddable":true,"href":"https:\/\/www.greenpeace.org\/czech\/wp-json\/wp\/v2\/users\/27"}],"replies":[{"embeddable":true,"href":"https:\/\/www.greenpeace.org\/czech\/wp-json\/wp\/v2\/comments?post=5076"}],"version-history":[{"count":3,"href":"https:\/\/www.greenpeace.org\/czech\/wp-json\/wp\/v2\/posts\/5076\/revisions"}],"predecessor-version":[{"id":15624,"href":"https:\/\/www.greenpeace.org\/czech\/wp-json\/wp\/v2\/posts\/5076\/revisions\/15624"}],"wp:featuredmedia":[{"embeddable":true,"href":"https:\/\/www.greenpeace.org\/czech\/wp-json\/wp\/v2\/media\/5079"}],"wp:attachment":[{"href":"https:\/\/www.greenpeace.org\/czech\/wp-json\/wp\/v2\/media?parent=5076"}],"wp:term":[{"taxonomy":"category","embeddable":true,"href":"https:\/\/www.greenpeace.org\/czech\/wp-json\/wp\/v2\/categories?post=5076"},{"taxonomy":"post_tag","embeddable":true,"href":"https:\/\/www.greenpeace.org\/czech\/wp-json\/wp\/v2\/tags?post=5076"},{"taxonomy":"p4-page-type","embeddable":true,"href":"https:\/\/www.greenpeace.org\/czech\/wp-json\/wp\/v2\/p4-page-type?post=5076"}],"curies":[{"name":"wp","href":"https:\/\/api.w.org\/{rel}","templated":true}]}}