{"id":5255,"date":"2019-12-13T04:13:16","date_gmt":"2019-12-13T02:13:16","guid":{"rendered":"https:\/\/www.greenpeace.org\/czech\/?p=5255"},"modified":"2021-12-01T13:31:56","modified_gmt":"2021-12-01T12:31:56","slug":"premier-andrej-babis-zmenil-nazor-a-zavazal-se-k-vetsi-ochrane-klimatu","status":"publish","type":"post","link":"https:\/\/www.greenpeace.org\/czech\/tiskova-zprava\/5255\/premier-andrej-babis-zmenil-nazor-a-zavazal-se-k-vetsi-ochrane-klimatu\/","title":{"rendered":"Premi\u00e9r Andrej Babi\u0161 zm\u011bnil n\u00e1zor a zav\u00e1zal se k v\u011bt\u0161\u00ed ochran\u011b klimatu"},"content":{"rendered":"\n<p><strong>V\u0161echny \u010dlensk\u00e9 st\u00e1ty EU krom\u011b Polska se dok\u00e1zaly dnes po p\u016flnoci dohodnout na dosa\u017een\u00ed uhl\u00edkov\u00e9 neutrality do roku 2050. Polsko do posledn\u00edch chvil dohodu blokovalo a nakonec sv\u00e9 veto nepou\u017eilo v\u00fdm\u011bnou za dopln\u011bn\u00ed z\u00e1v\u011br\u016f o konstatov\u00e1n\u00ed, \u017ee nen\u00ed je\u0161t\u011b p\u0159ipraveno se k uhl\u00edkov\u00e9 neutralit\u011b do roku 2050 zav\u00e1zat. Fakticky tak Polsko z\u00edskalo v\u00fdjimku, o kter\u00e9 se bude debatovat na dal\u0161\u00ed Evropsk\u00e9 rad\u011b v \u010dervnu 2020. K z\u00e1vazku na uhl\u00edkovou neutralitu se nakonec p\u0159idala i \u010cesk\u00e1 republika, p\u0159esto\u017ee ho premi\u00e9r Andrej Babi\u0161 v minulosti kritizoval.\u00a0<\/strong><\/p>\n\n<figure class=\"wp-block-image size-large  caption-style-blue-overlay caption-alignment-center\"><img loading=\"lazy\" decoding=\"async\" width=\"1024\" height=\"612\" src=\"https:\/\/www.greenpeace.org\/static\/planet4-czech-republic-stateless\/2019\/12\/d9c8a7ba-gp0stuc3y-1024x612.jpg\" title=\"Climate Crisis Projection Action in Czech Republic. \u00a9 Petr Zewlakk Vrabec \/ Greenpeace\" alt=\"Climate Crisis Projection Action in Czech Republic. \u00a9 Petr Zewlakk Vrabec \/ Greenpeace\" class=\"wp-image-5256\" srcset=\"https:\/\/www.greenpeace.org\/static\/planet4-czech-republic-stateless\/2019\/12\/d9c8a7ba-gp0stuc3y-1024x612.jpg 1024w, https:\/\/www.greenpeace.org\/static\/planet4-czech-republic-stateless\/2019\/12\/d9c8a7ba-gp0stuc3y-300x179.jpg 300w, https:\/\/www.greenpeace.org\/static\/planet4-czech-republic-stateless\/2019\/12\/d9c8a7ba-gp0stuc3y-768x459.jpg 768w, https:\/\/www.greenpeace.org\/static\/planet4-czech-republic-stateless\/2019\/12\/d9c8a7ba-gp0stuc3y-510x305.jpg 510w, https:\/\/www.greenpeace.org\/static\/planet4-czech-republic-stateless\/2019\/12\/d9c8a7ba-gp0stuc3y.jpg 1200w\" sizes=\"auto, (max-width: 1024px) 100vw, 1024px\" \/><figcaption>K p\u0159ijmut\u00ed uhl\u00edkov\u00e9 neutrality vyzvalo Greenpeace premi\u00e9ra origin\u00e1ln\u00ed projekc\u00ed na \u00fa\u0159ad vl\u00e1dy. (c) Greenpeace &#8211; Petr Zewlakk Vrabec<div class=\"credit icon-left\"> \u00a9 Petr Zewlakk Vrabec \/ Greenpeace<\/div><\/figcaption><\/figure>\n\n<p><strong>Jan Freidinger z Greenpeace k tomu \u0159ekl: <br><\/strong><em>\u201cTuto dohodu v\u00edt\u00e1me, ale nej\u00e1s\u00e1me. Aby cel\u00fd sv\u011bt naplnil c\u00edle Pa\u0159\u00ed\u017esk\u00e9 dohody a ponechal planetu obyvatelnou i pro na\u0161e d\u011bti a p\u0159\u00ed\u0161t\u00ed generace mus\u00ed dos\u00e1hnout uhl\u00edkov\u00e9 neutrality v\u0161echny st\u00e1ty EU v\u010detn\u011b Polska, a to\u00a0 je\u0161t\u011b d\u0159\u00edve &#8211; pokud mo\u017eno okolo roku 2040. Mus\u00ed tak\u00e9  v\u00fdrazn\u011b sn\u00ed\u017eit emise sklen\u00edkov\u00fdch plyn\u016f do roku 2030, alespo\u0148 o 65 % oproti roku 1990.\u201d\u00a0<\/em><\/p>\n\n<p><strong>Luk\u00e1\u0161 Hr\u00e1bek z Greenpeace \u0159\u00edk\u00e1:<\/strong><br><em>\u201cJe bezpodm\u00edne\u010dn\u011b nutn\u00e9 p\u0159ej\u00edt od slov k \u010din\u016fm a za\u010d\u00edt okam\u017eit\u011b jednat. \u010c\u00edm rychleji za\u010dneme jednat, t\u00edm levn\u011bj\u0161\u00ed a sna\u017e\u0161\u00ed bude na\u0161i zem a ekonomiku nasm\u011brovat k uhl\u00edkov\u00e9 neutralit\u011b. \u010cesko mus\u00ed odstavit sv\u00e9 uheln\u00e9 elektr\u00e1rny do roku 2030, v\u00fdrazn\u011b nav\u00fd\u0161it sv\u00e9 pl\u00e1ny v oblasti \u010dist\u00fdch obnoviteln\u00fdch zdroj\u016f, zastavit pl\u00fdtv\u00e1n\u00ed energiemi, zv\u00fd\u0161it efektivitu \u010desk\u00e9ho pr\u016fmyslu a z\u00e1rove\u0148 prosadit sadu opat\u0159en\u00ed v zem\u011bd\u011blstv\u00ed a lesnictv\u00ed, kter\u00e9 povedou k omezen\u00ed emis\u00ed a efektivn\u011bj\u0161\u00edmu ukl\u00e1d\u00e1n\u00ed uhl\u00edku.\u201d<\/em><\/p>\n<div class=\"EmptyMessage\">Block content is empty. Check the block&#8217;s settings or remove it.<\/div>","protected":false},"excerpt":{"rendered":"<p>V\u0161echny \u010dlensk\u00e9 st\u00e1ty EU krom\u011b Polska se dok\u00e1zaly dnes po p\u016flnoci dohodnout na dosa\u017een\u00ed uhl\u00edkov\u00e9 neutrality do roku 2050. Polsko do posledn\u00edch chvil dohodu blokovalo a nakonec sv\u00e9 veto nepou\u017eilo&hellip;<\/p>\n","protected":false},"author":27,"featured_media":5256,"comment_status":"open","ping_status":"closed","sticky":false,"template":"","format":"standard","meta":{"ep_exclude_from_search":false,"p4_og_title":"","p4_og_description":"[caption id=\"attachment_5256\" align=\"alignnone\" width=\"1200\"]<img class=\"size-full wp-image-5256\" src=\"https:\/\/www.greenpeace.org\/static\/planet4-czech-republic-stateless\/2019\/12\/d9c8a7ba-gp0stuc3y.jpg\" alt=\"Climate Crisis Projection Action in Czech Republic. \u00a9 Petr Zewlakk Vrabec \/ Greenpeace\" width=\"1200\" height=\"717\" \/> K p\u0159ijmut\u00ed uhl\u00edkov\u00e9 neutrality vyzvalo Greenpeace premi\u00e9ra origin\u00e1ln\u00ed projekc\u00ed na \u00fa\u0159ad vl\u00e1dy.[\/caption]","p4_og_image":"","p4_og_image_id":"","p4_seo_canonical_url":"","p4_campaign_name":"not set","p4_local_project":"","p4_basket_name":"not set","p4_department":"","footnotes":""},"categories":[2],"tags":[20,25,28],"p4-page-type":[14],"class_list":["post-5255","post","type-post","status-publish","format-standard","has-post-thumbnail","hentry","category-priroda","tag-zmena-klimatu","tag-konec-doby-fosilni","tag-uspechy","p4-page-type-tiskova-zprava"],"_links":{"self":[{"href":"https:\/\/www.greenpeace.org\/czech\/wp-json\/wp\/v2\/posts\/5255","targetHints":{"allow":["GET"]}}],"collection":[{"href":"https:\/\/www.greenpeace.org\/czech\/wp-json\/wp\/v2\/posts"}],"about":[{"href":"https:\/\/www.greenpeace.org\/czech\/wp-json\/wp\/v2\/types\/post"}],"author":[{"embeddable":true,"href":"https:\/\/www.greenpeace.org\/czech\/wp-json\/wp\/v2\/users\/27"}],"replies":[{"embeddable":true,"href":"https:\/\/www.greenpeace.org\/czech\/wp-json\/wp\/v2\/comments?post=5255"}],"version-history":[{"count":3,"href":"https:\/\/www.greenpeace.org\/czech\/wp-json\/wp\/v2\/posts\/5255\/revisions"}],"predecessor-version":[{"id":15609,"href":"https:\/\/www.greenpeace.org\/czech\/wp-json\/wp\/v2\/posts\/5255\/revisions\/15609"}],"wp:featuredmedia":[{"embeddable":true,"href":"https:\/\/www.greenpeace.org\/czech\/wp-json\/wp\/v2\/media\/5256"}],"wp:attachment":[{"href":"https:\/\/www.greenpeace.org\/czech\/wp-json\/wp\/v2\/media?parent=5255"}],"wp:term":[{"taxonomy":"category","embeddable":true,"href":"https:\/\/www.greenpeace.org\/czech\/wp-json\/wp\/v2\/categories?post=5255"},{"taxonomy":"post_tag","embeddable":true,"href":"https:\/\/www.greenpeace.org\/czech\/wp-json\/wp\/v2\/tags?post=5255"},{"taxonomy":"p4-page-type","embeddable":true,"href":"https:\/\/www.greenpeace.org\/czech\/wp-json\/wp\/v2\/p4-page-type?post=5255"}],"curies":[{"name":"wp","href":"https:\/\/api.w.org\/{rel}","templated":true}]}}