{"id":5291,"date":"2019-12-17T15:08:47","date_gmt":"2019-12-17T13:08:47","guid":{"rendered":"https:\/\/www.greenpeace.org\/czech\/?p=5291"},"modified":"2025-02-19T12:04:58","modified_gmt":"2025-02-19T11:04:58","slug":"rok-2019-byl-rokem-obrovskych-lesnich-pozaru-horici-lesni-porosty-nici-planetu-hned-dvakrat","status":"publish","type":"post","link":"https:\/\/www.greenpeace.org\/czech\/clanek\/5291\/rok-2019-byl-rokem-obrovskych-lesnich-pozaru-horici-lesni-porosty-nici-planetu-hned-dvakrat\/","title":{"rendered":"Rok 2019 byl rokem obrovsk\u00fdch lesn\u00edch po\u017e\u00e1r\u016f. Ho\u0159\u00edc\u00ed lesn\u00ed porosty ni\u010d\u00ed planetu hned dvakr\u00e1t"},"content":{"rendered":"\n<p><strong>Rok 2019 byl rokem rozs\u00e1hl\u00fdch po\u017e\u00e1r\u016f, kter\u00e9 ni\u010dily lesy od Sibi\u0159e po Austr\u00e1lii. Masivn\u00ed po\u017e\u00e1ry m\u011bnily krajinu v Indon\u00e9sii, Braz\u00edlii, v Kanad\u011b \u010di Izraeli. Krom\u011b vyp\u00e1len\u00fdch holin tu v\u0161ak je je\u0161t\u011b jeden, skryt\u00fd faktor po\u017e\u00e1r\u016f, vznikaj\u00edc\u00edch mimo jin\u00e9 i d\u00edky vln\u011b veder. Je j\u00edm obrovsk\u00e9 mno\u017estv\u00ed CO2, kter\u00e9 tyto po\u017e\u00e1ry vyprodukovaly.<\/strong><\/p>\n\n<p>Zanedbateln\u00e9? P\u0159i leto\u0161n\u00edch po\u017e\u00e1rech v Rusku sho\u0159elo 16 milion\u016f hektar\u016f lesa, co\u017e je skoro dvakr\u00e1t rozloha Rakouska. Po\u017e\u00e1ry vyprodukovaly asi 500 megatun CO2, co\u017e odpov\u00edd\u00e1 ro\u010dn\u00ed produkci zne\u010di\u0161t\u011bn\u00ed ze spalov\u00e1n\u00ed fosiln\u00edch paliv Saudsk\u00e9 Ar\u00e1bie. Po\u017e\u00e1ry v Braz\u00edlii vyprodukovaly 366 megatun CO2, co\u017e skoro odpov\u00edd\u00e1 ro\u010dn\u00edmu zne\u010di\u0161t\u011bn\u00ed, kter\u00e9 vyprodukuje spalov\u00e1n\u00edm fosiln\u00edch paliv Velk\u00e1 Brit\u00e1nie. Po\u017e\u00e1ry v Indon\u00e9sii byly z pohledu vlivu na klima nejstra\u0161liv\u011bj\u0161\u00ed. Vyprodukovaly 708 megatun CO2. Nejde tu tedy o ka\u017edoro\u010dn\u011b se opakuj\u00edc\u00ed po\u017e\u00e1ry men\u0161\u00edch rozm\u011br\u016f, kter\u00e9 se v p\u0159\u00edrod\u011b v\u017edy vyskytovaly a ekosyst\u00e9my se s nimi dok\u00e1zaly vyrovnat.\u00a0<\/p>\n\n<figure class=\"wp-block-image size-large  caption-style-blue-overlay caption-alignment-center\"><img loading=\"lazy\" decoding=\"async\" width=\"1024\" height=\"683\" src=\"https:\/\/www.greenpeace.org\/static\/planet4-czech-republic-stateless\/2019\/12\/c1c008d5-gp0stu74o-1024x683.jpg\" title=\"Wildfires in Palangkaraya. \u00a9 Jurnasyanto Sukarno \/ Greenpeace\" alt=\"Wildfires in Palangkaraya. \u00a9 Jurnasyanto Sukarno \/ Greenpeace\" class=\"wp-image-5293\" srcset=\"https:\/\/www.greenpeace.org\/static\/planet4-czech-republic-stateless\/2019\/12\/c1c008d5-gp0stu74o-1024x683.jpg 1024w, https:\/\/www.greenpeace.org\/static\/planet4-czech-republic-stateless\/2019\/12\/c1c008d5-gp0stu74o-300x200.jpg 300w, https:\/\/www.greenpeace.org\/static\/planet4-czech-republic-stateless\/2019\/12\/c1c008d5-gp0stu74o-768x512.jpg 768w, https:\/\/www.greenpeace.org\/static\/planet4-czech-republic-stateless\/2019\/12\/c1c008d5-gp0stu74o-510x340.jpg 510w, https:\/\/www.greenpeace.org\/static\/planet4-czech-republic-stateless\/2019\/12\/c1c008d5-gp0stu74o.jpg 1200w\" sizes=\"auto, (max-width: 1024px) 100vw, 1024px\" \/><figcaption class=\"wp-element-caption\">Po\u017e\u00e1ry v Indon\u00e9sii (c) Jurnasyanto Sukarno \/ Greenpeace<div class=\"credit icon-left\"> \u00a9 Jurnasyanto Sukarno \/ Greenpeace<\/div><\/figcaption><\/figure>\n\n<p>Co takov\u00e9 mno\u017estv\u00ed oxidu uhli\u010dit\u00e9ho, kter\u00e9 se uvoln\u00ed do ovzdu\u0161\u00ed, znamen\u00e1 pro na\u0161e klima? Zv\u00fd\u0161en\u00ed mno\u017estv\u00ed sklen\u00edkov\u00fdch plyn\u016f vede ke zvy\u0161ov\u00e1n\u00ed teploty planety a k \u010dast\u011bj\u0161\u00edm obdob\u00edm sucha a veder, a t\u00edm op\u011bt k dal\u0161\u00edm po\u017e\u00e1r\u016fm. Po\u017e\u00e1ry produkuj\u00ed i tzv. \u201c\u010dern\u00fd uhl\u00edk\u201d, jeho\u017e \u010d\u00e1stice se mohou v\u011btrem p\u0159en\u00e1\u0161et kamkoli. Mimo jin\u00e9 i do oblast\u00ed kolem severn\u00edho p\u00f3lu. Kv\u016fli po\u017e\u00e1r\u016fm les\u016f na Sibi\u0159i se tak obrovsk\u00e9 oblasti ledu pokryj\u00ed \u010dern\u00fdm pop\u00edlkem, kter\u00fd m\u00edsto odr\u00e1\u017een\u00ed slune\u010dn\u00edch paprsk\u016f absorbuje teplo. A t\u00edm zrychluje t\u00e1n\u00ed sn\u011bhu i ledu. Podle v\u011bdc\u016f je \u010dern\u00fd uhl\u00edk druh\u00fdm nebo t\u0159et\u00edm nejd\u016fle\u017eit\u011bj\u0161\u00edm p\u0159isp\u011bvatelem ke klimatick\u00e9 krizi. A nakonec, p\u0159i lesn\u00edch po\u017e\u00e1rech nejde jen o okam\u017eit\u00e9 uvol\u0148ov\u00e1n\u00ed CO2. Zni\u010den\u00ed lesn\u00edch porost\u016f znamen\u00e1 tak\u00e9 m\u00e9n\u011b zachycen\u00e9ho uhl\u00edku z atmosf\u00e9ry, proto\u017ee stromy, kter\u00e9 ho zachyt\u00e1valy, miz\u00ed na hodn\u011b dlouhou dobu.<\/p>\n\n<iframe loading=\"lazy\" src=\"https:\/\/maps.greenpeace.org\/maps\/fire_stories\/\" style=\"left: 0\" name=\"myiFrame\" scrolling=\"no\" frameborder=\"1\" marginheight=\"0px\" marginwidth=\"0px\" height=\"400px\" width=\"100%\" allowfullscreen=\"\"><\/iframe>\n\n<p><\/p>\n\n<p>Proto je t\u0159eba odm\u00edtnou p\u0159\u00edstup, \u017ee lesn\u00ed po\u017e\u00e1ry jsou \u201cn\u00e1rodn\u00ed\u201d v\u011bc\u00ed a \u017ee je to probl\u00e9m, kter\u00fd se net\u00fdk\u00e1 nikoho, kdo ne\u017eije v zemi, ve kter\u00e9 se po\u017e\u00e1ry vyskytuj\u00ed. Ochrana les\u016f je \u017eivotn\u011b d\u016fle\u017eit\u00e1 pro udr\u017een\u00ed zv\u00fd\u0161en\u00ed teploty planety pod 1,5 \u00b0C.&nbsp; Po\u017e\u00e1ry nemaj\u00ed jen devastuj\u00edc\u00ed dopad na m\u00edstn\u00ed komunity a domorod\u00e9 obyvatele, kte\u0159\u00ed jsou na \u017eivobyt\u00ed z\u00e1visl\u00ed na sv\u00fdch p\u0159edc\u00edch, ale zne\u010di\u0161t\u011bn\u00edm klimatu ohro\u017euj\u00ed lidi po cel\u00e9m sv\u011bt\u011b. Je t\u0159eba, aby se glob\u00e1ln\u00ed v\u016fdci za\u010dali problematikou lesn\u00edch po\u017e\u00e1r\u016f zab\u00fdvat a pomohli ji st\u00e1t\u016fm \u0159e\u0161it. Na planet\u011b \u017eijeme v\u0161ichni a p\u0159ed glob\u00e1ln\u00ed zm\u011bnou klimatu nikdo neute\u010de. A proto mus\u00edme spolupracovat.<\/p>\n\n<figure class=\"wp-block-image size-large  caption-style-blue-overlay caption-alignment-center\"><img loading=\"lazy\" decoding=\"async\" width=\"1024\" height=\"768\" src=\"https:\/\/www.greenpeace.org\/static\/planet4-czech-republic-stateless\/2019\/12\/6e4c385f-gp0sttqeq-1024x768.jpg\" title=\"Forest Fires near Irkutsk Region in Russia. \u00a9 Igor Podgorny \/ Greenpeace\" alt=\"Forest Fires near Irkutsk Region in Russia. \u00a9 Igor Podgorny \/ Greenpeace\" class=\"wp-image-5294\" srcset=\"https:\/\/www.greenpeace.org\/static\/planet4-czech-republic-stateless\/2019\/12\/6e4c385f-gp0sttqeq-1024x768.jpg 1024w, https:\/\/www.greenpeace.org\/static\/planet4-czech-republic-stateless\/2019\/12\/6e4c385f-gp0sttqeq-300x225.jpg 300w, https:\/\/www.greenpeace.org\/static\/planet4-czech-republic-stateless\/2019\/12\/6e4c385f-gp0sttqeq-768x576.jpg 768w, https:\/\/www.greenpeace.org\/static\/planet4-czech-republic-stateless\/2019\/12\/6e4c385f-gp0sttqeq-453x340.jpg 453w, https:\/\/www.greenpeace.org\/static\/planet4-czech-republic-stateless\/2019\/12\/6e4c385f-gp0sttqeq.jpg 1200w\" sizes=\"auto, (max-width: 1024px) 100vw, 1024px\" \/><figcaption class=\"wp-element-caption\">Po\u017e\u00e1ry sibi\u0159sk\u00e9 tajgy (c) Igor Podgorny \/ Greenpeace<div class=\"credit icon-left\"> \u00a9 Igor Podgorny \/ Greenpeace<\/div><\/figcaption><\/figure>\n\n<p><br><\/p>\n<div class=\"EmptyMessage\">Block content is empty. Check the block&#8217;s settings or remove it.<\/div>","protected":false},"excerpt":{"rendered":"<p>Rok 2019 byl rokem rozs\u00e1hl\u00fdch po\u017e\u00e1r\u016f, kter\u00e9 ni\u010dily lesy od Sibi\u0159e po Austr\u00e1lii. Masivn\u00ed po\u017e\u00e1ry m\u011bnily krajinu v Indon\u00e9sii, Braz\u00edlii, v Kanad\u011b \u010di Izraeli. Krom\u011b vyp\u00e1len\u00fdch holin tu v\u0161ak je&hellip;<\/p>\n","protected":false},"author":27,"featured_media":5293,"comment_status":"open","ping_status":"closed","sticky":false,"template":"","format":"standard","meta":{"ep_exclude_from_search":false,"p4_og_title":"","p4_og_description":"[caption id=\"attachment_5293\" align=\"alignnone\" width=\"1200\"]<img class=\"size-full wp-image-5293\" src=\"https:\/\/www.greenpeace.org\/static\/planet4-czech-republic-stateless\/2019\/12\/c1c008d5-gp0stu74o.jpg\" alt=\"Wildfires in Palangkaraya. \u00a9 Jurnasyanto Sukarno \/ Greenpeace\" width=\"1200\" height=\"800\" \/> Po\u017e\u00e1ry v Indon\u00e9sii[\/caption]","p4_og_image":"","p4_og_image_id":"","p4_seo_canonical_url":"","p4_campaign_name":"not set","p4_local_project":"","p4_basket_name":"not set","p4_department":"","footnotes":""},"categories":[2],"tags":[17,20],"p4-page-type":[16],"class_list":["post-5291","post","type-post","status-publish","format-standard","has-post-thumbnail","hentry","category-priroda","tag-lesy-pralesy","tag-zmena-klimatu","p4-page-type-clanek"],"_links":{"self":[{"href":"https:\/\/www.greenpeace.org\/czech\/wp-json\/wp\/v2\/posts\/5291","targetHints":{"allow":["GET"]}}],"collection":[{"href":"https:\/\/www.greenpeace.org\/czech\/wp-json\/wp\/v2\/posts"}],"about":[{"href":"https:\/\/www.greenpeace.org\/czech\/wp-json\/wp\/v2\/types\/post"}],"author":[{"embeddable":true,"href":"https:\/\/www.greenpeace.org\/czech\/wp-json\/wp\/v2\/users\/27"}],"replies":[{"embeddable":true,"href":"https:\/\/www.greenpeace.org\/czech\/wp-json\/wp\/v2\/comments?post=5291"}],"version-history":[{"count":6,"href":"https:\/\/www.greenpeace.org\/czech\/wp-json\/wp\/v2\/posts\/5291\/revisions"}],"predecessor-version":[{"id":21643,"href":"https:\/\/www.greenpeace.org\/czech\/wp-json\/wp\/v2\/posts\/5291\/revisions\/21643"}],"wp:featuredmedia":[{"embeddable":true,"href":"https:\/\/www.greenpeace.org\/czech\/wp-json\/wp\/v2\/media\/5293"}],"wp:attachment":[{"href":"https:\/\/www.greenpeace.org\/czech\/wp-json\/wp\/v2\/media?parent=5291"}],"wp:term":[{"taxonomy":"category","embeddable":true,"href":"https:\/\/www.greenpeace.org\/czech\/wp-json\/wp\/v2\/categories?post=5291"},{"taxonomy":"post_tag","embeddable":true,"href":"https:\/\/www.greenpeace.org\/czech\/wp-json\/wp\/v2\/tags?post=5291"},{"taxonomy":"p4-page-type","embeddable":true,"href":"https:\/\/www.greenpeace.org\/czech\/wp-json\/wp\/v2\/p4-page-type?post=5291"}],"curies":[{"name":"wp","href":"https:\/\/api.w.org\/{rel}","templated":true}]}}