{"id":5305,"date":"2019-12-28T09:43:00","date_gmt":"2019-12-28T07:43:00","guid":{"rendered":"https:\/\/www.greenpeace.org\/czech\/?p=5305"},"modified":"2021-12-01T13:31:53","modified_gmt":"2021-12-01T12:31:53","slug":"jak-nechat-vyhasnout-fosilni-byznys","status":"publish","type":"post","link":"https:\/\/www.greenpeace.org\/czech\/clanek\/5305\/jak-nechat-vyhasnout-fosilni-byznys\/","title":{"rendered":"Jak nechat \u201evyhasnout\u201c fosiln\u00ed byznys?"},"content":{"rendered":"\n<p class=\"has-small-font-size\"><em>\u010cl\u00e1nek p\u0159eb\u00edr\u00e1me z podzimn\u00edho \u010d\u00edsla magaz\u00ednu Greenpeace, ro\u010dn\u00edk 2019.<\/em> <em>Cel\u00fd magaz\u00edn i s dal\u0161\u00edmi zaj\u00edmav\u00fdmi \u010dl\u00e1nky najdete na <a href=\"https:\/\/www.flipsnack.com\/E87D78DEFB5\/magaz-n-greenpeace-podzim-2019.html\">webu.<\/a><\/em><\/p>\n\n<p>\u201e<em>Pokud nelze naj\u00edt \u0159e\u0161en\u00ed v syst\u00e9mu samotn\u00e9m, budeme mo\u017en\u00e1 muset zm\u011bnit samotn\u00fd syst\u00e9m.<\/em>\u201c T\u011bmito slovy kon\u010dila Greta Thunberg sv\u00e9 vystoupen\u00ed na konferenci OSN o zm\u011bn\u011b klimatu v Katovic\u00edch. Symbolicky tak zapo\u010dala hled\u00e1n\u00ed n\u00e1vodu na rekonstrukci ekonomiky takov\u00fdm zp\u016fsobem, aby na konci hospod\u00e1\u0159sk\u00e9 \u010dinnosti \u010dlov\u011bka nele\u017eela jen sp\u00e1len\u00e1 zem\u011b, i kdy\u017e se stabiln\u00ed \u00farokovou m\u00edrou a vyrovnan\u00fdm st\u00e1tn\u00edm rozpo\u010dtem.<\/p>\n\n<div class=\"wp-block-image  caption-style-blue-overlay caption-alignment-center\"><figure class=\"alignleft size-medium\"><img loading=\"lazy\" decoding=\"async\" width=\"200\" height=\"300\" src=\"https:\/\/www.greenpeace.org\/static\/planet4-czech-republic-stateless\/2019\/12\/14d21da0-gp0stuarx-200x300.jpg\" title=\"Banner Protest at ASEAN - Korea Commemorative Summit in Busan. \u00a9 Sungwoo Lee \/ Greenpeace\" alt=\"Banner Protest at ASEAN - Korea Commemorative Summit in Busan. \u00a9 Sungwoo Lee \/ Greenpeace\" class=\"wp-image-5306\" srcset=\"https:\/\/www.greenpeace.org\/static\/planet4-czech-republic-stateless\/2019\/12\/14d21da0-gp0stuarx-200x300.jpg 200w, https:\/\/www.greenpeace.org\/static\/planet4-czech-republic-stateless\/2019\/12\/14d21da0-gp0stuarx-683x1024.jpg 683w, https:\/\/www.greenpeace.org\/static\/planet4-czech-republic-stateless\/2019\/12\/14d21da0-gp0stuarx-768x1152.jpg 768w, https:\/\/www.greenpeace.org\/static\/planet4-czech-republic-stateless\/2019\/12\/14d21da0-gp0stuarx-227x340.jpg 227w, https:\/\/www.greenpeace.org\/static\/planet4-czech-republic-stateless\/2019\/12\/14d21da0-gp0stuarx.jpg 800w\" sizes=\"auto, (max-width: 200px) 100vw, 200px\" \/><figcaption>Protest Greenpeace Korea b\u011bhem zased\u00e1n\u00ed ASEAN v Busanu.<div class=\"credit icon-left\"> \u00a9 Sungwoo Lee \/ Greenpeace<\/div><\/figcaption><\/figure><\/div>\n\n<p>V\u00fdzva ke zm\u011bn\u011b ekonomick\u00e9ho syst\u00e9mu dlouho z\u016fstala nevysly\u0161ena v praktick\u00e9 i v teoretick\u00e9 rovin\u011b. Nedostatek p\u0159edstavivosti a strach ze zm\u011bny statu quo se projevuje jen d\u00edl\u010d\u00edmi n\u00e1vrhy \u201ebez chuti a z\u00e1pachu\u201c. Energetick\u00e1 n\u00e1ro\u010dnost a propletenost sou\u010dasn\u00fdch hospod\u00e1\u0159sk\u00fdch vztah\u016f znesnad\u0148uje p\u0159echod na \u010dist\u0161\u00ed energii. Proto nesta\u010d\u00ed jen vy\u010distit kotel sv\u011btov\u00e9 ekonomiky. Zm\u011bny mus\u00ed b\u00fdt hlub\u0161\u00ed a nezb\u00fdv\u00e1 ne\u017e prozkoumat a p\u0159\u00edpadn\u011b nahradit palivo, kter\u00e9 ten kotel zah\u0159\u00edv\u00e1. Na vsi se lidem d\u00fdch\u00e1 l\u00e9pe, kdy\u017e m\u00edstn\u00ed do kotle sypou peletky, a ne pneumatiky. Stejn\u011b se m\u016f\u017ee lidem \u017e\u00edt l\u00e9pe, kdy\u017e pen\u00edze \u2013 palivo ekonomiky \u2013 budou pou\u017e\u00edvan\u00e9 udr\u017eiteln\u011b.<\/p>\n\n<p><strong>Kdo plat\u00ed rozvrat klimatu?<\/strong><\/p>\n\n<p>Pen\u00edze dod\u00e1vaj\u00ed energii ve\u0161ker\u00e9 ekonomick\u00e9 \u010dinnosti \u2013 bez nich se \u017e\u00e1dn\u00fd byznys neobejde. Kam nete\u010dou pen\u00edze, tam nen\u00ed zisk, a tedy ani ekonomika, jak ji zn\u00e1me z u\u010debnic. Pr\u00e1v\u011b proto je bankovn\u00ed sektor jednou z p\u0159\u00ed\u010din, ale i potenci\u00e1ln\u00edm \u0159e\u0161en\u00edm na\u0161\u00ed zapeklit\u00e9 klimatick\u00e9 situace. Mal\u00e9 tajemstv\u00ed dne\u0161n\u00ed ekonomiky je skute\u010dnost, \u017ee pen\u00edze nevznikaj\u00ed ani na z\u00e1klad\u011b vyt\u011b\u017een\u00e9ho zlata, ani jin\u00fdch drah\u00fdch kov\u016f ukryt\u00fdch v sejfech, pen\u00edze z v\u011bt\u0161iny netvo\u0159\u00ed centr\u00e1ln\u00ed banky ani rozhodnut\u00ed vl\u00e1dy. Pen\u00edze generuj\u00ed komer\u010dn\u00ed banky formou \u00fa\u010detn\u00ed operace. Ka\u017ed\u00e1 bankovn\u00ed p\u016fj\u010dka sv\u00fdm zp\u016fsobem znamen\u00e1 vznik nov\u00fdch pen\u011bz, by\u0165 jen ve virtu\u00e1ln\u00ed form\u011b. Zn\u00e1m\u00e9 spojen\u00ed \u201em\u00e1 d\u00e1ti \u2013 dal\u201c t\u00edm ale nab\u00fdv\u00e1 na d\u016fle\u017eitosti.<\/p>\n\n<blockquote class=\"wp-block-quote is-layout-flow wp-block-quote-is-layout-flow\"><p>Pen\u00edze generuj\u00ed komer\u010dn\u00ed banky formou \u00fa\u010detn\u00ed operace.<\/p><\/blockquote>\n\n<p>Tvorbou pen\u011bz nicm\u00e9n\u011b \u010dinnost komer\u010dn\u00edch bank zdaleka nekon\u010d\u00ed. Jedna z nem\u00e9n\u011b d\u016fle\u017eit\u00fdch rol\u00ed bank spo\u010d\u00edv\u00e1 v posuzov\u00e1n\u00ed bonity podnik\u016f, \u010dili zda se dan\u00e9mu podniku vyplat\u00ed poskytnout \u00fav\u011br, nebo ne. Tak\u0159ka ka\u017ed\u00fd investi\u010dn\u00ed z\u00e1m\u011br je dnes podm\u00edn\u011bn\u00fd rozhodnut\u00edm bank, kter\u00e9 p\u0159\u00edmo ovliv\u0148uj\u00ed, jak\u00e9 \u010dinnosti se budou v ekonomice rozv\u00edjet a jak\u00e9 nikoli.<\/p>\n\n<p>Jak ale upozornili ji\u017e na p\u0159elomu 19. a 20. stolet\u00ed ekonomov\u00e9 Marshall a Pigou, n\u011bkter\u00e9 ekonomick\u00e9 \u010dinnosti mohou b\u00fdt ziskov\u00e9 na \u00fakor sn\u00ed\u017een\u00ed spole\u010densk\u00e9ho blahobytu. Nejb\u011b\u017en\u011bj\u0161\u00edm p\u0159\u00edkladem, na kter\u00e9m se tento teoretick\u00fd p\u0159\u00edstup popisuje, je zne\u010di\u0161t\u011bn\u00ed \u017eivotn\u00edho prost\u0159ed\u00ed. Pokud tepeln\u00e1 elektr\u00e1rna zhor\u0161uje ovzdu\u0161\u00ed, n\u00e1klady nenese jej\u00ed vlastn\u00edk, ale obyvatel\u00e9 v jej\u00edm okol\u00ed, pota\u017emo v\u0161ichni pozem\u0161\u0165an\u00e9. Pokud by se j\u00ed na\u00fa\u010dtovaly n\u00e1klady na vy\u0161\u0161\u00ed nemocnost, na r\u016fst pr\u016fm\u011brn\u00e9 teploty zem\u011b a zv\u00fd\u0161en\u00ed pravd\u011bpodobnosti rozvratu klimatu, vlastn\u00edk elektr\u00e1rny by musel ze dne na den pravd\u011bpodobn\u011b zav\u0159\u00edt kr\u00e1m. Jeho velk\u00e1 v\u00fdhoda bohu\u017eel spo\u010d\u00edv\u00e1 ve faktick\u00e9 nemo\u017enosti vystavit mu takov\u00fd \u201espole\u010densk\u00fd \u00fa\u010det\u201c.<\/p>\n\n<p><strong>Ve\u0159ejn\u00e9 banky p\u0159\u00edkladem<\/strong><\/p>\n\n<p>Na\u0161t\u011bst\u00ed se u\u017e dnes n\u011bkter\u00e9 v\u011btve bankovn\u00edho sektoru za\u010d\u00ednaj\u00ed zelenat. P\u0159inejmen\u0161\u00edm v Evrop\u011b chyt\u00e1 druh\u00fd dech ve\u0159ejn\u00e9 bankovnictv\u00ed. Bez jeho existence by investi\u010dn\u00ed rozhodov\u00e1n\u00ed le\u017eelo v rukou \u010dist\u011b soukrom\u00fdch bank, jim\u017e jde navzdory rou\u0161ce spole\u010densk\u00e9 odpov\u011bdnosti prim\u00e1rn\u011b o udr\u017eitelnost zisku, nikoli o udr\u017eitelnost \u017eivotn\u00edho prost\u0159ed\u00ed a lidsk\u00fdch komunit.<\/p>\n\n<p>Nen\u00ed tedy p\u0159ekvapen\u00edm, \u017ee pr\u016fkopn\u00edkem ekologick\u00e9ho bankovnictv\u00ed je banka ve\u0159ejn\u011b vlastn\u011bn\u00e1, konkr\u00e9tn\u011b Evropsk\u00e1 investi\u010dn\u00ed banka (EIB), jej\u00ed\u017e akcion\u00e1\u0159i jsou \u010dlensk\u00e9 st\u00e1ty EU. Jej\u00ed v\u00fdznam narostl b\u011bhem Junckerovy komise, nebo\u0165 EIB administrovala jeho vlajkovou lo\u010f podpory ekonomick\u00e9ho r\u016fstu v reakci na hospod\u00e1\u0159skou krizi. U\u017e p\u0159edt\u00edm ale byla nejv\u011bt\u0161\u00edm ve\u0159ejn\u00fdm v\u011b\u0159itelem na sv\u011bt\u011b, p\u0159ekonala dokonce i sv\u016fj glob\u00e1ln\u00ed prot\u011bj\u0161ek, Sv\u011btovou banku.<\/p>\n\n<p>Jako\u017eto investi\u010dn\u00ed n\u00e1stroj Evropsk\u00e9 unie EIB pln\u00ed mobiliza\u010dn\u00ed roli investi\u010dn\u00edch prost\u0159edk\u016f, av\u0161ak na rozd\u00edl od bank komer\u010dn\u00edch s jedn\u00edm z\u00e1sadn\u00edm rozd\u00edlem \u2013 jej\u00ed aktivity jsou ohrani\u010deny strategick\u00fdmi c\u00edli udr\u017eiteln\u00e9ho rozvoje. V t\u00e9to souvislosti v leto\u0161n\u00edm roce p\u0159i\u0161la s pl\u00e1nem ukon\u010dit financov\u00e1n\u00ed energetick\u00fdch projekt\u016f z\u00e1visl\u00fdch na fosiln\u00edch palivech do konce roku 2020. Pen\u011bz se od n\u00ed tedy nedo\u010dkaj\u00ed nov\u00e9 projekty souvisej\u00edc\u00ed s t\u011b\u017ebou ropy nebo zemn\u00edho plynu, ani s v\u00fdrobou energie \u010di tepla z fosiln\u00edch paliv. Podle nastupuj\u00edc\u00ed p\u0159edsedkyn\u011b Evropsk\u00e9 komise Ursuly van der Leyenov\u00e9 by se alespo\u0148 \u010d\u00e1st EIB m\u011bla dokonce p\u0159em\u011bnit na banku klimatickou.<\/p>\n\n<p>Na prvn\u00ed pohled <a href=\"https:\/\/www.eib.org\/attachments\/draft-energy-lending-policy-26-07-19-en.pdf\">p\u0159elomov\u00e1 energetick\u00e1 koncepce<\/a>&nbsp;m\u00e1 p\u0159itom pouze zajistit soulad mezi Pa\u0159\u00ed\u017eskou klimatickou dohodou a investi\u010dn\u00ed \u010dinnost\u00ed Evropsk\u00e9 unie. Zat\u00edm jde tedy o pl\u00e1n, kter\u00fd mus\u00ed<a>v pr\u016fb\u011bhu z\u00e1\u0159\u00ed je\u0161t\u011b schv\u00e1lit bankovn\u00ed Rada&nbsp;<\/a>slo\u017een\u00e1 z ministr\u016f financ\u00ed evropsk\u00fdch st\u00e1t\u016f, tzn. \u017ee za \u010cesko mu mus\u00ed vyj\u00edt vst\u0159\u00edc ministryn\u011b Schillerov\u00e1. Pokud by s pl\u00e1nem nesouhlasila, utvrd\u00edme evropsk\u00e9 partnery ve vzr\u016fstaj\u00edc\u00edm podez\u0159en\u00ed, \u017ee strategie a vize jsou d\u016fle\u017eit\u00e9 (um\u00edme jimi popsat stohy pap\u00edr\u016f), ale v praxi v\u00edt\u011bz\u00ed p\u0159edev\u0161\u00edm byznys.<\/p>\n\n<p>Debaty o transformaci bankovn\u00edho sektoru b\u00fdvaj\u00ed citliv\u00e9, vzpome\u0148me na rozep\u0159e ohledn\u011b bankovn\u00ed dan\u011b nebo omezen\u00ed dostupnosti hypot\u00e9k. Syst\u00e9m bankovn\u00edho sektoru toti\u017e stoj\u00ed a pad\u00e1 s d\u016fv\u011brou v n\u011bj, p\u0159i\u010dem\u017e ka\u017ed\u00e1 zm\u011bna p\u0159irozen\u011b vyvol\u00e1v\u00e1 obavy. Jak m\u00edt ale d\u016fv\u011bru v n\u011bco, co svou \u010dinnost\u00ed dl\u00e1\u017ed\u00ed cestu ke kolapsu klimatu?<\/p>\n\n<p><strong>Komu p\u016fj\u010duje\u0161 a za jakou cenu?<\/strong><\/p>\n\n<p>Ve\u0159ejn\u00fd bankovn\u00ed sektor mus\u00ed ud\u00e1vat sm\u011br vst\u0159\u00edc udr\u017eitelnosti. Podm\u00ednkou realizace klimatick\u00fdch c\u00edl\u016f v\u0161ak le\u017e\u00ed i ve zm\u011bn\u011b chov\u00e1n\u00ed sektoru priv\u00e1tn\u00edho, kter\u00fd m\u00e1 tendence unikat zodpov\u011bdnosti, kterou nese za stav \u017eivotn\u00edho prost\u0159ed\u00ed. V\u017edy\u0165 jen 33 velk\u00fdch nadn\u00e1rodn\u00edch bank podle zpr\u00e1vy <a href=\"https:\/\/word2cleanhtml.com\/cleanit#_ftn2\"><em>Banking on Climate Change 2019<\/em>&nbsp;<\/a>vytrvale zvy\u0161uje financov\u00e1n\u00ed fosiln\u00edho pr\u016fmyslu i po podeps\u00e1n\u00ed Pa\u0159\u00ed\u017esk\u00e9 dohody. Od t\u00e9 doby firmy s fosiln\u00edm pozad\u00edm p\u0159ijaly na p\u016fj\u010dk\u00e1ch t\u00e9m\u011b\u0159 2 biliony dolar\u016f, co\u017e je ro\u010dn\u00ed ekvivalent dvou a p\u016fl HDP \u010cesk\u00e9 republiky.<\/p>\n\n<blockquote class=\"wp-block-quote is-layout-flow wp-block-quote-is-layout-flow\"><p>Od podpisu Pa\u0159\u00ed\u017esk\u00e9 dohody z\u00edskaly fosiln\u00ed firmy p\u016fj\u010dky v hodnot\u011b t\u00e9m\u011b\u0159 2 bilionu dolar\u016f. <\/p><\/blockquote>\n\n<p>Ze v\u0161ech nejhor\u0161\u00ed se jev\u00ed americk\u00e1 banka JPMorgan Chase, kter\u00e1 bez v\u00e1h\u00e1n\u00ed lije pen\u00edze do fosiln\u00edho byznysu. Alibismus jako z u\u010debnice vyst\u0159ihl \u0161\u00e9f tohoto bankovn\u00edho kolosu, kter\u00fd sice ve\u0159ejn\u011b podpo\u0159il Pa\u0159\u00ed\u017eskou klimatickou dohodu, jeho banka v\u0161ak jako jeden z m\u00e1la gigant\u016f nezavedla zhola \u017e\u00e1dnou politiku omezuj\u00edc\u00ed financov\u00e1n\u00ed alespo\u0148 hlubinn\u00e9 t\u011b\u017eby ropy nebo uheln\u00fdch dol\u016f.<\/p>\n\n<p>P\u0159esto\u017ee spousta bank ji\u017e p\u0159i\u0161la s takovou politikou omezen\u00ed financov\u00e1n\u00ed toho nej\u0161pinav\u011bj\u0161\u00edho byznysu, \u017e\u00e1dn\u00e1 z t\u011bch nejv\u011bt\u0161\u00edch se zat\u00edm zcela nevydala cestou EIB a jej\u00edho pl\u00e1nu na \u00fapln\u00e9 opu\u0161t\u011bn\u00ed fosiln\u00edch projekt\u016f. Bankovn\u00ed akcion\u00e1\u0159i zat\u00edm d\u00e1l preferuj\u00ed vysok\u00e9 zisky p\u0159ed klidn\u00fdm sp\u00e1nkem. Jak dob\u0159e se sp\u00ed ostatn\u00edm stakeholder\u016fm \u2013 st\u0159adatel\u016fm a dal\u0161\u00edm z\u00e1kazn\u00edk\u016fm?<\/p>\n\n<p>\u010cist\u011b teoreticky banky zprost\u0159edkov\u00e1vaj\u00ed pen\u00edze od st\u0159adatel\u016f k dlu\u017en\u00edk\u016fm. Bankovnictv\u00ed nicm\u00e9n\u011b prakticky nefunguje tak, \u017ee by konkr\u00e9tn\u00ed ulo\u017eenou stokorunu banka n\u011bkomu p\u016fj\u010dila. Proto nen\u00ed mo\u017en\u00e9 si u p\u0159ep\u00e1\u017eky vyh\u00e1dat konkr\u00e9tn\u011bj\u0161\u00ed podm\u00ednky, komu moje pen\u00edze mohou b\u00fdt poskytnuty a komu ne. Sv\u00fdm zp\u016fsobem je ka\u017ed\u00e1 stovka vybran\u00e1 z bankomatu tak trochu umazan\u00e1 od saz\u00ed.<\/p>\n\n<p>D\u00edky tzv. etick\u00fdm bank\u00e1m ale m\u016f\u017ee m\u00edt st\u0159adatel mo\u017enost ulo\u017eit pen\u00edze i tam, kde jimi nebude spolufinancovat \u0161pinav\u00fd byznys. P\u0159\u00edkladem je nizozemsk\u00e1 etick\u00e1 banka Triodos, kter\u00e1 dle sv\u00e9ho vnit\u0159n\u00edho p\u0159edpisu m\u016f\u017ee p\u016fj\u010dovat striktn\u011b jen ekologicky prosp\u011b\u0161n\u00fdm podnik\u016fm. V tomto smyslu m\u016f\u017ee etick\u00e9 bankovnictv\u00ed poslou\u017eit jako p\u0159\u00edm\u00e1 konkurence i jako inspirace pro b\u011b\u017en\u00e9 komer\u010dn\u00ed banky.<\/p>\n\n<p>V obecn\u00e9 rovin\u011b lze o\u010dek\u00e1vat, \u017ee do budoucna se bank\u00e1m vyplat\u00ed up\u0159ednostn\u011bn\u00ed udr\u017eiteln\u00fdch projekt\u016f. Jakkoliv se zku\u0161enost s financov\u00e1n\u00edm ekologicky prosp\u011b\u0161n\u00fdch projekt\u016f m\u016f\u017ee moment\u00e1ln\u011b zd\u00e1t jako okrajov\u00e1, za p\u00e1r let bude udr\u017eitelnost stejn\u011b b\u011b\u017en\u00e1, jako jsou dnes t\u0159eba energeticky \u00fasporn\u00e9 domy nebo ochrana zelen\u011b ve m\u011bstech. Expertiza v t\u00e9to oblasti se nevyhnuteln\u011b stane komparativn\u00ed v\u00fdhodou ur\u010dit\u00fdch bank, p\u0159in\u00e1\u0161ej\u00edc\u00ed \u010d\u00edm d\u00e1l v\u011bt\u0161\u00ed mno\u017estv\u00ed finan\u010dn\u00edch prost\u0159edk\u016f od st\u0159adatel\u016f, tak i ve\u0159ejn\u00e9ho sektoru.<\/p>\n\n<p><strong>Jak fosiln\u00ed byznys vyhasne?<\/strong><\/p>\n\n<p>Ekonomika nen\u00ed sv\u011bt s\u00e1m pro sebe, neprody\u0161n\u011b odd\u011blen\u00fd od spole\u010densk\u00fdch pot\u0159eb a politick\u00fdch c\u00edl\u016f. Proto ani bankovn\u00ed sektor, navzdory sv\u00fdm specifik\u00e1m, nem\u016f\u017ee jen alibisticky st\u00e1t opod\u00e1l a p\u0159ihl\u00ed\u017eet snah\u00e1m ob\u010dansk\u00e9 spole\u010dnosti o ochran\u011b klimatu. D\u0159\u00edve nebo pozd\u011bji by mohla b\u00fdt udr\u017eitelnost sou\u010d\u00e1st\u00ed regulace bankovnictv\u00ed \u2013 a\u0165 u\u017e povinnost\u00ed ze strany st\u00e1tn\u00edho regul\u00e1tora, tak popt\u00e1vkou ze strany z\u00e1kazn\u00edk\u016f.<\/p>\n\n<p>Enormn\u00ed vliv bank na sm\u011brov\u00e1n\u00ed ekonomiky p\u0159edstavuje hlavn\u00ed d\u016fvod, pro\u010d by m\u011bly st\u00e1t v prvn\u00ed linii v boji s p\u0159\u00ed\u010dinami (pop\u0159. d\u016fsledky) klimatick\u00e9 zm\u011bny. Jen c\u00edlev\u011bdom\u00e9 ve\u0159ejn\u00e9 bankovnictv\u00ed spolu s odpov\u011bdn\u00fdm bankovnictv\u00edm soukrom\u00fdm povede k tomu, \u017ee fosiln\u00edmu byznysu postupn\u011b dojde \u0161\u0165\u00e1va. Ekonomika bude d\u00e1l z\u00e1visl\u00e1 na bankovn\u00edm financov\u00e1n\u00ed, ale n\u00e1m se bude l\u00e9pe d\u00fdchat. Pomysln\u00fd ekonomick\u00fd kotel nebude \u010doudit, proto\u017ee ho budou poh\u00e1n\u011bt udr\u017eiteln\u00e9 finance.<\/p>\n<div class=\"EmptyMessage\">Block content is empty. Check the block&#8217;s settings or remove it.<\/div>","protected":false},"excerpt":{"rendered":"<p>\u201e&nbsp;Pokud nelze naj\u00edt \u0159e\u0161en\u00ed v syst\u00e9mu samotn\u00e9m, budeme mo\u017en\u00e1 muset zm\u011bnit samotn\u00fd syst\u00e9m.&nbsp;\u201c T\u011bmito slovy kon\u010dila Greta Thunberg sv\u00e9 vystoupen\u00ed na konferenci OSN o zm\u011bn\u011b klimatu v Katovic\u00edch. Symbolicky tak&hellip;<\/p>\n","protected":false},"author":31,"featured_media":5306,"comment_status":"open","ping_status":"closed","sticky":false,"template":"","format":"standard","meta":{"ep_exclude_from_search":false,"p4_og_title":"Jak nechat \u201evyhasnout\u201c fosiln\u00ed byznys?","p4_og_description":"<p>Kdo plat\u00ed rozvrat klimatu a jak tento rozvrat zastavit? Odpov\u011bdi hledal a hlavn\u011b nalezl pro podzimn\u00ed magaz\u00edn Greenpeace Jan Bittner, ekonom p\u016fsob\u00edc\u00ed na Podnikohospod\u00e1\u0159sk\u00e9 fakult\u011b V\u0160E<\/p>","p4_og_image":"https:\/\/www.greenpeace.org\/static\/planet4-czech-republic-stateless\/2019\/12\/740c78ca-srsly.png","p4_og_image_id":"5268","p4_seo_canonical_url":"","p4_campaign_name":"not set","p4_local_project":"","p4_basket_name":"not set","p4_department":"","footnotes":""},"categories":[4],"tags":[20,25],"p4-page-type":[16],"class_list":["post-5305","post","type-post","status-publish","format-standard","has-post-thumbnail","hentry","category-energeticka-revoluce","tag-zmena-klimatu","tag-konec-doby-fosilni","p4-page-type-clanek"],"_links":{"self":[{"href":"https:\/\/www.greenpeace.org\/czech\/wp-json\/wp\/v2\/posts\/5305","targetHints":{"allow":["GET"]}}],"collection":[{"href":"https:\/\/www.greenpeace.org\/czech\/wp-json\/wp\/v2\/posts"}],"about":[{"href":"https:\/\/www.greenpeace.org\/czech\/wp-json\/wp\/v2\/types\/post"}],"author":[{"embeddable":true,"href":"https:\/\/www.greenpeace.org\/czech\/wp-json\/wp\/v2\/users\/31"}],"replies":[{"embeddable":true,"href":"https:\/\/www.greenpeace.org\/czech\/wp-json\/wp\/v2\/comments?post=5305"}],"version-history":[{"count":7,"href":"https:\/\/www.greenpeace.org\/czech\/wp-json\/wp\/v2\/posts\/5305\/revisions"}],"predecessor-version":[{"id":15602,"href":"https:\/\/www.greenpeace.org\/czech\/wp-json\/wp\/v2\/posts\/5305\/revisions\/15602"}],"wp:featuredmedia":[{"embeddable":true,"href":"https:\/\/www.greenpeace.org\/czech\/wp-json\/wp\/v2\/media\/5306"}],"wp:attachment":[{"href":"https:\/\/www.greenpeace.org\/czech\/wp-json\/wp\/v2\/media?parent=5305"}],"wp:term":[{"taxonomy":"category","embeddable":true,"href":"https:\/\/www.greenpeace.org\/czech\/wp-json\/wp\/v2\/categories?post=5305"},{"taxonomy":"post_tag","embeddable":true,"href":"https:\/\/www.greenpeace.org\/czech\/wp-json\/wp\/v2\/tags?post=5305"},{"taxonomy":"p4-page-type","embeddable":true,"href":"https:\/\/www.greenpeace.org\/czech\/wp-json\/wp\/v2\/p4-page-type?post=5305"}],"curies":[{"name":"wp","href":"https:\/\/api.w.org\/{rel}","templated":true}]}}