{"id":5324,"date":"2019-12-20T12:24:36","date_gmt":"2019-12-20T10:24:36","guid":{"rendered":"https:\/\/www.greenpeace.org\/czech\/?p=5324"},"modified":"2021-12-01T13:31:54","modified_gmt":"2021-12-01T12:31:54","slug":"o-vyjimce-pro-chvaletice-budou-rozhodovat-urednici-v-olomouci-mzp-potvrdilo-podjatost-pardubickeho-kraje","status":"publish","type":"post","link":"https:\/\/www.greenpeace.org\/czech\/tiskova-zprava\/5324\/o-vyjimce-pro-chvaletice-budou-rozhodovat-urednici-v-olomouci-mzp-potvrdilo-podjatost-pardubickeho-kraje\/","title":{"rendered":"O v\u00fdjimce pro Chvaletice budou rozhodovat \u00fa\u0159edn\u00edci v Olomouci. M\u017dP potvrdilo podjatost Pardubick\u00e9ho kraje"},"content":{"rendered":"\n<p><strong>Ministerstvo \u017eivotn\u00edho prost\u0159ed\u00ed vyhov\u011blo n\u00e1mitce syst\u00e9mov\u00e9 podjatosti Pardubick\u00e9ho krajsk\u00e9ho \u00fa\u0159adu, kterou pod\u00e1valy ekologick\u00e9 organizace v\u010detn\u011b Greenpeace, m\u00edstn\u00ed spolky a n\u011bkter\u00e9 okoln\u00ed obce. O ud\u011blen\u00ed v\u00fdjimky z nov\u00fdch emisn\u00edch limit\u016f pro hn\u011bdouhelnou elektr\u00e1rnu Chvaletice tak bude nov\u011b rozhodovat Olomouck\u00fd krajsk\u00fd \u00fa\u0159ad.<\/strong><\/p>\n\n<p>O v\u00fdjimku \u017e\u00e1d\u00e1 provozovatel elektr\u00e1rny Chvaletice pro rtu\u0165 a oxidy dus\u00edku. Pardubick\u00fd krajsk\u00fd \u00fa\u0159ad letos v \u010dervnu v\u00fdjimku ud\u011blil, ministerstvo \u017eivotn\u00edho prost\u0159ed\u00ed v\u0161ak toto rozhodnut\u00ed zru\u0161ilo kv\u016fli z\u00e1va\u017en\u00fdm pochyben\u00edm jak v \u00fa\u0159edn\u00edm procesu, tak v samotn\u00e9 \u017e\u00e1dosti. Hejtman Pardubick\u00e9ho kraje Martin Netolick\u00fd pak <a href=\"https:\/\/zpravy.aktualne.cz\/domaci\/o-elektrarne-chvaletice-by-mel-rozhodnout-urad-jineho-kraje\/r~d4a73bd80d3011ea84c6ac1f6b220ee8\/\">ve\u0159ejn\u011b uvedl, \u017ee jeho \u00fa\u0159edn\u00edci jsou podjat\u00ed<\/a>. <\/p>\n\n<figure class=\"wp-block-image size-large  caption-style-blue-overlay caption-alignment-center\"><img loading=\"lazy\" decoding=\"async\" width=\"1024\" height=\"682\" src=\"https:\/\/www.greenpeace.org\/static\/planet4-czech-republic-stateless\/2019\/11\/1a56947e-gp0stq6ou_medium_res-1024x682.jpg\" title=\"Elektr\u00e1rna Chvaletice\" alt=\"Elektr\u00e1rna Chvaletice\" class=\"wp-image-5001\" srcset=\"https:\/\/www.greenpeace.org\/static\/planet4-czech-republic-stateless\/2019\/11\/1a56947e-gp0stq6ou_medium_res-1024x682.jpg 1024w, https:\/\/www.greenpeace.org\/static\/planet4-czech-republic-stateless\/2019\/11\/1a56947e-gp0stq6ou_medium_res-300x200.jpg 300w, https:\/\/www.greenpeace.org\/static\/planet4-czech-republic-stateless\/2019\/11\/1a56947e-gp0stq6ou_medium_res-768x511.jpg 768w, https:\/\/www.greenpeace.org\/static\/planet4-czech-republic-stateless\/2019\/11\/1a56947e-gp0stq6ou_medium_res-510x340.jpg 510w, https:\/\/www.greenpeace.org\/static\/planet4-czech-republic-stateless\/2019\/11\/1a56947e-gp0stq6ou_medium_res.jpg 1200w\" sizes=\"auto, (max-width: 1024px) 100vw, 1024px\" \/><figcaption>Elektr\u00e1rna Chvaletice (c) Petr Zewlakk Vrabec &#8211; Greenpeace<div class=\"credit icon-left\"> \u00a9 Greenpeace &#8211; Petr Zewlakk Vrabec<\/div><\/figcaption><\/figure>\n\n<p>Olomouck\u00fd krajsk\u00fd \u00fa\u0159ad, kter\u00fd bude rozhodovat nyn\u00ed, ji\u017e <a href=\"https:\/\/frankbold.org\/zpravodaj\/kategorie\/aktualne\/jak-v-praxi-probiha-rozhodovani-o-vyjimkach-z-bat-pripad-olomoucke-teplarny\">v minulosti o podobn\u00e9 v\u00fdjimce rozhodoval<\/a> v p\u0159\u00edpad\u011b tepl\u00e1rny Olomouc, kde v\u00fdjimku podstatn\u011b zkr\u00e1til a zne\u010di\u0161\u0165ovateli ulo\u017eil \u0159adu povinnost\u00ed, po jejich\u017e spln\u011bn\u00ed za\u010dne provozovatel emisn\u00ed limity plnit. <\/p>\n\n<p><strong>Luk\u00e1\u0161 Hr\u00e1bek, tiskov\u00fd mluv\u010d\u00ed Greenpeace, \u0159\u00edk\u00e1:<\/strong><br><em>\u201cRozhodnut\u00ed ministerstva v\u00edt\u00e1me. Pardubick\u00fd krajsk\u00fd \u00fa\u0159ad dlouhodob\u011b slou\u017eil sp\u00ed\u0161e jako tov\u00e1rna na povolovac\u00ed raz\u00edtka pro elektr\u00e1rnu Chvaletice. \u00da\u0159edn\u00edci v Olomouci oproti tomu m\u011bli zat\u00edm v procesu ud\u011blov\u00e1n\u00ed v\u00fdjimky z emisn\u00edch limit\u016f profesion\u00e1ln\u00ed p\u0159\u00edstup. Douf\u00e1me, \u017ee si vysok\u00fd standard udr\u017e\u00ed i v nadch\u00e1zej\u00edc\u00edm \u0159\u00edzen\u00ed.\u201d<\/em><br><\/p>\n<div class=\"EmptyMessage\">Block content is empty. Check the block&#8217;s settings or remove it.<\/div>","protected":false},"excerpt":{"rendered":"<p>Ministerstvo \u017eivotn\u00edho prost\u0159ed\u00ed vyhov\u011blo n\u00e1mitce syst\u00e9mov\u00e9 podjatosti Pardubick\u00e9ho krajsk\u00e9ho \u00fa\u0159adu, kterou pod\u00e1valy ekologick\u00e9 organizace v\u010detn\u011b Greenpeace, m\u00edstn\u00ed spolky a n\u011bkter\u00e9 okoln\u00ed obce. O ud\u011blen\u00ed v\u00fdjimky z nov\u00fdch emisn\u00edch limit\u016f pro&hellip;<\/p>\n","protected":false},"author":27,"featured_media":5001,"comment_status":"open","ping_status":"closed","sticky":false,"template":"","format":"standard","meta":{"ep_exclude_from_search":false,"p4_og_title":"","p4_og_description":"","p4_og_image":"","p4_og_image_id":"","p4_seo_canonical_url":"","p4_campaign_name":"not set","p4_local_project":"","p4_basket_name":"not set","p4_department":"","footnotes":""},"categories":[2],"tags":[19,25,28],"p4-page-type":[14],"class_list":["post-5324","post","type-post","status-publish","format-standard","has-post-thumbnail","hentry","category-priroda","tag-ovzdusi","tag-konec-doby-fosilni","tag-uspechy","p4-page-type-tiskova-zprava"],"_links":{"self":[{"href":"https:\/\/www.greenpeace.org\/czech\/wp-json\/wp\/v2\/posts\/5324","targetHints":{"allow":["GET"]}}],"collection":[{"href":"https:\/\/www.greenpeace.org\/czech\/wp-json\/wp\/v2\/posts"}],"about":[{"href":"https:\/\/www.greenpeace.org\/czech\/wp-json\/wp\/v2\/types\/post"}],"author":[{"embeddable":true,"href":"https:\/\/www.greenpeace.org\/czech\/wp-json\/wp\/v2\/users\/27"}],"replies":[{"embeddable":true,"href":"https:\/\/www.greenpeace.org\/czech\/wp-json\/wp\/v2\/comments?post=5324"}],"version-history":[{"count":4,"href":"https:\/\/www.greenpeace.org\/czech\/wp-json\/wp\/v2\/posts\/5324\/revisions"}],"predecessor-version":[{"id":15605,"href":"https:\/\/www.greenpeace.org\/czech\/wp-json\/wp\/v2\/posts\/5324\/revisions\/15605"}],"wp:featuredmedia":[{"embeddable":true,"href":"https:\/\/www.greenpeace.org\/czech\/wp-json\/wp\/v2\/media\/5001"}],"wp:attachment":[{"href":"https:\/\/www.greenpeace.org\/czech\/wp-json\/wp\/v2\/media?parent=5324"}],"wp:term":[{"taxonomy":"category","embeddable":true,"href":"https:\/\/www.greenpeace.org\/czech\/wp-json\/wp\/v2\/categories?post=5324"},{"taxonomy":"post_tag","embeddable":true,"href":"https:\/\/www.greenpeace.org\/czech\/wp-json\/wp\/v2\/tags?post=5324"},{"taxonomy":"p4-page-type","embeddable":true,"href":"https:\/\/www.greenpeace.org\/czech\/wp-json\/wp\/v2\/p4-page-type?post=5324"}],"curies":[{"name":"wp","href":"https:\/\/api.w.org\/{rel}","templated":true}]}}