{"id":5329,"date":"2019-12-20T14:06:17","date_gmt":"2019-12-20T12:06:17","guid":{"rendered":"https:\/\/www.greenpeace.org\/czech\/?p=5329"},"modified":"2021-12-01T13:31:54","modified_gmt":"2021-12-01T12:31:54","slug":"temata-na-vanocni-svatky-aneb-jak-zacit-mluvit-o-klimaticke-krizi","status":"publish","type":"post","link":"https:\/\/www.greenpeace.org\/czech\/clanek\/5329\/temata-na-vanocni-svatky-aneb-jak-zacit-mluvit-o-klimaticke-krizi\/","title":{"rendered":"T\u00e9mata na v\u00e1no\u010dn\u00ed sv\u00e1tky, aneb jak za\u010d\u00edt mluvit o klimatick\u00e9 krizi"},"content":{"rendered":"\n<p>V\u00e1noce jsou tady! Asi nebudou b\u00edl\u00e9, sp\u00ed\u0161e na bl\u00e1t\u011b, s teplotou okolo 10 \u00b0C. Rodiny ale p\u0159esto ur\u010dit\u011b zasednou k \u0161t\u011bdrove\u010dern\u00edm stol\u016fm, budou se rozd\u00e1vat d\u00e1rky, o\u010di d\u011bt\u00ed budou z\u00e1\u0159it nedo\u010dkavost\u00ed, n\u011bkte\u0159\u00ed vyraz\u00ed na p\u016flno\u010dn\u00ed m\u0161i. B\u011bhem sv\u00e1tk\u016f v\u00e1m za\u010dnou na n\u00e1v\u0161t\u011bvy p\u0159ich\u00e1zet p\u0159\u00edbuzn\u00ed, kter\u00e9 mo\u017en\u00e1 ani nezn\u00e1te, p\u0159\u00edpadn\u011b to budete vy, kdo se objev\u00ed doma u n\u011bkoho, koho t\u0159eba i cel\u00fd rok nevid\u011bl. Pokud chcete p\u0159ekonat trapn\u00e9 ticho, kter\u00e9 po vy\u010derp\u00e1n\u00ed obvykl\u00fdch t\u00e9mat panuje a nechcete se spole\u010dn\u011b d\u00edvat na T\u0159i o\u0159\u00ed\u0161ky pro popelku, m\u00e1me pro v\u00e1s n\u00e1vod, jak za\u010d\u00edt mluvit o klimatick\u00e9 krizi. <\/p>\n\n<p>Proto\u017ee, jakkoli v\u00e1m m\u016f\u017ee zd\u00e1t klimatick\u00e1 zm\u011bna v\u00e1no\u010dn\u00edm sv\u00e1tk\u016fm t\u00e9maticky vzd\u00e1len\u00e1, z v\u00fdzkum\u016f vypl\u00fdv\u00e1, \u017ee \u010d\u00edm v\u00edce se o lid\u00e9 o klimatu bav\u00ed, t\u00edm realisti\u010dt\u011bj\u0161\u00ed o ni maj\u00ed p\u0159edstavy.&nbsp; A proto, pokud v\u00e1m nen\u00ed klimatick\u00e1 zm\u011bna lhostejn\u00e1 a cht\u011bli byste ud\u011blat prvn\u00ed krok pro ochranu klimatu, v\u00e1noce jsou paradoxn\u011b jedno z nejlep\u0161\u00edch obdob\u00ed, kdy za\u010d\u00edt. Zp\u016fsob je jednoduch\u00fd, prost\u011b &#8222;o tom\u201d za\u010dn\u011bte mluvit. My v\u00e1m pom\u016f\u017eeme 11 body, kter\u00e9 v\u00e1s navedou, jak takovou diskuz\u00ed za\u010d\u00edt a v\u00e9st.&nbsp;<\/p>\n\n<figure class=\"wp-block-image size-large  caption-style-blue-overlay caption-alignment-center\"><img loading=\"lazy\" decoding=\"async\" width=\"800\" height=\"534\" src=\"https:\/\/www.greenpeace.org\/static\/planet4-czech-republic-stateless\/2019\/12\/f4c37e50-800px-brne\u030cnske\u0301_va\u0301noce_na\u0301me\u030csti\u0301_svobody_va\u0301noc\u030cni\u0301_strom_9134.jpg\" alt=\"Brn\u011bnsk\u00e9 V\u00e1noce, n\u00e1m\u011bst\u00ed Svobody, v\u00e1no\u010dn\u00ed strom, Martin Stracho\u0148 \/ Wikimedia Commons.\" class=\"wp-image-5332\" srcset=\"https:\/\/www.greenpeace.org\/static\/planet4-czech-republic-stateless\/2019\/12\/f4c37e50-800px-brne\u030cnske\u0301_va\u0301noce_na\u0301me\u030csti\u0301_svobody_va\u0301noc\u030cni\u0301_strom_9134.jpg 800w, https:\/\/www.greenpeace.org\/static\/planet4-czech-republic-stateless\/2019\/12\/f4c37e50-800px-brne\u030cnske\u0301_va\u0301noce_na\u0301me\u030csti\u0301_svobody_va\u0301noc\u030cni\u0301_strom_9134-300x200.jpg 300w, https:\/\/www.greenpeace.org\/static\/planet4-czech-republic-stateless\/2019\/12\/f4c37e50-800px-brne\u030cnske\u0301_va\u0301noce_na\u0301me\u030csti\u0301_svobody_va\u0301noc\u030cni\u0301_strom_9134-768x513.jpg 768w, https:\/\/www.greenpeace.org\/static\/planet4-czech-republic-stateless\/2019\/12\/f4c37e50-800px-brne\u030cnske\u0301_va\u0301noce_na\u0301me\u030csti\u0301_svobody_va\u0301noc\u030cni\u0301_strom_9134-510x340.jpg 510w\" sizes=\"auto, (max-width: 800px) 100vw, 800px\" \/><figcaption>Brn\u011bnsk\u00e9 V\u00e1noce, n\u00e1m\u011bst\u00ed Svobody, v\u00e1no\u010dn\u00ed strom, Martin Stracho\u0148 \/ Wikimedia Commons.<\/figcaption><\/figure>\n\n<ol class=\"wp-block-list\"><li>Za\u010dn\u011bte u sebe. Pokud chcete za\u010d\u00edt konverzaci o klimatick\u00e9 krizi, odpov\u011bzte nejd\u0159\u00edve up\u0159\u00edmn\u011b sami sob\u011b, pro\u010d je pro v\u00e1s tak d\u016fle\u017eit\u00e1. Z\u00edskejte p\u0159ehled o vlastn\u00edch znalostech, emoc\u00edch i nedostatc\u00edch. Porozum\u00edte pak l\u00e9pe i ostatn\u00edm.&nbsp;<\/li><li>\u017d\u00e1dn\u00fd u\u010den\u00fd z nebe nespadl. Po\u010d\u00edtejte s t\u00edm, \u017ee mluvit o klimatick\u00e9 krizi je obt\u00ed\u017en\u00e9 a je t\u0159eba praxe, abyste byli s v\u00fdsledkem \u00fapln\u011b spokojeni. Ne\u010dekejte tedy od sebe v\u00fdkony prvot\u0159\u00eddn\u00edho \u0159e\u010dn\u00edka. D\u016fle\u017eit\u00e9 je za\u010d\u00edt, dokonalosti dos\u00e1hnete pozd\u011bji.&nbsp;<\/li><li>V \u00favodu rozhovoru se zeptejte, zda by ostatn\u00edm takov\u00e9 t\u00e9ma nevadilo. Nap\u0159\u00edklad: \u201cDocela m\u011b zaj\u00edm\u00e1 klimatick\u00e1 krize \/ postoj Gr\u00e9ty, pova\u017euji to za d\u016fle\u017eit\u00e9, vadilo by v\u00e1m, kdybychom se o tomhle t\u00e9matu za\u010dali bavit?\u201d D\u00e1te tak ostatn\u00edm p\u0159\u00edle\u017eitost svobodn\u011b do diskuze vstoupit. M\u00edsto toho, abyste ostatn\u00ed do diskuze tla\u010dili, sna\u017ete se je z\u00edskat a nechte jim svobodu i odej\u00edt.&nbsp;<\/li><li>Myslete na prost\u0159ed\u00ed, ve kter\u00e9m konverzaci budete v\u00e9st. Do obt\u00ed\u017en\u00e9ho t\u00e9matu se l\u00e9pe vstupuje b\u011bhem pohodov\u00e9ho ve\u010dera s \u010dajem a cukrov\u00edm, ne\u017e na rozja\u0159en\u00e9m pivn\u00edm ve\u010d\u00edrku.<\/li><li>Za\u010dn\u011bte ot\u00e1zkou na obecn\u011bj\u0161\u00ed t\u00e9mata, kter\u00e9 zn\u00e1 ka\u017ed\u00fd. Zaprv\u00e9 zjist\u00edte, co si mysl\u00ed ostatn\u00ed, zadruh\u00e9 z\u00edsk\u00e1te p\u0159edstavu o tom, jak d\u00e1le pokra\u010dovat. Dobr\u00fdm za\u010d\u00e1tkem je nap\u0159\u00edklad: \u201cCo si mysl\u00edte o Gr\u00e9t\u011b?\u201d \u201cCo vlastn\u011b o klimatick\u00e9 zm\u011bn\u011b v\u00edte?\u201d A pak poslouchejte, sna\u017ete se porozum\u011bt.&nbsp;<\/li><li>Pokra\u010dujte dal\u0161\u00ed ot\u00e1zkou. Nyn\u00ed je va\u0161\u00edm c\u00edlem z\u00edskat p\u0159edstavu o tom, jak\u00e9 maj\u00ed lid\u00e9 pocity. Maj\u00ed z klimatick\u00e9 krize strach, obavy, jsou nad\u0161eni? Popi\u0161te sv\u00e9 vlastn\u00ed pocity i emoce a op\u011bt, poslouchejte co \u0159\u00edkaj\u00ed ostatn\u00ed. Dobr\u00e1 ot\u00e1zka je nap\u0159\u00edklad: \u201cKdy\u017e se \u0159ekne klimatick\u00e1 zm\u011bna, co vlastn\u011b c\u00edt\u00edte?\u201d<\/li><li>Zeptejte se na n\u00e1zory, jak klimatickou krizi podle ostatn\u00edch \u0159e\u0161it. Jakou maj\u00ed lid\u00e9 p\u0159edstavu o tom, co by se m\u011blo st\u00e1t, pokud v\u016fbec n\u011bco? Nebojte se p\u0159ich\u00e1zet s vlastn\u00edmi postoji, ale op\u011bt, nechte prostor ostatn\u00edm.&nbsp;<\/li><li>Dal\u0161\u00ed ot\u00e1zkou se sna\u017ete zjistit, co jsou sami lid\u00e9 ochotni pro \u0159e\u0161en\u00ed klimatick\u00e9 krize ud\u011blat. Zkuste nab\u00edzet \u0159e\u0161en\u00ed, o kter\u00fdch jste sami p\u0159esv\u011bd\u010deni, \u017ee mohou pomoci. Zkuste naj\u00edt smysluplnou rovnov\u00e1hu mezi nutnost\u00ed syst\u00e9mov\u00fdch zm\u011bn i individu\u00e1ln\u00edch \u010dinnost\u00ed.&nbsp;Oboj\u00ed je pro \u0159e\u0161en\u00ed klimatick\u00e9 krize t\u0159eba. <\/li><li>\u201cCht\u011bli byste se dozv\u011bd\u011bt o klimatick\u00e9 krizi n\u011bco v\u00edc? Je n\u011bco, co c\u00edt\u00edte, \u017ee byste cht\u011bli v\u011bd\u011bt?\u201d S t\u011bmito ot\u00e1zkami vstupujete je\u0161t\u011b na ten\u010d\u00ed led, ne\u017e na kter\u00e9m jste byli doposud. P\u0159i z\u00e1porn\u00e9 odpov\u011bdi nikoho nepou\u010dujte, p\u0159i kladn\u00e9 odpov\u011bdi p\u0159edstavte odkud \u010derp\u00e1te informace vy sami, p\u0159edstavte \u010desk\u00e9 v\u011bdce a instituce, kter\u00e9 se klimatickou zm\u011bnou zab\u00fdvaj\u00ed.&nbsp;Inspiraci nejdete nap\u0159\u00edklad <a href=\"https:\/\/www.greenpeace.org\/czech\/clanek\/4108\/kde-se-dozvedet-vice-o-klimaticke-zmene\/\">zde<\/a>.<\/li><li>Jsme u posledn\u00ed ot\u00e1zky. \u201cVadilo by v\u00e1m, kdybychom se o klimatu bavili i jindy?\u201d Pokud ostatn\u00ed nebudou souhlasit, nevad\u00ed. Naopak, pokud budou souhlasit, je to v\u00fdborn\u00e1 zpr\u00e1va. Skv\u011bl\u00e1 p\u0159\u00edle\u017eitost zopakovat takovou diskuzi ji\u017e m\u00e9n\u011b strukturovan\u011b, hloub\u011bji prob\u00edrat jednotliv\u00e1 t\u00e9mata a naj\u00edt kl\u00ed\u010d k \u0159e\u0161en\u00ed.&nbsp;<\/li><li>Jak ve sv\u00fdch p\u0159edn\u00e1\u0161k\u00e1ch a \u010dl\u00e1nc\u00edch zmi\u0148uje jedna z p\u0159edn\u00edch americk\u00fdch klimatolo\u017eek Katharina Hayhoe, \u201ctou nejd\u016fle\u017eit\u011bj\u0161\u00ed v\u011bc\u00ed v \u0159e\u0161en\u00ed klimatick\u00e9 krize je o n\u00ed za\u010d\u00edt mluvit\u201d. Sp\u00ed\u0161e ne\u017e abyste ostatn\u00ed p\u0159esv\u011bd\u010dovali o tvrd\u00fdch datech, sna\u017ete se naj\u00edt co v\u00e1s spojuje. Proto\u017ee pro \u0159e\u0161en\u00ed klimatick\u00e9 krize pot\u0159ebujeme ka\u017ed\u00e9ho. Jsme v tom spolu.&nbsp;<\/li><\/ol>\n\n<p>P\u0159ejeme v\u00e1m kr\u00e1sn\u00e9 v\u00e1noce, hodn\u011b podn\u011btn\u00fdch diskuz\u00ed a rodinnou pohodu. Budeme r\u00e1di, kdy\u017e se pod\u011bl\u00edte o to, co se v\u00e1m povedlo a nepovedlo. <\/p>\n\n<p>P\u0159i psan\u00ed \u010dl\u00e1nku jsme vych\u00e1zeli z n\u00e1sleduj\u00edc\u00edho anglick\u00e9ho origin\u00e1lu. <a href=\"https:\/\/medium.com\/s\/story\/how-to-have-a-useful-conversation-about-climate-change-in-11-steps-d4bbd4135e35\">How to Have a Useful Conversation About Climate Change in 11 Steps<\/a> <br><\/p>\n<div class=\"EmptyMessage\">Block content is empty. Check the block&#8217;s settings or remove it.<\/div>","protected":false},"excerpt":{"rendered":"<p>V\u00e1noce jsou tady! Asi nebudou b\u00edl\u00e9, sp\u00ed\u0161e na bl\u00e1t\u011b, s teplotou okolo 10 \u00b0C. Rodiny ale p\u0159esto ur\u010dit\u011b zasednou k \u0161t\u011bdrove\u010dern\u00edm stol\u016fm, budou se rozd\u00e1vat d\u00e1rky, o\u010di d\u011bt\u00ed budou z\u00e1\u0159it&hellip;<\/p>\n","protected":false},"author":31,"featured_media":5332,"comment_status":"open","ping_status":"closed","sticky":false,"template":"","format":"standard","meta":{"ep_exclude_from_search":false,"p4_og_title":"","p4_og_description":"","p4_og_image":"","p4_og_image_id":"","p4_seo_canonical_url":"","p4_campaign_name":"not set","p4_local_project":"","p4_basket_name":"not set","p4_department":"","footnotes":""},"categories":[3],"tags":[20,24],"p4-page-type":[16],"class_list":["post-5329","post","type-post","status-publish","format-standard","has-post-thumbnail","hentry","category-nas-svet","tag-zmena-klimatu","tag-aktivni-spolecnost","p4-page-type-clanek"],"_links":{"self":[{"href":"https:\/\/www.greenpeace.org\/czech\/wp-json\/wp\/v2\/posts\/5329","targetHints":{"allow":["GET"]}}],"collection":[{"href":"https:\/\/www.greenpeace.org\/czech\/wp-json\/wp\/v2\/posts"}],"about":[{"href":"https:\/\/www.greenpeace.org\/czech\/wp-json\/wp\/v2\/types\/post"}],"author":[{"embeddable":true,"href":"https:\/\/www.greenpeace.org\/czech\/wp-json\/wp\/v2\/users\/31"}],"replies":[{"embeddable":true,"href":"https:\/\/www.greenpeace.org\/czech\/wp-json\/wp\/v2\/comments?post=5329"}],"version-history":[{"count":9,"href":"https:\/\/www.greenpeace.org\/czech\/wp-json\/wp\/v2\/posts\/5329\/revisions"}],"predecessor-version":[{"id":15604,"href":"https:\/\/www.greenpeace.org\/czech\/wp-json\/wp\/v2\/posts\/5329\/revisions\/15604"}],"wp:featuredmedia":[{"embeddable":true,"href":"https:\/\/www.greenpeace.org\/czech\/wp-json\/wp\/v2\/media\/5332"}],"wp:attachment":[{"href":"https:\/\/www.greenpeace.org\/czech\/wp-json\/wp\/v2\/media?parent=5329"}],"wp:term":[{"taxonomy":"category","embeddable":true,"href":"https:\/\/www.greenpeace.org\/czech\/wp-json\/wp\/v2\/categories?post=5329"},{"taxonomy":"post_tag","embeddable":true,"href":"https:\/\/www.greenpeace.org\/czech\/wp-json\/wp\/v2\/tags?post=5329"},{"taxonomy":"p4-page-type","embeddable":true,"href":"https:\/\/www.greenpeace.org\/czech\/wp-json\/wp\/v2\/p4-page-type?post=5329"}],"curies":[{"name":"wp","href":"https:\/\/api.w.org\/{rel}","templated":true}]}}