{"id":5350,"date":"2019-12-28T15:47:33","date_gmt":"2019-12-28T13:47:33","guid":{"rendered":"https:\/\/www.greenpeace.org\/czech\/?p=5350"},"modified":"2021-12-01T13:31:53","modified_gmt":"2021-12-01T12:31:53","slug":"pekelne-australske-vanoce","status":"publish","type":"post","link":"https:\/\/www.greenpeace.org\/czech\/clanek\/5350\/pekelne-australske-vanoce\/","title":{"rendered":"Pekeln\u00e9 australsk\u00e9 V\u00e1noce &#8211; klimatick\u00e1 krize v p\u0159\u00edm\u00e9m p\u0159enosu, d\u00edl I."},"content":{"rendered":"\n<p>Australsk\u00e9 l\u00e9to je\u0161t\u011b vlastn\u011b ani po\u0159\u00e1dn\u011b naza\u010dalo, ale vlny veder a hlavn\u011b po\u017e\u00e1r\u016f ude\u0159ily jako nikdy v dosud v zaznamen\u00e9 historii. Ji\u017e 11. listopadu vyhl\u00e1sila Austr\u00e1lie stav nouze a situace se od t\u00e9 doby d\u00e1le zhor\u0161ovala. <a href=\"http:\/\/www.bom.gov.au\/climate\/current\/statements\/scs72.pdf\">Zpr\u00e1va<\/a> Australsk\u00e9ho meteorologick\u00e9ho \u00fa\u0159adu z 18. prosince tohoto roku uv\u00e1d\u00ed rekordn\u00ed hodnoty rizika lesn\u00edch po\u017e\u00e1r\u016f, tak\u0159ka dvojn\u00e1sobn\u00e9, ne\u017e je dlouhodob\u00fd pr\u016fm\u011br. Z\u00e1rove\u0148 stanovila nejvy\u0161\u0161\u00ed riziko po\u017e\u00e1r\u016f pro cel\u00fdch 60 % kontinentu.&nbsp; V dob\u011b vyd\u00e1n\u00ed zpr\u00e1vy pohltily plameny ji\u017e v\u00edce jak 27 000 km2, tedy zhruba stejnou plochu jako m\u00e1 na\u0161e Morava a Slezsko dohromady.&nbsp;<\/p>\n\n<figure class=\"wp-block-image size-large  caption-style-blue-overlay caption-alignment-center\"><img loading=\"lazy\" decoding=\"async\" width=\"960\" height=\"542\" src=\"https:\/\/www.greenpeace.org\/static\/planet4-czech-republic-stateless\/2019\/12\/eb13a8ec-elvpanewoaikted.jpg\" alt=\"\" class=\"wp-image-5351\" srcset=\"https:\/\/www.greenpeace.org\/static\/planet4-czech-republic-stateless\/2019\/12\/eb13a8ec-elvpanewoaikted.jpg 960w, https:\/\/www.greenpeace.org\/static\/planet4-czech-republic-stateless\/2019\/12\/eb13a8ec-elvpanewoaikted-300x169.jpg 300w, https:\/\/www.greenpeace.org\/static\/planet4-czech-republic-stateless\/2019\/12\/eb13a8ec-elvpanewoaikted-768x434.jpg 768w, https:\/\/www.greenpeace.org\/static\/planet4-czech-republic-stateless\/2019\/12\/eb13a8ec-elvpanewoaikted-510x288.jpg 510w\" sizes=\"auto, (max-width: 960px) 100vw, 960px\" \/><\/figure>\n\n<p><br>P\u0159\u00ed\u010dina bezprecedentn\u00edch po\u017e\u00e1r\u016f je podle meteorolog\u016f jasn\u00e1 &#8211; klimatick\u00e1 zm\u011bna. Dlouhodob\u00e9 trendy zvy\u0161uj\u00edc\u00edch se teplot a sni\u017euj\u00edc\u00edch se sr\u00e1\u017eek vytv\u00e1\u0159\u00ed ide\u00e1ln\u00ed podm\u00ednky pro vznik rozs\u00e1hl\u00fdch po\u017e\u00e1r\u016f. Od roku 1910 stoupla pr\u016fm\u011brn\u00e1 teplota v Austr\u00e1lii zhruba o 1 \u00b0C.&nbsp; P\u0159isuzovat jednotliv\u00e9 po\u017e\u00e1ry p\u0159\u00edmo klimatick\u00e9 zm\u011bn\u011b je samoz\u0159ejm\u011b velmi obt\u00ed\u017en\u00e9, ale dlouhodob\u00e9 trendy jsou jasn\u00e9. Dob\u0159e to ilustruje posun po\u010das\u00ed b\u011bhem n\u011bkolik posledn\u00edch desetilet\u00ed. (Viz graf v\u00fd\u0161e)<\/p>\n\n<figure class=\"wp-block-embed-twitter wp-block-embed is-type-rich is-provider-twitter\"><div class=\"wp-block-embed__wrapper\">\n<blockquote class=\"twitter-tweet\" data-width=\"500\" data-dnt=\"true\"><p lang=\"en\" dir=\"ltr\">48.9 degrees C on the farm (western Vic) yesterday. Cockies falling dead from the trees. People and wildlife cannot withstand the extremes we are already experiencing and this is just 1 degree of warming. We are on track for more than 4. \ud83d\ude14<a href=\"https:\/\/twitter.com\/hashtag\/ClimateEmergency?src=hash&amp;ref_src=twsrc%5Etfw\">#ClimateEmergency<\/a> <a href=\"https:\/\/t.co\/cAQacRRP86\">pic.twitter.com\/cAQacRRP86<\/a><\/p>&mdash; Martine Maron (@martine_maron) <a href=\"https:\/\/twitter.com\/martine_maron\/status\/1208276950357176320?ref_src=twsrc%5Etfw\">December 21, 2019<\/a><\/blockquote><script async src=\"https:\/\/platform.twitter.com\/widgets.js\" charset=\"utf-8\"><\/script>\n<\/div><\/figure>\n\n<p>Dopady na p\u0159\u00edrodu a hospod\u00e1\u0159stv\u00ed jsou zni\u010duj\u00edc\u00ed. Kr\u00e1tkodob\u00e9 extr\u00e9mn\u00ed teploty decimuj\u00ed populace m\u00edstn\u00edch zv\u00ed\u0159at. Jak zdokumentovala ve sv\u00e9m tweetu ekolo\u017eka univerzity v Queenslandu Martine Maroon, pt\u00e1ci doslova padaj\u00ed mrtv\u00ed z nebe. (viz v\u00fd\u0161e) Obrovsk\u00fdm probl\u00e9mem jsou samoz\u0159ejm\u011b i samotn\u00e9 po\u017e\u00e1ry. Krom zni\u010den\u00e9 krajiny, mrtv\u00fdch zv\u00ed\u0159at a bohu\u017eel i lidsk\u00fdch ob\u011bt\u00ed, kou\u0159 z po\u017e\u00e1r\u016f p\u0159en\u00e1\u0161\u00ed negativn\u00ed dopady i do velk\u00fdch m\u011bst. Nap\u0159\u00edklad v Sydney se b\u011bhem prosince kvalita vzduchu vymikala standardn\u00edm hodnot\u00e1m a jen samotn\u00fd pobyt ve m\u011bst\u011b znamenal stejnou z\u00e1t\u011b\u017e, jako vykou\u0159it t\u0159i krabi\u010dky cigaret denn\u011b.<br><\/p>\n\n<figure class=\"wp-block-image size-large  caption-style-blue-overlay caption-alignment-center\"><img loading=\"lazy\" decoding=\"async\" width=\"1024\" height=\"683\" src=\"https:\/\/www.greenpeace.org\/static\/planet4-czech-republic-stateless\/2019\/12\/9ef6fbae-gp0studz2-1024x683.jpg\" title=\"Bushfire Smoke over Sydney Harbour. \u00a9 Emeran Gainville \/ Greenpeace\" alt=\"Bushfire Smoke over Sydney Harbour. \u00a9 Emeran Gainville \/ Greenpeace\" class=\"wp-image-5353\" srcset=\"https:\/\/www.greenpeace.org\/static\/planet4-czech-republic-stateless\/2019\/12\/9ef6fbae-gp0studz2-1024x683.jpg 1024w, https:\/\/www.greenpeace.org\/static\/planet4-czech-republic-stateless\/2019\/12\/9ef6fbae-gp0studz2-300x200.jpg 300w, https:\/\/www.greenpeace.org\/static\/planet4-czech-republic-stateless\/2019\/12\/9ef6fbae-gp0studz2-768x512.jpg 768w, https:\/\/www.greenpeace.org\/static\/planet4-czech-republic-stateless\/2019\/12\/9ef6fbae-gp0studz2-510x340.jpg 510w, https:\/\/www.greenpeace.org\/static\/planet4-czech-republic-stateless\/2019\/12\/9ef6fbae-gp0studz2.jpg 1200w\" sizes=\"auto, (max-width: 1024px) 100vw, 1024px\" \/><figcaption>Sydney Opera House.\n\nSydney has been covered in a thick blanket of smoke this week, after more than 50 bushfires raged across the state of NSW.\n\nThe air quality rating in Sydney is poor and people with asthma or other breathing issues were warned to stay indoors and avoid outdoor exercise.<\/figcaption><figcaption><div class=\"credit icon-left\"> \u00a9 Emeran Gainville \/ Greenpeace<\/div><\/figcaption><\/figure>\n\n<p>Veterin\u00e1\u0159ka Gundi Rhoades popsala ve sv\u00e9m <a href=\"https:\/\/www.smh.com.au\/environment\/climate-change\/cattle-have-stopped-breeding-koalas-die-of-thirst-a-vet-s-hellish-diary-of-climate-change-20191220-p53m03.html?fbclid=IwAR3LgAw67pihMDIuRg1m23jC0AXNKIAuayzX0SmtKGO3d6UWvDgezMvUTn8\">koment\u00e1\u0159i<\/a> s p\u0159\u00edzna\u010dn\u00fdm n\u00e1zvem: \u201c\u010e\u00e1belsk\u00fd den\u00edk veterin\u00e1\u0159e b\u011bhem klimatick\u00e9 zm\u011bny\u201d , co znamenaj\u00ed vedra pr\u00e1v\u011b pro n\u00ed. B\u00fdci p\u0159est\u00e1vaj\u00ed b\u00fdt plodn\u00ed, proto\u017ee se jim p\u0159eh\u0159\u00edvaj\u00ed varlata, kr\u00e1vy potr\u00e1cej\u00ed telata vedrem, m\u00edstn\u00ed farm\u00e1\u0159i nemaj\u00ed \u010d\u00edm krmit sv\u00e1 st\u00e1da a prakticky nelze zvl\u00e1dnout p\u0159\u00edliv zran\u011bn\u00fdch a \u017e\u00edzniv\u00fdch divok\u00fdch zv\u00ed\u0159at z ho\u0159\u00edc\u00ed bu\u0161e. Je to \u0161okuj\u00edc\u00ed sv\u011bdectv\u00ed. <\/p>\n\n<p>Australsk\u00e9 po\u017e\u00e1ry jsou jasn\u00fdm p\u0159\u00edkladem, co znamen\u00e1 klimatick\u00e1 zm\u011bna a jej\u00ed dopady. Je to jin\u00fd sv\u011bt. A\u010dkoli se Australan\u00e9 ob\u011btav\u011b staraj\u00ed o m\u00edstn\u00ed zv\u00ed\u0159ata i o sebe navz\u00e1jem, bojuj\u00ed s po\u017e\u00e1ry, state\u010dn\u011b nasazuj\u00ed \u017eivoty p\u0159i ha\u0161en\u00ed,&nbsp; Australsk\u00e1 vl\u00e1da ned\u011bl\u00e1 prakticky nic, emise Austr\u00e1lie st\u00e1le rostou, st\u00e1le je jedn\u00edm z nejv\u011bt\u0161\u00edch v\u00fdvozc\u016f uhl\u00ed. Pokud bychom m\u011bli v\u0161ichni stejn\u00e9 z\u00e1vazky v ochran\u011b klimatu jako maj\u00ed austral\u0161t\u00ed politici, tak by glob\u00e1ln\u00ed pr\u016fm\u011brn\u00e1 teplota dos\u00e1hla n\u00e1r\u016fstu minim\u00e1ln\u011b o  3 \u00b0C. Jen pro &#8222;zaj\u00edmavost&#8220;, rozd\u00edl mezi glob\u00e1ln\u00ed pr\u016fm\u011brnou teplotou b\u011bhem posledn\u00ed doby ledov\u00e9 a dobou p\u0159ed pr\u016fmyslovou revoluc\u00ed byl tak\u00e9 4 \u00b0C. Jen obr\u00e1cen\u011b\u2026<\/p>\n\n<figure class=\"wp-block-embed-twitter wp-block-embed is-type-rich is-provider-twitter\"><div class=\"wp-block-embed__wrapper\">\n<blockquote class=\"twitter-tweet\" data-width=\"500\" data-dnt=\"true\"><p lang=\"en\" dir=\"ltr\">The Prime Minister says Australia is &quot;on track&quot; to meet its 2030 emission target&#8230;<br><br>Here are Australia&#39;s CO\u2082 emissions in perspective. Only fancy accounting tricks, lenient Kyoto targets, &amp; a lot of hope could get Australia &#39;on track&#39; from the current path! <a href=\"https:\/\/t.co\/7oCX0N9iRq\">pic.twitter.com\/7oCX0N9iRq<\/a><\/p>&mdash; Glen Peters (@Peters_Glen) <a href=\"https:\/\/twitter.com\/Peters_Glen\/status\/1209733262563823616?ref_src=twsrc%5Etfw\">December 25, 2019<\/a><\/blockquote><script async src=\"https:\/\/platform.twitter.com\/widgets.js\" charset=\"utf-8\"><\/script>\n<\/div><\/figure>\n\n<p>A p\u0159itom \u0159e\u0161en\u00ed existuj\u00ed. Mus\u00edme za\u010d\u00edt nahrazovat fosiln\u00ed paliva. Je tak\u0159ka p\u0159\u00edzna\u010dn\u00e9, \u017ee 20. prosince, zrovna kdy po\u017e\u00e1ry vrcholily, vydali v\u011bdci univerzity ve Stanfordu <a href=\"https:\/\/www.cell.com\/one-earth\/fulltext\/S2590-3322(19)30225-8\">anal\u00fdzu<\/a> p\u0159echodu na obnoviteln\u00e9 zdroje pro 143 zem\u00ed sv\u011bta do roku 2050 s jasnou zpr\u00e1vou: \u201c<strong>Takov\u00e1 transformace je re\u00e1ln\u00e1.<\/strong>\u201d&nbsp;A je re\u00e1ln\u00e1 jak pro \u010cR, tak pro Austr\u00e1lii. Podrobn\u011bj\u0161\u00ed popis studie najdete na str\u00e1nk\u00e1ch <a href=\"https:\/\/www.czechsight.cz\/vedci-ze-stanfordu-nasli-odpoved-jak-dosahnout-uhlikove-neutrality\/\">Czechsight.cz<\/a> od Jakuba Zamou\u0159ila. <\/p>\n\n<p>Klimatick\u00e1 krize m\u00e1 \u0159e\u0161en\u00ed. Mus\u00edme ale za\u010d\u00edt na zm\u011bn\u00e1ch pracovat. Dopady klimatick\u00e9 zm\u011bny b\u011bhem tohoto australsk\u00e9ho l\u00e9ta jsou jasnou uk\u00e1zkou, co n\u00e1m m\u016f\u017ee klimatick\u00e1 zm\u011bna p\u0159in\u00e9st. A nen\u00ed to p\u011bkn\u00fd pohled. Je \u010das za\u010d\u00edt jednat!<\/p>\n\n<div class=\"wp-block-button aligncenter\"><a class=\"wp-block-button__link has-text-color has-grey-200-color has-background has-green-500-background-color\" href=\"https:\/\/act.greenpeace.org\/page\/39787\/petition\/1\">p\u0159ipojte se k ochran\u011b klimatu<\/a><\/div>\n\n<p><\/p>\n\n<p>Kr\u00e1tk\u00fd dov\u011btek na z\u00e1v\u011br. Na \u0161t\u011bdr\u00fd den bylo po\u010das\u00ed milosrdn\u00e9 a p\u0159ineslo sp\u00e1sn\u00e9 de\u0161t\u011b, kter\u00e9 pomohly uhasit n\u011bkter\u00e9 po\u017e\u00e1ry, zm\u00edrnit ty nejhor\u0161\u00ed. St\u00e1le ale ho\u0159\u00ed v\u00edce jak 100 po\u017e\u00e1r\u016f. A l\u00e9to teprve za\u010d\u00edn\u00e1. Lze tedy \u010dekat, \u017ee extr\u00e9mn\u00ed teploty i po\u017e\u00e1ry budou pokra\u010dovat. \u0160kody jsou ji\u017e nyn\u00ed  vysok\u00e9. Unik\u00e1tn\u00ed p\u0159\u00edroda je poni\u010dena. Lesy, kter\u00e9 nejsou na ohe\u0148 v\u016fbec p\u0159ipraveny, proto\u017ee zde v takov\u00e9m rozsahu neho\u0159elo n\u011bkolik des\u00edtek milion\u016f let jsou z <a href=\"https:\/\/www.abc.net.au\/news\/2019-11-27\/bushfires-devastate-ancient-forests-and-rare-wildlife\/11733956?pfmredir=sm\">velk\u00e9 \u010d\u00e1sti ztraceny<\/a>. V\u010detn\u011b jejich unik\u00e1tn\u00edch obyvatel. Podle dne\u0161n\u00edho vyj\u00e1d\u0159en\u00ed australsk\u00e9 ministryn\u011b \u017eivotn\u00edho prost\u0159ed\u00ed, po\u017e\u00e1ry sp\u00e1lili zhruba dvojn\u00e1sobek rozlohy Moravy a b\u011bhem po\u017e\u00e1r\u016f zmizelo zhruba 30 % populace <a href=\"https:\/\/www.theguardian.com\/australia-news\/2019\/dec\/27\/australias-environment-minister-says-up-to-30-of-koalas-killed-in-nsw-mid-north-coast-fires\">australsk\u00e9 ikony &#8211; medv\u00eddka Koaly<\/a>.  Klimatick\u00e1 zm\u011bna m\u011bn\u00ed n\u00e1\u0161 sv\u011bt a ohro\u017euje n\u00e1s i na\u0161i budoucnost. Je ale na n\u00e1s, jak se zachov\u00e1me. \u0158e\u0161en\u00ed existuj\u00ed, mus\u00edme za\u010d\u00edt jednat. Budoucnost tvo\u0159\u00edme my. <\/p>\n\n<figure class=\"wp-block-image size-large  caption-style-blue-overlay caption-alignment-center\"><img loading=\"lazy\" decoding=\"async\" width=\"800\" height=\"787\" src=\"https:\/\/www.greenpeace.org\/static\/planet4-czech-republic-stateless\/2019\/12\/b3964a33-800px-koala_climbing_tree.jpg\" title=\"Photo by DAVID ILIFF. License: CC BY-SA 3.0\" alt=\"Photo by DAVID ILIFF. License: CC BY-SA 3.0\" class=\"wp-image-5357\" srcset=\"https:\/\/www.greenpeace.org\/static\/planet4-czech-republic-stateless\/2019\/12\/b3964a33-800px-koala_climbing_tree.jpg 800w, https:\/\/www.greenpeace.org\/static\/planet4-czech-republic-stateless\/2019\/12\/b3964a33-800px-koala_climbing_tree-300x295.jpg 300w, https:\/\/www.greenpeace.org\/static\/planet4-czech-republic-stateless\/2019\/12\/b3964a33-800px-koala_climbing_tree-768x756.jpg 768w, https:\/\/www.greenpeace.org\/static\/planet4-czech-republic-stateless\/2019\/12\/b3964a33-800px-koala_climbing_tree-346x340.jpg 346w\" sizes=\"auto, (max-width: 800px) 100vw, 800px\" \/><figcaption>Photo by DAVID ILIFF. License: CC BY-SA 3.0<\/figcaption><\/figure>\n\n<div class=\"wp-block-button aligncenter\"><a class=\"wp-block-button__link has-text-color has-grey-200-color has-background has-green-500-background-color\" href=\"https:\/\/act.greenpeace.org\/page\/39787\/petition\/1\">p\u0159ipojte se k ochran\u011b klimatu<\/a><\/div>\n\n<p><\/p>\n\n<p>Jak se po\u017e\u00e1ry v Austr\u00e1lii vyv\u00edj\u00ed? Pokra\u010dujte na dal\u0161\u00ed d\u00edl na\u0161eho australsk\u00e9ho seri\u00e1lu. <\/p>\n\n<figure class=\"wp-block-embed-wordpress wp-block-embed is-type-wp-embed is-provider-greenpeace-ceska-republika\"><div class=\"wp-block-embed__wrapper\">\n<blockquote class=\"wp-embedded-content\" data-secret=\"qxwgv2zYkM\"><a href=\"https:\/\/www.greenpeace.org\/czech\/clanek\/5405\/australie-je-stale-v-plamenech-klimaticka-krize-v-primem-prenosu-dil-ii\/\">Austr\u00e1lie je st\u00e1le v plamenech &#8211; klimatick\u00e1 krize v p\u0159\u00edm\u00e9m p\u0159enosu, d\u00edl II.<\/a><\/blockquote><iframe loading=\"lazy\" class=\"wp-embedded-content\" sandbox=\"allow-scripts\" security=\"restricted\" style=\"position: absolute; clip: rect(1px, 1px, 1px, 1px);\" title=\"&#8222;Austr\u00e1lie je st\u00e1le v plamenech &#8211; klimatick\u00e1 krize v p\u0159\u00edm\u00e9m p\u0159enosu, d\u00edl II.&#8220; &#8212; Greenpeace \u010cesk\u00e1 republika\" src=\"https:\/\/www.greenpeace.org\/czech\/clanek\/5405\/australie-je-stale-v-plamenech-klimaticka-krize-v-primem-prenosu-dil-ii\/embed\/#?secret=zlNykuvlYs#?secret=qxwgv2zYkM\" data-secret=\"qxwgv2zYkM\" width=\"500\" height=\"282\" frameborder=\"0\" marginwidth=\"0\" marginheight=\"0\" scrolling=\"no\"><\/iframe>\n<\/div><\/figure>\n<div class=\"EmptyMessage\">Block content is empty. Check the block&#8217;s settings or remove it.<\/div>","protected":false},"excerpt":{"rendered":"<p>Australsk\u00e9 l\u00e9to je\u0161t\u011b vlastn\u011b ani po\u0159\u00e1dn\u011b naza\u010dalo, ale vlny veder a hlavn\u011b po\u017e\u00e1r\u016f ude\u0159ily jako nikdy v dosud v zaznamen\u00e9 historii. Ji\u017e 11. listopadu vyhl\u00e1sila Austr\u00e1lie stav nouze a situace&hellip;<\/p>\n","protected":false},"author":31,"featured_media":5356,"comment_status":"open","ping_status":"closed","sticky":false,"template":"","format":"standard","meta":{"ep_exclude_from_search":false,"p4_og_title":"Pekeln\u00e9 australsk\u00e9 V\u00e1noce","p4_og_description":"<p>Australsk\u00e9 l\u00e9to je\u0161t\u011b vlastn\u011b ani po\u0159\u00e1dn\u011b naza\u010dalo, ale vlny veder a hlavn\u011b po\u017e\u00e1r\u016f ude\u0159ily jako nikdy v dosud v zaznamen\u00e9 historii. Ji\u017e 11. listopadu vyhl\u00e1sila Austr\u00e1lie stav nouze a situace se od t\u00e9 doby d\u00e1le zhor\u0161ovala. <a href=\"http:\/\/www.bom.gov.au\/climate\/current\/statements\/scs72.pdf\">Zpr\u00e1va<\/a> Australsk\u00e9ho meteorologick\u00e9ho \u00fa\u0159adu z 18. prosince tohoto roku uv\u00e1d\u00ed rekordn\u00ed hodnoty rizika lesn\u00edch po\u017e\u00e1r\u016f, tak\u0159ka dvojn\u00e1sobn\u00e9, ne\u017e je dlouhodob\u00fd pr\u016fm\u011br. Z\u00e1rove\u0148 stanovila nejvy\u0161\u0161\u00ed riziko po\u017e\u00e1r\u016f pro cel\u00fdch 60 % kontinentu.\u00a0 V dob\u011b vyd\u00e1n\u00ed zpr\u00e1vy pohltily plameny ji\u017e v\u00edce jak 27 000 km2, tedy zhruba stejnou plochu jako m\u00e1 na\u0161e Morava a Slezsko dohromady.\u00a0<\/p>","p4_og_image":"https:\/\/www.greenpeace.org\/static\/planet4-czech-republic-stateless\/2019\/12\/81037385-img_8915-2.jpg","p4_og_image_id":"5356","p4_seo_canonical_url":"","p4_campaign_name":"not set","p4_local_project":"","p4_basket_name":"not set","p4_department":"","footnotes":""},"categories":[2],"tags":[20,25],"p4-page-type":[16],"class_list":["post-5350","post","type-post","status-publish","format-standard","has-post-thumbnail","hentry","category-priroda","tag-zmena-klimatu","tag-konec-doby-fosilni","p4-page-type-clanek"],"_links":{"self":[{"href":"https:\/\/www.greenpeace.org\/czech\/wp-json\/wp\/v2\/posts\/5350","targetHints":{"allow":["GET"]}}],"collection":[{"href":"https:\/\/www.greenpeace.org\/czech\/wp-json\/wp\/v2\/posts"}],"about":[{"href":"https:\/\/www.greenpeace.org\/czech\/wp-json\/wp\/v2\/types\/post"}],"author":[{"embeddable":true,"href":"https:\/\/www.greenpeace.org\/czech\/wp-json\/wp\/v2\/users\/31"}],"replies":[{"embeddable":true,"href":"https:\/\/www.greenpeace.org\/czech\/wp-json\/wp\/v2\/comments?post=5350"}],"version-history":[{"count":18,"href":"https:\/\/www.greenpeace.org\/czech\/wp-json\/wp\/v2\/posts\/5350\/revisions"}],"predecessor-version":[{"id":15601,"href":"https:\/\/www.greenpeace.org\/czech\/wp-json\/wp\/v2\/posts\/5350\/revisions\/15601"}],"wp:featuredmedia":[{"embeddable":true,"href":"https:\/\/www.greenpeace.org\/czech\/wp-json\/wp\/v2\/media\/5356"}],"wp:attachment":[{"href":"https:\/\/www.greenpeace.org\/czech\/wp-json\/wp\/v2\/media?parent=5350"}],"wp:term":[{"taxonomy":"category","embeddable":true,"href":"https:\/\/www.greenpeace.org\/czech\/wp-json\/wp\/v2\/categories?post=5350"},{"taxonomy":"post_tag","embeddable":true,"href":"https:\/\/www.greenpeace.org\/czech\/wp-json\/wp\/v2\/tags?post=5350"},{"taxonomy":"p4-page-type","embeddable":true,"href":"https:\/\/www.greenpeace.org\/czech\/wp-json\/wp\/v2\/p4-page-type?post=5350"}],"curies":[{"name":"wp","href":"https:\/\/api.w.org\/{rel}","templated":true}]}}