{"id":5405,"date":"2020-01-05T23:11:00","date_gmt":"2020-01-05T21:11:00","guid":{"rendered":"https:\/\/www.greenpeace.org\/czech\/?p=5405"},"modified":"2021-12-01T13:31:51","modified_gmt":"2021-12-01T12:31:51","slug":"australie-je-stale-v-plamenech-klimaticka-krize-v-primem-prenosu-dil-ii","status":"publish","type":"post","link":"https:\/\/www.greenpeace.org\/czech\/clanek\/5405\/australie-je-stale-v-plamenech-klimaticka-krize-v-primem-prenosu-dil-ii\/","title":{"rendered":"Austr\u00e1lie je st\u00e1le v plamenech &#8211; klimatick\u00e1 krize v p\u0159\u00edm\u00e9m p\u0159enosu, d\u00edl II."},"content":{"rendered":"\n<p style=\"font-size:12px\">Navazujeme na p\u0159edchoz\u00ed <a href=\"https:\/\/www.greenpeace.org\/czech\/clanek\/5350\/pekelne-australske-vanoce\/\">\u010dl\u00e1nek<\/a> o po\u017e\u00e1rech v Austr\u00e1lii, kter\u00fd vy\u0161el <a href=\"https:\/\/www.greenpeace.org\/czech\/clanek\/5350\/pekelne-australske-vanoce\/\">28. 12. 2019<\/a><\/p>\n\n<h4 class=\"wp-block-heading\">Austr\u00e1lsk\u00e9 po\u017e\u00e1ry dosahuj\u00ed bezprecedentn\u00edch m\u011b\u0159\u00edtek. <\/h4>\n\n<p>Vzpom\u00edn\u00e1te na <a href=\"https:\/\/www.greenpeace.org\/czech\/tiskova-zprava\/4748\/greenpeace-prinasi-pribehy-domorodych-obyvatel-amazonie-pozary-letos-radily-hlavne-na-jejich-uzemi\/\">po\u017e\u00e1ry Amazonie<\/a> b\u011bhem leto\u0161n\u00edho l\u00e9ta? Tak v Austr\u00e1lii plamen\u016fm podlehl ji\u017e p\u011btin\u00e1sobek plochy, a to l\u00e9to teprve za\u010d\u00edn\u00e1. Aktu\u00e1ln\u00ed informace mluv\u00ed o se\u017eehnut\u00fdch tak\u0159ka 60 000 km2. Tedy zhruba stejn\u00e1 plocha jako je \u010cesk\u00e1 republika bez Jihomoravsk\u00e9ho a Jiho\u010desk\u00e9ho kraje. Pokud bychom po\u010d\u00edtali domy, kter\u00e9 ji\u017e podlehly plamen\u016fm, je to ekvivalent m\u011bsta se zhruba 400 000 obyvateli. Takov\u00e1 zk\u00e1za se ned\u011bje n\u00e1hodou. M\u016f\u017eeme sledovat doslova v p\u0159\u00edm\u00e9m p\u0159enosu, jak vypad\u00e1 klimatick\u00e1 krize. <\/p>\n\n<div class=\"wp-block-image  caption-style-blue-overlay caption-alignment-center\"><figure class=\"alignleft size-articles-medium-large\"><img loading=\"lazy\" decoding=\"async\" width=\"340\" height=\"340\" src=\"https:\/\/www.greenpeace.org\/static\/planet4-czech-republic-stateless\/2020\/01\/0c416501-20387-340x340.jpeg\" alt=\"https:\/\/www.statista.com\/chart\/20387\/recent-wildfire-events-by-acreage-burned\/\" class=\"wp-image-5409\" srcset=\"https:\/\/www.greenpeace.org\/static\/planet4-czech-republic-stateless\/2020\/01\/0c416501-20387-340x340.jpeg 340w, https:\/\/www.greenpeace.org\/static\/planet4-czech-republic-stateless\/2020\/01\/0c416501-20387-300x300.jpeg 300w, https:\/\/www.greenpeace.org\/static\/planet4-czech-republic-stateless\/2020\/01\/0c416501-20387-1024x1024.jpeg 1024w, https:\/\/www.greenpeace.org\/static\/planet4-czech-republic-stateless\/2020\/01\/0c416501-20387-150x150.jpeg 150w, https:\/\/www.greenpeace.org\/static\/planet4-czech-republic-stateless\/2020\/01\/0c416501-20387-768x768.jpeg 768w, https:\/\/www.greenpeace.org\/static\/planet4-czech-republic-stateless\/2020\/01\/0c416501-20387.jpeg 1200w\" sizes=\"auto, (max-width: 340px) 100vw, 340px\" \/><\/figure><\/div>\n\n<h4 class=\"wp-block-heading\">Co znamen\u00e1 klimatick\u00e1 zm\u011bna pro Austr\u00e1lii?  <\/h4>\n\n<p>Jak uv\u00e1d\u00ed <a href=\"http:\/\/www.bom.gov.au\/state-of-the-climate\/\">zpr\u00e1va<\/a> o klimatick\u00e9 zm\u011bn\u011b Australsk\u00e9 meteorologick\u00e9 kancel\u00e1\u0159e (ekvivalentu <a href=\"http:\/\/chmi.cz\">\u010cHMI<\/a>) z roku 2018, klimatick\u00e1 zm\u011bna se projevuje na nejmen\u0161\u00edm kontinentu krom jin\u00e9ho n\u00e1sleduj\u00edc\u00edmi dopady: <\/p>\n\n<ol class=\"wp-block-list\"><li>od roku 1910 se pr\u016fm\u011brn\u00e1 teplota v Austr\u00e1lii zv\u00fd\u0161ila o v\u00edce jak 1 \u00b0C, co\u017e m\u00e1 za n\u00e1sledek zv\u00fd\u0161en\u00ed pravd\u011bpodobnosti vln veder a extr\u00e9mn\u00edho horka. <\/li><li>Pokles sr\u00e1\u017eek b\u011bhem australsk\u00e9ho podzimu a zimy (duben &#8211; \u0159\u00edjen) v jihov\u00fdchodn\u00ed Austr\u00e1lii. Sr\u00e1\u017eky na tomto \u00fazem\u00ed v obdob\u00ed kv\u011btna &#8211; \u010dervna klesly od roku 1970 o cel\u00fdch 20 %! <\/li><li>Sr\u00e1\u017eky se v oblasti severn\u00ed Austr\u00e1lie od 70. let minul\u00e9ho stolet\u00ed zvy\u0161uj\u00ed.<\/li><li>Pr\u016ftoky \u0159ek se v ji\u017en\u00ed \u010d\u00e1sti Austr\u00e1lie sni\u017euj\u00ed, naopak v oblasti severn\u00ed Austr\u00e1lie zvy\u0161uj\u00ed. <\/li><\/ol>\n\n<p>Aktu\u00e1ln\u00ed situace p\u0159esn\u011b takov\u00fdm p\u0159edpov\u011bd\u00edm odpov\u00edd\u00e1. V\u010dera dos\u00e1hla teplota v hlavn\u00edm m\u011bst\u011b Austr\u00e1lie <a href=\"https:\/\/www.abc.net.au\/news\/2020-01-04\/heat-record-canberra-penrith-fire-bushfire-bureau-of-meteorology\/11841014\">44 \u00b0C<\/a> a v <a href=\"https:\/\/www.google.com\/maps\/place\/Penrith+NSW+2750,+Australia\/@-33.6754822,150.4616951,10z\/data=!4m5!3m4!1s0x6b128f624bf3427b:0x5017d681632c640!8m2!3d-33.7506759!4d150.687674\">Penrithu<\/a> padl absolutn\u00ed australsk\u00fd teplotn\u00ed rekord, neuv\u011b\u0159iteln\u00fdch <a href=\"https:\/\/www.abc.net.au\/news\/2020-01-04\/heat-record-canberra-penrith-fire-bushfire-bureau-of-meteorology\/11841014\">48,9 \u00b0C<\/a>. Stejn\u011b tak sr\u00e1\u017eky. Pokud srovn\u00e1me desetilet\u00ed od roku 1910, pozn\u00e1me jasn\u00fd trend \u00fabytku sr\u00e1\u017eek a r\u016fstu teploty. A leto\u0161n\u00ed rok je nejteplej\u0161\u00ed a nejsu\u0161\u0161\u00ed <a href=\"https:\/\/www.greenpeace.org\/czech\/clanek\/5350\/pekelne-australske-vanoce\/\">od roku 1900<\/a>. Oh\u0148\u016fm &#8222;pom\u00e1h\u00e1&#8220; i v\u00edtr, kter\u00fd v sobotu a ned\u011bli proudil ke b\u0159eh\u016fm Nov\u00e9ho ji\u017en\u00edho Walesu a st\u00e1tu Viktorie ze z\u00e1padu rychlost\u00ed 10 &#8211; 15 uzl\u016f (zhruba 20\u201328 km\/h &#8211; V\u00edtr zved\u00e1 prach a pap\u00edry, pohybuje v\u011btvi\u010dkami a slab\u0161\u00edmi v\u011btvemi.) Nejvy\u0161\u0161\u00ed n\u00e1raz v\u011btru v oblasti Sydney m\u011bl v noci na 4. ledna s\u00edlu cel\u00fdch <a href=\"http:\/\/www.bom.gov.au\/climate\/dwo\/IDCJDW2124.latest.shtml\">81 km hodinu<\/a>, tedy s\u00edlu vich\u0159ice. Smrtelnou kombinaci zavr\u0161uj\u00ed samotn\u00e9 po\u017e\u00e1ry, kter\u00e9 vytv\u00e1\u0159\u00ed vlastn\u00ed obla\u010dnost, ze kter\u00e9 vznikaj\u00ed bou\u0159ky, jejich\u017e blesky jsou schopny za\u017eehnout nov\u00e9 po\u017e\u00e1ry. Klimatick\u00e1 zm\u011bna sama o sob\u011b za po\u017e\u00e1ry nem\u016f\u017ee. Z\u00e1sadn\u00edm zp\u016fsobem v\u0161ak zhor\u0161uje jejich dopad, prodlu\u017euje dobu po\u017e\u00e1r\u016f a p\u0159ipravuje podm\u00ednky pro jejich vznik.  V\u017edy\u0165 sez\u00f3na po\u017e\u00e1r\u016f je pravideln\u011b v Austr\u00e1lii v lednu a \u00fanoru. A u\u017e ho\u0159\u00ed druh\u00fd m\u011bs\u00edc. <\/p>\n\n<figure class=\"wp-block-image size-large  caption-style-blue-overlay caption-alignment-center\"><img loading=\"lazy\" decoding=\"async\" width=\"1024\" height=\"780\" src=\"https:\/\/www.greenpeace.org\/static\/planet4-czech-republic-stateless\/2020\/01\/353186d9-5e0a0004fb23d058ec72bcfc-1024x780.jpeg\" alt=\"Zdroj: www.bom.gov.au, \u010desk\u00fd p\u0159eklad Greenpeace\" class=\"wp-image-5410\" srcset=\"https:\/\/www.greenpeace.org\/static\/planet4-czech-republic-stateless\/2020\/01\/353186d9-5e0a0004fb23d058ec72bcfc-1024x780.jpeg 1024w, https:\/\/www.greenpeace.org\/static\/planet4-czech-republic-stateless\/2020\/01\/353186d9-5e0a0004fb23d058ec72bcfc-300x229.jpeg 300w, https:\/\/www.greenpeace.org\/static\/planet4-czech-republic-stateless\/2020\/01\/353186d9-5e0a0004fb23d058ec72bcfc-768x585.jpeg 768w, https:\/\/www.greenpeace.org\/static\/planet4-czech-republic-stateless\/2020\/01\/353186d9-5e0a0004fb23d058ec72bcfc-446x340.jpeg 446w, https:\/\/www.greenpeace.org\/static\/planet4-czech-republic-stateless\/2020\/01\/353186d9-5e0a0004fb23d058ec72bcfc.jpeg 1200w\" sizes=\"auto, (max-width: 1024px) 100vw, 1024px\" \/><\/figure>\n\n<p>Rozsah a intenzitu po\u017e\u00e1r\u016f <a href=\"https:\/\/www.sciencemag.org\/news\/2019\/11\/massive-australian-blazes-will-reframe-our-understanding-bushfire\">p\u0159ikl\u00e1d\u00e1 klimatick\u00e9 zm\u011bn\u011b za vinu<\/a> i australsk\u00fd v\u011bdec David Bowman, geograf a ekolog po\u017e\u00e1r\u016f. Jak zmi\u0148uje, ho\u0159\u00ed i vlhk\u00e9 lesy (nej\u010dast\u011bji eukalyptov\u00e9), kter\u00e9 zaprv\u00e9 nejsou na takov\u00e9 po\u017e\u00e1ry evolu\u010dn\u011b v\u016fbec p\u0159ipraveny, zadruh\u00e9 nikdo ne\u010dekal, \u017ee by v\u016fbec mohly b\u00fdt ohro\u017eeny. <\/p>\n\n<h4 class=\"wp-block-heading\">Sv\u011bdectv\u00ed z jin\u00e9ho sv\u011bta<\/h4>\n\n<figure class=\"wp-block-embed-twitter wp-block-embed is-type-rich is-provider-twitter\"><div class=\"wp-block-embed__wrapper\">\nhttps:\/\/twitter.com\/danbakes\/status\/1211850190132367360\n<\/div><\/figure>\n\n<p>Podle klimatick\u00fdch model\u016f bude Austr\u00e1lie (a hlavn\u011b ji\u017e je) jedn\u00edm z kontinent\u016f nejv\u00edce posti\u017een\u00fdch klimatickou zm\u011bnou. Australan\u00e9 jsou tak prvn\u00ed, kdo vstoupil do  nov\u00e9ho sv\u011bta. Soci\u00e1ln\u00ed s\u00edt\u011b p\u0159in\u00e1\u0161ej\u00ed sv\u011bdectv\u00ed o lidech uv\u011bzn\u011bn\u00fdch na pl\u00e1\u017ei, o \u00faniku p\u0159ed po\u017e\u00e1ry na \u010dlunu p\u0159es jezero a nespo\u010det sv\u011bdectv\u00ed o utrpen\u00ed zv\u00ed\u0159at. Jsou to p\u0159\u00edb\u011bhy, kter\u00e9 doslova vh\u00e1n\u011bj\u00ed slzy do o\u010d\u00ed. (Najdete nap\u0159\u00edklad <a href=\"https:\/\/twitter.com\/hashtag\/bushfire?lang=en\">zde<\/a>.) <\/p>\n\n<figure class=\"wp-block-embed-twitter wp-block-embed is-type-rich is-provider-twitter\"><div class=\"wp-block-embed__wrapper\">\n<blockquote class=\"twitter-tweet\" data-width=\"500\" data-dnt=\"true\"><p lang=\"en\" dir=\"ltr\">Fire on maluabay main beach in Australia!<br><br>This is literal HELL! OMG!<br><br>Australia is BURNING. The people are SUFFERING. Their Prime minister is doing NOTHING! \ud83d\ude2d\ud83d\udc94<br><br>A CLIMATE CHANGE CATASTROPHE!<br><br>(Via Alex coppel) <a href=\"https:\/\/t.co\/2s87KDtdIU\">pic.twitter.com\/2s87KDtdIU<\/a><\/p>&mdash; StanceGrounded (@_SJPeace_) <a href=\"https:\/\/twitter.com\/_SJPeace_\/status\/1212315064075722753?ref_src=twsrc%5Etfw\">January 1, 2020<\/a><\/blockquote><script async src=\"https:\/\/platform.twitter.com\/widgets.js\" charset=\"utf-8\"><\/script>\n<\/div><\/figure>\n\n<p>Podle ekolog\u016f z univerzity v Sydney po\u017e\u00e1ry zabily ji\u017e <a href=\"https:\/\/sydneynews.sydney\/sydney-news\/500-million-animals-lost-in-australian-bushfires-in-2019\/5455\/\">500 milion\u016f <\/a>zv\u00ed\u0159at &#8211; savc\u016f, pt\u00e1k\u016f a plaz\u016f. Zv\u00ed\u0159ata, kter\u00e1 po\u017e\u00e1ry p\u0159e\u017eij\u00ed, ale nebudou m\u00edt rozhodn\u011b na r\u016f\u017e\u00edch ustl\u00e1no. V mnoha ekosyst\u00e9mech zasa\u017een\u00fdch po\u017e\u00e1ry hroz\u00ed rozvrat. A to bude pro zv\u00ed\u0159ata znamenat nedostatek potravy. Pro n\u011bkter\u00e9 populace byly po\u017e\u00e1ry posledn\u00ed kapkou. Nap\u0159\u00edklad severn\u00ed populace Klok\u00e1nka krys\u00edho je pova\u017eov\u00e1na za ztracenou. Po uti\u0161en\u00ed po\u017e\u00e1r\u016f na m\u00edst\u011b jejich v\u00fdskytu nena\u0161li hasi\u010di po klok\u00e1nc\u00edch ani stopu. Je opravdu m\u00e1lo pravd\u011bpodobn\u00e9, \u017ee se na stejn\u00e9m m\u00edst\u011b je\u0161t\u011b n\u011bjak\u00e1 populace Klok\u00e1nka krys\u00edho n\u011bkdy vr\u00e1t\u00ed. Stejn\u00e9 <a href=\"https:\/\/www.cbc.ca\/news\/world\/kangaroo-island-endangered-wildlife-1.5415606\">zpr\u00e1vy<\/a> jsou i z &#8222;Klokan\u00edho ostrova&#8220;, kter\u00fd byl pova\u017eov\u00e1n za Galap\u00e1gy Austr\u00e1lie. Sho\u0159el za dva a p\u016fl dne. <\/p>\n\n<p>O rozm\u011brech po\u017e\u00e1r\u016f sv\u011bd\u010d\u00ed i skute\u010dnost, \u017ee d\u00fdm zahalil i Nov\u00fd Z\u00e9land vzd\u00e1len\u00fd tak\u0159ka 2000 kilometr\u016f. (To je zhruba stejn\u00e1 vzd\u00e1lenost jako z Prahy do Madridu nebo do Moskvy.) D\u00fdm zbarvil ledovce Nov\u00e9ho Z\u00e9landu do hn\u011bda, co\u017e m\u016f\u017ee zrychlit jejich t\u00e1n\u00ed. <\/p>\n\n<figure class=\"wp-block-embed-twitter wp-block-embed is-type-rich is-provider-twitter\"><div class=\"wp-block-embed__wrapper\">\nhttps:\/\/twitter.com\/rgcooke\/status\/1212656605365301248?s=20\n<\/div><\/figure>\n\n<h4 class=\"wp-block-heading\">Co m\u016f\u017eeme ud\u011blat my? <\/h4>\n\n<p>A\u010dkoli se m\u016f\u017ee zd\u00e1t, \u017ee Austr\u00e1lie je daleko, nen\u00ed to tak. Ho\u0159\u00ed i n\u00e1\u0161 domov a na\u0161e lesy, um\u00edraj\u00ed na\u0161e zv\u00ed\u0159ata, na pl\u00e1\u017e\u00edch se p\u0159ed po\u017e\u00e1ry ukr\u00fdvaj\u00ed na\u0161i soused\u00e9. Klimatick\u00e1 zm\u011bna nezn\u00e1 hranice. M\u016f\u017eeme pomoci Australan\u016fm p\u0159\u00edmo, nap\u0159\u00edklad&nbsp;<a href=\"https:\/\/www.rfs.nsw.gov.au\/volunteer\/support-your-local-brigade\">darem<\/a>, nebo podporou na soci\u00e1ln\u00edch s\u00edt\u00edch. \u00da\u010dinn\u011bj\u0161\u00ed ale bude, kdy\u017e za\u010dneme spole\u010dn\u011b pracovat na tom, abychom zabr\u00e1nili nejhor\u0161\u00edm dopad\u016fm klimatick\u00e9 krize. U n\u00e1s to znamen\u00e1 co nejrychleji za\u010d\u00edt nahrazovat v\u00fdrobu energie z fosiln\u00edch paliv. K r\u016fstu koncentrace CO2 v atmosf\u00e9\u0159e, tedy i k r\u016fstu pr\u016fm\u011brn\u00e9 glob\u00e1ln\u00ed teploty toti\u017e na\u0161e republika p\u0159isp\u00edv\u00e1 nejv\u00edce pr\u00e1v\u011b spalov\u00e1n\u00edm m\u00e1lo energeticky \u00fa\u010dinn\u00e9ho hn\u011bd\u00e9ho uhl\u00ed.<\/p>\n\n<figure class=\"wp-block-image size-large  caption-style-blue-overlay caption-alignment-center\"><img decoding=\"async\" src=\"https:\/\/faktaoklimatu.cz\/assets\/infographics\/emise-cr_1920.png\" alt=\"Emise sklen\u00edkov\u00fdch plyn\u016f \u010cR podle sektor\u016f, rok 2016, zdroj www.faktaoklimatu.cz\"\/><figcaption><a rel=\"noreferrer noopener\" href=\"https:\/\/faktaoklimatu.cz\/infografiky\/emise-cr\" target=\"_blank\">Emise sklen\u00edkov\u00fdch plyn\u016f \u010cR<\/a><\/figcaption><\/figure>\n\n<p>Prvn\u00ed krok, kter\u00fd m\u016f\u017ee\u0161 pro ochranu klimatu ud\u011blat ty, je podpis v\u00fdzvy #SpoluProKlima!<\/p>\n\n<div class=\"wp-block-button aligncenter\"><a class=\"wp-block-button__link has-text-color has-grey-200-color has-background has-green-500-background-color\" href=\"https:\/\/act.greenpeace.org\/page\/39787\/petition\/1\">P\u0159ipojit se spoluproklima<\/a><\/div>\n\n<h4 class=\"wp-block-heading\">Neodpov\u011bdn\u00ed politici<\/h4>\n\n<p>Jak 20. prosince 2019 <a href=\"https:\/\/www.cell.com\/one-earth\/fulltext\/S2590-3322(19)30225-8\">zve\u0159ejnili<\/a> v\u011bdci univerzity ze Stanfordu, je mo\u017en\u00e9 glob\u00e1ln\u011b p\u0159ej\u00edt na obnoviteln\u00e9 zdroje do roku 2050. Pl\u00e1ny australsk\u00fdch politik\u016f jsou ale jin\u00e9. A\u010dkoli hraj\u00ed nejr\u016fzn\u011bj\u0161\u00ed marketingov\u00e9 hry jak klima chr\u00e1n\u00ed, emise Austr\u00e1lie se nesni\u017euj\u00ed, ani nesm\u011b\u0159uj\u00ed k c\u00edl\u016fm stanoven\u00fdch mezin\u00e1rodn\u00edmi dohodami. Sp\u00ed\u0161e naopak. Chov\u00e1n\u00ed australsk\u00fdch politik\u016f dob\u0159e ilustruje obr\u00e1zek z <a href=\"https:\/\/www.researchgate.net\/publication\/227389894_The_Garnaut_Climate_Change_Review\">knihy<\/a> (<a href=\"https:\/\/www.facebook.com\/caz.spaz\/posts\/10156580316902633?hc_location=ufi\">hlub\u0161\u00ed vysv\u011btl\u011bn\u00ed v angli\u010dtin\u011b<\/a>), kter\u00e1 vy\u0161la ji\u017e v roce 2008 a velmi p\u0159esn\u011b p\u0159edpov\u00edd\u00e1, jak bude dnes situace v roce 2020 vypadat. Politici m\u011bli celou dek\u00e1du na to, aby se p\u0159ipravili. Ignorovali ale v\u011bdeck\u00e9 pozn\u00e1n\u00ed, n\u011bkte\u0159\u00ed jej dokonce pop\u00edrali. <\/p>\n\n<figure class=\"wp-block-image size-large  caption-style-blue-overlay caption-alignment-center\"><img loading=\"lazy\" decoding=\"async\" width=\"559\" height=\"325\" src=\"https:\/\/www.greenpeace.org\/static\/planet4-czech-republic-stateless\/2020\/01\/71d52dae-screen-shot-2020-01-06-at-14.40.22.png\" alt=\"\" class=\"wp-image-5471\" srcset=\"https:\/\/www.greenpeace.org\/static\/planet4-czech-republic-stateless\/2020\/01\/71d52dae-screen-shot-2020-01-06-at-14.40.22.png 559w, https:\/\/www.greenpeace.org\/static\/planet4-czech-republic-stateless\/2020\/01\/71d52dae-screen-shot-2020-01-06-at-14.40.22-300x174.png 300w, https:\/\/www.greenpeace.org\/static\/planet4-czech-republic-stateless\/2020\/01\/71d52dae-screen-shot-2020-01-06-at-14.40.22-510x297.png 510w\" sizes=\"auto, (max-width: 559px) 100vw, 559px\" \/><figcaption>GARNAUT, Ross.&nbsp;<em>The Garnaut climate change review: final report<\/em>. New York: Cambridge University Press, c2008. ISBN 9780521744447, p 118<\/figcaption><\/figure>\n\n<p>Velmi podobn\u011b se chov\u00e1 i \u010desk\u00e1 politick\u00e1 reprezentace. Na jedn\u00e1 stran\u011b se \u010cesk\u00e1 republika zav\u00e1zala podpo\u0159it c\u00edle EU st\u00e1t se CO2 neutr\u00e1ln\u00ed do roku 2050, na druh\u00e9 stran\u011b si ale na\u0161i politici doslova pod\u0159ezali v\u011btev, na kterou takto vylezli, <a href=\"https:\/\/www.greenpeace.org\/czech\/clanek\/5387\/prodej-elektrarny-v-poceradech-znamena-vazne-ohrozeni-klimatickych-zavazku-ceske-republiky\/\">prodejem elektr\u00e1rny<\/a> Po\u010derady &#8222;<a href=\"https:\/\/or.justice.cz\/ias\/ui\/rejstrik-firma.vysledky?subjektId=28353&amp;typ=PLATNY\">kypersk\u00e9<\/a>&#8220; firm\u011b Severn\u00ed energetick\u00e1 a.s., kterou dr\u017e\u00ed uhlobaroni Tyka\u010d a Dienstl. <\/p>\n\n<p>Klimatick\u00e1 krize je glob\u00e1ln\u00ed probl\u00e9m. Pot\u0159ebujeme za\u010d\u00edt pracovat na jeho \u0159e\u0161en\u00ed. P\u0159ipoj se! <\/p>\n\n<div class=\"wp-block-button aligncenter\"><a class=\"wp-block-button__link has-text-color has-grey-200-color has-background has-green-500-background-color\" href=\"https:\/\/act.greenpeace.org\/page\/39787\/petition\/1\">P\u0159ipojit se spoluproklima<\/a><\/div>\n\n<p><\/p>\n\n<h5 class=\"wp-block-heading\">N\u011bkolik dal\u0161\u00edch zdroj\u016f, ze kter\u00fdch z\u00edsk\u00e1te p\u0159edstavu o rozsahu australsk\u00fdch po\u017e\u00e1r\u016f. <\/h5>\n\n<p class=\"has-small-font-size\">Skv\u011ble zpracovan\u00e1 report\u00e1\u017e BBC o po\u017e\u00e1rech. <\/p>\n\n<figure class=\"wp-block-embed-youtube wp-block-embed is-type-video is-provider-youtube wp-embed-aspect-16-9 wp-has-aspect-ratio\"><div class=\"wp-block-embed__wrapper\">\n<lite-youtube style=\"background-image: url('https:\/\/i.ytimg.com\/vi\/2TcbIgmQxDA\/hqdefault.jpg');\" videoid=\"2TcbIgmQxDA\" params=\"rel=0\"><\/lite-youtube>\n<\/div><\/figure>\n\n<p class=\"has-small-font-size\">Pokud chcete sledovat d\u011bn\u00ed v Austr\u00e1lii v p\u0159\u00edm\u00e9m p\u0159enosu, dob\u0159e zpracovan\u00e9 a aktu\u00e1ln\u00ed zpr\u00e1vy m\u00e1 <a href=\"https:\/\/www.theguardian.com\/australia-news\/live\/2020\/jan\/05\/nsw-fires-live-updates-victoria-bushfires-south-australia-fire-sa-bushfire-near-rfs-cfa-latest-news\">Guardian<\/a>.<\/p>\n\n<p class=\"has-small-font-size\">Skv\u011ble zpracovan\u00e9 je i shrnut\u00ed <a href=\"https:\/\/ct24.ceskatelevize.cz\/veda\/3020060-vznikly-pozary-prirozene-a-jake-jsou-dopady-na-klima-situace-v-australii-v-deseti\">\u010cesk\u00e9 televize<\/a>. <\/p>\n\n<p class=\"has-small-font-size\">N\u011bkter\u00e9 \u010dasov\u00e9 ud\u00e1losti, kter\u00e9 jsou v \u010dl\u00e1nku popisov\u00e1ny nemus\u00ed vzhledem k \u010dasov\u00e9mu posunu b\u00fdt \u00fapln\u011b p\u0159esn\u00e9. Pro p\u0159esn\u00e9 \u010dasy pros\u00edm sledujte odkazy. <\/p>\n\n<figure class=\"wp-block-embed-wordpress wp-block-embed is-type-wp-embed is-provider-greenpeace-ceska-republika\"><div class=\"wp-block-embed__wrapper\">\n<blockquote class=\"wp-embedded-content\" data-secret=\"ZdSruD9oz8\"><a href=\"https:\/\/www.greenpeace.org\/czech\/clanek\/5432\/smutne-rekordy-z-australie-klimaticka-krize-v-primem-prenosu-dil-iii\/\">Smutn\u00e9 rekordy z Austr\u00e1lie &#8211; klimatick\u00e1 krize v p\u0159\u00edm\u00e9m p\u0159enosu, d\u00edl III.<\/a><\/blockquote><iframe loading=\"lazy\" class=\"wp-embedded-content\" sandbox=\"allow-scripts\" security=\"restricted\" style=\"position: absolute; clip: rect(1px, 1px, 1px, 1px);\" title=\"&#8222;Smutn\u00e9 rekordy z Austr\u00e1lie &#8211; klimatick\u00e1 krize v p\u0159\u00edm\u00e9m p\u0159enosu, d\u00edl III.&#8220; &#8212; Greenpeace \u010cesk\u00e1 republika\" src=\"https:\/\/www.greenpeace.org\/czech\/clanek\/5432\/smutne-rekordy-z-australie-klimaticka-krize-v-primem-prenosu-dil-iii\/embed\/#?secret=z5kB8SXLRo#?secret=ZdSruD9oz8\" data-secret=\"ZdSruD9oz8\" width=\"500\" height=\"282\" frameborder=\"0\" marginwidth=\"0\" marginheight=\"0\" scrolling=\"no\"><\/iframe>\n<\/div><figcaption>D\u00edl III. Klimatick\u00e1 zm\u011bna v p\u0159\u00edm\u00e9m p\u0159enosu &#8211; o\u010dit\u00e9 sv\u011bdectv\u00ed <\/figcaption><\/figure>\n\n<figure class=\"wp-block-embed-wordpress aligncenter wp-block-embed is-type-wp-embed is-provider-greenpeace-ceska-republika\"><div class=\"wp-block-embed__wrapper\">\n<blockquote class=\"wp-embedded-content\" data-secret=\"8URNISlXD6\"><a href=\"https:\/\/www.greenpeace.org\/czech\/clanek\/5350\/pekelne-australske-vanoce\/\">Pekeln\u00e9 australsk\u00e9 V\u00e1noce &#8211; klimatick\u00e1 krize v p\u0159\u00edm\u00e9m p\u0159enosu, d\u00edl I.<\/a><\/blockquote><iframe loading=\"lazy\" class=\"wp-embedded-content\" sandbox=\"allow-scripts\" security=\"restricted\" style=\"position: absolute; clip: rect(1px, 1px, 1px, 1px);\" title=\"&#8222;Pekeln\u00e9 australsk\u00e9 V\u00e1noce &#8211; klimatick\u00e1 krize v p\u0159\u00edm\u00e9m p\u0159enosu, d\u00edl I.&#8220; &#8212; Greenpeace \u010cesk\u00e1 republika\" src=\"https:\/\/www.greenpeace.org\/czech\/clanek\/5350\/pekelne-australske-vanoce\/embed\/#?secret=Allu7psAJ4#?secret=8URNISlXD6\" data-secret=\"8URNISlXD6\" width=\"500\" height=\"282\" frameborder=\"0\" marginwidth=\"0\" marginheight=\"0\" scrolling=\"no\"><\/iframe>\n<\/div><figcaption>D\u00edl I. Klimatick\u00e1 zm\u011bna v p\u0159\u00edm\u00e9m p\u0159enosu<\/figcaption><\/figure>\n<div class=\"EmptyMessage\">Block content is empty. Check the block&#8217;s settings or remove it.<\/div>","protected":false},"excerpt":{"rendered":"<p>Vzpom\u00edn\u00e1te na po\u017e\u00e1ry Amazonie b\u011bhem leto\u0161n\u00edho l\u00e9ta? Tak v Austr\u00e1lii plamen\u016fm podlehl ji\u017e p\u011btin\u00e1sobek plochy, a to l\u00e9to teprve za\u010d\u00edn\u00e1. Aktu\u00e1ln\u00ed informace mluv\u00ed o se\u017eehnut\u00fdch tak\u0159ka 60 000 km2. Tedy zhruba stejn\u00e1 plocha jako je \u010cesk\u00e1 republika bez Jihomoravsk\u00e9ho a Jiho\u010desk\u00e9ho kraje. Pokud bychom po\u010d\u00edtali domy, kter\u00e9 ji\u017e podlehly plamen\u016fm, je to ekvivalent m\u011bsta se zhruba 400 000 obyvateli. Takov\u00e1 zk\u00e1za se ned\u011bje n\u00e1hodou. M\u016f\u017eeme sledovat doslova v p\u0159\u00edm\u00e9m p\u0159enosu, jak vypad\u00e1 klimatick\u00e1 krize. <\/p>\n","protected":false},"author":31,"featured_media":5415,"comment_status":"open","ping_status":"closed","sticky":false,"template":"","format":"standard","meta":{"ep_exclude_from_search":false,"p4_og_title":"Austr\u00e1lie je st\u00e1le v plamenech - klimatick\u00e1 krize v p\u0159\u00edm\u00e9m p\u0159enosu, d\u00edl II.","p4_og_description":"<p><!-- wp:heading --><\/p>\r\n<h4>Austr\u00e1lsk\u00e9 po\u017e\u00e1ry dosahuj\u00ed bezprecedentn\u00edch m\u011b\u0159\u00edtek.<\/h4>\r\n<p><!-- \/wp:heading -->\r\n\r\n<!-- wp:paragraph --><\/p>\r\n<p>Vzpom\u00edn\u00e1te na po\u017e\u00e1ry Amazonie b\u011bhem leto\u0161n\u00edho l\u00e9ta? Tak v Austr\u00e1lii plamen\u016fm podlehl ji\u017e p\u011btin\u00e1sobek plochy, a to l\u00e9to teprve za\u010d\u00edn\u00e1. Aktu\u00e1ln\u00ed informace mluv\u00ed o se\u017eehnut\u00fdch tak\u0159ka 60 000 km2. Tedy zhruba stejn\u00e1 plocha jako je \u010cesk\u00e1 republika bez Jihomoravsk\u00e9ho a Jiho\u010desk\u00e9ho kraje. Pokud bychom po\u010d\u00edtali domy, kter\u00e9 ji\u017e podlehly plamen\u016fm, je to ekvivalent m\u011bsta se zhruba 400 000 obyvateli. Takov\u00e1 zk\u00e1za se ned\u011bje n\u00e1hodou. M\u016f\u017eeme sledovat doslova v p\u0159\u00edm\u00e9m p\u0159enosu, jak vypad\u00e1 klimatick\u00e1 krize.<\/p>\r\n<p><!-- \/wp:paragraph --><\/p>","p4_og_image":"https:\/\/www.greenpeace.org\/static\/planet4-czech-republic-stateless\/2020\/01\/47fc4e8c-1576598766-47650715-ghost-kooky.jpg","p4_og_image_id":"5415","p4_seo_canonical_url":"","p4_campaign_name":"not set","p4_local_project":"","p4_basket_name":"not set","p4_department":"","footnotes":""},"categories":[2],"tags":[20,25],"p4-page-type":[16],"class_list":["post-5405","post","type-post","status-publish","format-standard","has-post-thumbnail","hentry","category-priroda","tag-zmena-klimatu","tag-konec-doby-fosilni","p4-page-type-clanek"],"_links":{"self":[{"href":"https:\/\/www.greenpeace.org\/czech\/wp-json\/wp\/v2\/posts\/5405","targetHints":{"allow":["GET"]}}],"collection":[{"href":"https:\/\/www.greenpeace.org\/czech\/wp-json\/wp\/v2\/posts"}],"about":[{"href":"https:\/\/www.greenpeace.org\/czech\/wp-json\/wp\/v2\/types\/post"}],"author":[{"embeddable":true,"href":"https:\/\/www.greenpeace.org\/czech\/wp-json\/wp\/v2\/users\/31"}],"replies":[{"embeddable":true,"href":"https:\/\/www.greenpeace.org\/czech\/wp-json\/wp\/v2\/comments?post=5405"}],"version-history":[{"count":20,"href":"https:\/\/www.greenpeace.org\/czech\/wp-json\/wp\/v2\/posts\/5405\/revisions"}],"predecessor-version":[{"id":15595,"href":"https:\/\/www.greenpeace.org\/czech\/wp-json\/wp\/v2\/posts\/5405\/revisions\/15595"}],"wp:featuredmedia":[{"embeddable":true,"href":"https:\/\/www.greenpeace.org\/czech\/wp-json\/wp\/v2\/media\/5415"}],"wp:attachment":[{"href":"https:\/\/www.greenpeace.org\/czech\/wp-json\/wp\/v2\/media?parent=5405"}],"wp:term":[{"taxonomy":"category","embeddable":true,"href":"https:\/\/www.greenpeace.org\/czech\/wp-json\/wp\/v2\/categories?post=5405"},{"taxonomy":"post_tag","embeddable":true,"href":"https:\/\/www.greenpeace.org\/czech\/wp-json\/wp\/v2\/tags?post=5405"},{"taxonomy":"p4-page-type","embeddable":true,"href":"https:\/\/www.greenpeace.org\/czech\/wp-json\/wp\/v2\/p4-page-type?post=5405"}],"curies":[{"name":"wp","href":"https:\/\/api.w.org\/{rel}","templated":true}]}}