{"id":5432,"date":"2020-01-07T06:41:00","date_gmt":"2020-01-07T04:41:00","guid":{"rendered":"https:\/\/www.greenpeace.org\/czech\/?p=5432"},"modified":"2021-12-01T13:31:51","modified_gmt":"2021-12-01T12:31:51","slug":"smutne-rekordy-z-australie-klimaticka-krize-v-primem-prenosu-dil-iii","status":"publish","type":"post","link":"https:\/\/www.greenpeace.org\/czech\/clanek\/5432\/smutne-rekordy-z-australie-klimaticka-krize-v-primem-prenosu-dil-iii\/","title":{"rendered":"Smutn\u00e9 rekordy z Austr\u00e1lie &#8211; klimatick\u00e1 krize v p\u0159\u00edm\u00e9m p\u0159enosu, d\u00edl III."},"content":{"rendered":"\n<p style=\"font-size:12px\">P\u0159eb\u00edr\u00e1me Facebookov\u00fd koment\u00e1\u0159 <a href=\"https:\/\/www.facebook.com\/hana.maslowska\">Hana Maslowsk\u00e9<\/a>, kter\u00e1 se na sv\u00e9m <a href=\"https:\/\/www.facebook.com\/hana.maslowska\/posts\/2592917187494080\">Facebookov\u00e9m profilu<\/a> pod\u011blila o z\u00e1\u017eitky z Austr\u00e1lie, kde str\u00e1vila b\u011bhem p\u0159elomu roku n\u011bkolik t\u00fddn\u016f.  D\u011bkujeme za mo\u017enost sd\u00edlen\u00ed.  Fotky, nadpis, citace a dal\u0161\u00ed videa na konci \u010dl\u00e1nku jsme doplnili my. <\/p>\n\n<p>Austr\u00e1lie \u2013 smutn\u00e9 rekordy<br>Vr\u00e1tili jsme se s man\u017eelem po 10 t\u00fddnech z v\u00fdchodu Austr\u00e1lie. Po\u017e\u00e1ry za\u010daly o dva m\u011bs\u00edce d\u0159\u00edve ne\u017e b\u00fdvalo obvykl\u00e9 v posledn\u00edch (nep\u0159\u00edzniv\u00fdch) letech. Tradi\u010dn\u011b nejhor\u0161\u00ed m\u011bs\u00edce leden-\u00fanor teprve nadch\u00e1zej\u00ed. 95% zpravodajstv\u00ed se t\u00fdk\u00e1 po\u017e\u00e1r\u016f, v doln\u00ed \u010d\u00e1sti obrazovky b\u011b\u017e\u00ed n\u00e1zvy po\u017e\u00e1r\u016f, kter\u00e9 nejsou pod kontrolou a seznamy vesnic a oblast\u00ed, kde je ji\u017e pozd\u011b na v\u010dasnou evakuaci. Hodnocen\u00ed rizika po\u017e\u00e1r\u016f: na \u0161k\u00e1le od m\u00edrn\u00e9ho po extr\u00e9mn\u00ed p\u0159ibyla nejvy\u0161\u0161\u00ed kolonka katastrofick\u00e9.<\/p>\n\n<figure class=\"wp-block-image size-large  caption-style-blue-overlay caption-alignment-center\"><img loading=\"lazy\" decoding=\"async\" width=\"1024\" height=\"682\" src=\"https:\/\/www.greenpeace.org\/static\/planet4-czech-republic-stateless\/2020\/01\/cb52d2dc-gp0studz2-1024x682.jpg\" alt=\"\" class=\"wp-image-5477\" srcset=\"https:\/\/www.greenpeace.org\/static\/planet4-czech-republic-stateless\/2020\/01\/cb52d2dc-gp0studz2-1024x682.jpg 1024w, https:\/\/www.greenpeace.org\/static\/planet4-czech-republic-stateless\/2020\/01\/cb52d2dc-gp0studz2-300x200.jpg 300w, https:\/\/www.greenpeace.org\/static\/planet4-czech-republic-stateless\/2020\/01\/cb52d2dc-gp0studz2-768x512.jpg 768w, https:\/\/www.greenpeace.org\/static\/planet4-czech-republic-stateless\/2020\/01\/cb52d2dc-gp0studz2-1536x1024.jpg 1536w, https:\/\/www.greenpeace.org\/static\/planet4-czech-republic-stateless\/2020\/01\/cb52d2dc-gp0studz2-510x340.jpg 510w, https:\/\/www.greenpeace.org\/static\/planet4-czech-republic-stateless\/2020\/01\/cb52d2dc-gp0studz2.jpg 2000w\" sizes=\"auto, (max-width: 1024px) 100vw, 1024px\" \/><figcaption>Sydney Opera House, Sydney NSW, 19. 12. 2019<\/figcaption><\/figure>\n\n<p>Za\u017eili jsme v Melbourne den, kdy bylo 41 stup\u0148\u016f, v\u00edtr p\u0159es 100 km\/h a vlhkost byla jen 10-12% , co\u017e je tak\u00e9 d\u016fle\u017eit\u00fd faktor a extr\u00e9mn\u00ed hodnota. Bylo zav\u0159eno p\u0159es 100 \u0161kol, evakuace m\u00edst bl\u00edzko po\u017e\u00e1r\u016f. Nejvy\u0161\u0161\u00ed pr\u016fm\u011brn\u00e1 teplota v cel\u00e9 Austr\u00e1lii jeden den p\u0159ekonala rekord z roku 2013 o 6 desetin stupn\u011b a vz\u00e1p\u011bt\u00ed dal\u0161\u00ed den o cel\u00fd jeden stupe\u0148 (41.9 st C). U n\u00e1s jsou rekordy p\u0159ekon\u00e1v\u00e1ny o 1-2 desetiny stupn\u011b a i takov\u00fd progres m\u016f\u017ee signalizovat z\u00e1va\u017en\u00e9 zm\u011bny. T\u0159i obrovsk\u00e9 po\u017e\u00e1ry v oblasti Wolemi National Park a Blue Mountains na SZ od Sydney se spojily v jeden MEGAPO\u017d\u00c1R. Ho\u0159\u00ed oblast v\u011bt\u0161\u00ed ne\u017e st\u0159edo\u010desk\u00fd kraj. Nejrozs\u00e1hlej\u0161\u00ed po\u017e\u00e1r v historii Austr\u00e1lie. Hasi\u010di vypr\u00e1v\u011bj\u00ed, \u017ee tento po\u017e\u00e1r u\u017e m\u00e1 zcela nep\u0159edv\u00eddateln\u00e9 projevy, p\u0159esahuje ve\u0161ker\u00e9 zku\u0161enosti.<\/p>\n\n<p>Za\u010d\u00e1tkem prosince jsme byli 8 dn\u00ed v Sydney. M\u011bsto bylo pono\u0159eno do kou\u0159e a d\u00fdmu. Viditelnost minim\u00e1ln\u00ed, z botanick\u00e9 zahrady byly sotva vid\u011bt obrysy opery a Harbour bridge u\u017e ne. Apokalyptickou vizi dopl\u0148ovalo slunce vypadaj\u00edc\u00ed za kou\u0159ovou clonou jako pomeran\u010d \u2013 st\u00e1le m\u011b nutkalo se d\u00edvat, m\u016fj rozum nemohl pobrat, \u017ee m\u016f\u017eu v poledne koukat do slunce. Asi desetina lid\u00ed nos\u00ed d\u00fdchac\u00ed masky.<\/p>\n\n<figure class=\"wp-block-embed-twitter wp-block-embed is-type-rich is-provider-twitter\"><div class=\"wp-block-embed__wrapper\">\n<blockquote class=\"twitter-tweet\" data-width=\"500\" data-dnt=\"true\"><p lang=\"en\" dir=\"ltr\">Australia is on fire. Nearly half a billion animals have been killed with more than 14.5 million acres burned. This is climate change. <a href=\"https:\/\/twitter.com\/hashtag\/ClimateEmegency?src=hash&amp;ref_src=twsrc%5Etfw\">#ClimateEmegency<\/a> <a href=\"https:\/\/twitter.com\/hashtag\/ClimateChange?src=hash&amp;ref_src=twsrc%5Etfw\">#ClimateChange<\/a> <a href=\"https:\/\/t.co\/0m67LRdxDS\">pic.twitter.com\/0m67LRdxDS<\/a><\/p>&mdash; Leah Namugerwa (@NamugerwaLeah) <a href=\"https:\/\/twitter.com\/NamugerwaLeah\/status\/1213830157754081280?ref_src=twsrc%5Etfw\">January 5, 2020<\/a><\/blockquote><script async src=\"https:\/\/platform.twitter.com\/widgets.js\" charset=\"utf-8\"><\/script>\n<\/div><\/figure>\n\n<p>Vypravili jsme se na v\u00fdlet do Katoomby. Doufali jsme, \u017ee bude aspo\u0148 m\u00edsty Cliff walk p\u0159\u00edstupn\u00fd, nebo aspo\u0148 n\u011bkter\u00e9 vyhl\u00eddky. V\u0161e bylo ohrazeno p\u00e1skou \u2013 kv\u016fli nebezpe\u010d\u00ed po\u017e\u00e1ru vstup zak\u00e1z\u00e1n. Na dvou m\u00edstech, kde byla vyhl\u00eddka celkem bl\u00edzko od silnice, jsme se \u0161patn\u00fdm sv\u011bdom\u00edm podlezli p\u00e1sku a rozhl\u00ed\u017eeli se po \u00fadol\u00ed pod n\u00e1mi. Nebylo skoro nic vid\u011bt, jen vzpom\u00ednky n\u00e1m dokreslovaly ta m\u00edsta, kter\u00e1 jsme m\u00edvali r\u00e1di (p\u0159ed 15 lety jsme \u017eili rok v Sydney).<\/p>\n\n<p>V \u00fater\u00fd 9. prosince bylo m\u011bsto pono\u0159eno do je\u0161t\u011b hust\u0161\u00edho d\u00fdmu ne\u017e obvykle. Cht\u011bla jsem si na rozlou\u010denou proj\u00edt obl\u00edbenou Cliff walk mezi Bondi a Coogee, doufala jsem, \u017ee u mo\u0159e bude snesiteln\u011bji. Kolem t\u0159et\u00ed odpoledne se snesl t\u011b\u017ek\u00fd mrak i nad mo\u0159e a poc\u00edtila jsem, \u017ee mi nen\u00ed dob\u0159e. Z p\u016flky cesty jsem se vydala zp\u00e1tky. Ve\u010der ve zpr\u00e1v\u00e1ch byl tento den ozna\u010den jako zdaleka nejhor\u0161\u00ed v d\u011bjin\u00e1ch, hazardn\u00ed hodnota zne\u010di\u0161t\u011bn\u00ed vzduchu (p\u0159edev\u0161\u00edm nebezpe\u010dn\u00fdch \u010d\u00e1stic PM 2.5) byla p\u0159ekro\u010dena 11-12 x, pobyt venku se p\u0159irovn\u00e1val k vykou\u0159en\u00ed 80 cigaret.<\/p>\n<div data-render=\"planet4-blocks\/gallery\" data-attributes=\"{&quot;attributes&quot;:{&quot;gallery_block_title&quot;:&quot;Blue mountains 2019&quot;,&quot;gallery_block_description&quot;:&quot;Fotografie autorky textu z Blue mountains, kter\\u00e9 je posti\\u017eeny po\\u017e\\u00e1ry. V\\u00edce informac\\u00ed o kr\\u00e1sn\\u00e9m m\\u00edstu Austr\\u00e1lie najdete nap\\u0159\\u00edklad na: https:\\\/\\\/en.wikipedia.org\\\/wiki\\\/Blue_Mountains_(New_South_Wales)&quot;,&quot;multiple_image&quot;:&quot;5497,5498,5499,5500,5501&quot;,&quot;image_data&quot;:[{&quot;url&quot;:&quot;https:\\\/\\\/www.greenpeace.org\\\/static\\\/planet4-czech-republic-stateless\\\/2020\\\/01\\\/bcc912b0-img_20191208_124207.jpg&quot;,&quot;focalPoint&quot;:{&quot;x&quot;:0.5,&quot;y&quot;:0.5},&quot;id&quot;:&quot;5497&quot;},{&quot;url&quot;:&quot;https:\\\/\\\/www.greenpeace.org\\\/static\\\/planet4-czech-republic-stateless\\\/2020\\\/01\\\/29da3407-img_20191208_130823.jpg&quot;,&quot;focalPoint&quot;:{&quot;x&quot;:0.5,&quot;y&quot;:0.5},&quot;id&quot;:&quot;5498&quot;},{&quot;url&quot;:&quot;https:\\\/\\\/www.greenpeace.org\\\/static\\\/planet4-czech-republic-stateless\\\/2020\\\/01\\\/9870aa88-img_20191208_130858.jpg&quot;,&quot;focalPoint&quot;:{&quot;x&quot;:0.5,&quot;y&quot;:0.5},&quot;id&quot;:&quot;5499&quot;},{&quot;url&quot;:&quot;https:\\\/\\\/www.greenpeace.org\\\/static\\\/planet4-czech-republic-stateless\\\/2020\\\/01\\\/32554a6c-img_20191208_133700.jpg&quot;,&quot;focalPoint&quot;:{&quot;x&quot;:0.5,&quot;y&quot;:0.5},&quot;id&quot;:&quot;5500&quot;},{&quot;url&quot;:&quot;https:\\\/\\\/www.greenpeace.org\\\/static\\\/planet4-czech-republic-stateless\\\/2020\\\/01\\\/2928688a-img_20191208_133951.jpg&quot;,&quot;focalPoint&quot;:{&quot;x&quot;:0.5,&quot;y&quot;:0.5},&quot;id&quot;:&quot;5501&quot;}],&quot;gallery_block_style&quot;:0,&quot;gallery_block_focus_points&quot;:&quot;&quot;,&quot;images&quot;:[{&quot;image_src&quot;:&quot;https:\\\/\\\/www.greenpeace.org\\\/static\\\/planet4-czech-republic-stateless\\\/2020\\\/01\\\/bcc912b0-img_20191208_124207.jpg&quot;,&quot;image_srcset&quot;:&quot;https:\\\/\\\/www.greenpeace.org\\\/static\\\/planet4-czech-republic-stateless\\\/2020\\\/01\\\/bcc912b0-img_20191208_124207.jpg 1284w, https:\\\/\\\/www.greenpeace.org\\\/static\\\/planet4-czech-republic-stateless\\\/2020\\\/01\\\/bcc912b0-img_20191208_124207-300x225.jpg 300w, https:\\\/\\\/www.greenpeace.org\\\/static\\\/planet4-czech-republic-stateless\\\/2020\\\/01\\\/bcc912b0-img_20191208_124207-1024x768.jpg 1024w, https:\\\/\\\/www.greenpeace.org\\\/static\\\/planet4-czech-republic-stateless\\\/2020\\\/01\\\/bcc912b0-img_20191208_124207-768x576.jpg 768w, https:\\\/\\\/www.greenpeace.org\\\/static\\\/planet4-czech-republic-stateless\\\/2020\\\/01\\\/bcc912b0-img_20191208_124207-453x340.jpg 453w&quot;,&quot;image_sizes&quot;:false,&quot;alt_text&quot;:&quot;&quot;,&quot;caption&quot;:&quot;&quot;,&quot;focus_image&quot;:&quot;&quot;,&quot;credits&quot;:&quot;&quot;},{&quot;image_src&quot;:&quot;https:\\\/\\\/www.greenpeace.org\\\/static\\\/planet4-czech-republic-stateless\\\/2020\\\/01\\\/29da3407-img_20191208_130823.jpg&quot;,&quot;image_srcset&quot;:&quot;https:\\\/\\\/www.greenpeace.org\\\/static\\\/planet4-czech-republic-stateless\\\/2020\\\/01\\\/29da3407-img_20191208_130823.jpg 1284w, https:\\\/\\\/www.greenpeace.org\\\/static\\\/planet4-czech-republic-stateless\\\/2020\\\/01\\\/29da3407-img_20191208_130823-300x225.jpg 300w, https:\\\/\\\/www.greenpeace.org\\\/static\\\/planet4-czech-republic-stateless\\\/2020\\\/01\\\/29da3407-img_20191208_130823-1024x768.jpg 1024w, https:\\\/\\\/www.greenpeace.org\\\/static\\\/planet4-czech-republic-stateless\\\/2020\\\/01\\\/29da3407-img_20191208_130823-768x576.jpg 768w, https:\\\/\\\/www.greenpeace.org\\\/static\\\/planet4-czech-republic-stateless\\\/2020\\\/01\\\/29da3407-img_20191208_130823-453x340.jpg 453w&quot;,&quot;image_sizes&quot;:false,&quot;alt_text&quot;:&quot;&quot;,&quot;caption&quot;:&quot;&quot;,&quot;focus_image&quot;:&quot;&quot;,&quot;credits&quot;:&quot;&quot;},{&quot;image_src&quot;:&quot;https:\\\/\\\/www.greenpeace.org\\\/static\\\/planet4-czech-republic-stateless\\\/2020\\\/01\\\/9870aa88-img_20191208_130858.jpg&quot;,&quot;image_srcset&quot;:&quot;https:\\\/\\\/www.greenpeace.org\\\/static\\\/planet4-czech-republic-stateless\\\/2020\\\/01\\\/9870aa88-img_20191208_130858.jpg 1284w, https:\\\/\\\/www.greenpeace.org\\\/static\\\/planet4-czech-republic-stateless\\\/2020\\\/01\\\/9870aa88-img_20191208_130858-300x225.jpg 300w, https:\\\/\\\/www.greenpeace.org\\\/static\\\/planet4-czech-republic-stateless\\\/2020\\\/01\\\/9870aa88-img_20191208_130858-1024x768.jpg 1024w, https:\\\/\\\/www.greenpeace.org\\\/static\\\/planet4-czech-republic-stateless\\\/2020\\\/01\\\/9870aa88-img_20191208_130858-768x576.jpg 768w, https:\\\/\\\/www.greenpeace.org\\\/static\\\/planet4-czech-republic-stateless\\\/2020\\\/01\\\/9870aa88-img_20191208_130858-453x340.jpg 453w&quot;,&quot;image_sizes&quot;:false,&quot;alt_text&quot;:&quot;&quot;,&quot;caption&quot;:&quot;&quot;,&quot;focus_image&quot;:&quot;&quot;,&quot;credits&quot;:&quot;&quot;},{&quot;image_src&quot;:&quot;https:\\\/\\\/www.greenpeace.org\\\/static\\\/planet4-czech-republic-stateless\\\/2020\\\/01\\\/32554a6c-img_20191208_133700.jpg&quot;,&quot;image_srcset&quot;:&quot;https:\\\/\\\/www.greenpeace.org\\\/static\\\/planet4-czech-republic-stateless\\\/2020\\\/01\\\/32554a6c-img_20191208_133700.jpg 1284w, https:\\\/\\\/www.greenpeace.org\\\/static\\\/planet4-czech-republic-stateless\\\/2020\\\/01\\\/32554a6c-img_20191208_133700-300x225.jpg 300w, https:\\\/\\\/www.greenpeace.org\\\/static\\\/planet4-czech-republic-stateless\\\/2020\\\/01\\\/32554a6c-img_20191208_133700-1024x768.jpg 1024w, https:\\\/\\\/www.greenpeace.org\\\/static\\\/planet4-czech-republic-stateless\\\/2020\\\/01\\\/32554a6c-img_20191208_133700-768x576.jpg 768w, https:\\\/\\\/www.greenpeace.org\\\/static\\\/planet4-czech-republic-stateless\\\/2020\\\/01\\\/32554a6c-img_20191208_133700-453x340.jpg 453w&quot;,&quot;image_sizes&quot;:false,&quot;alt_text&quot;:&quot;&quot;,&quot;caption&quot;:&quot;&quot;,&quot;focus_image&quot;:&quot;&quot;,&quot;credits&quot;:&quot;&quot;},{&quot;image_src&quot;:&quot;https:\\\/\\\/www.greenpeace.org\\\/static\\\/planet4-czech-republic-stateless\\\/2020\\\/01\\\/2928688a-img_20191208_133951.jpg&quot;,&quot;image_srcset&quot;:&quot;https:\\\/\\\/www.greenpeace.org\\\/static\\\/planet4-czech-republic-stateless\\\/2020\\\/01\\\/2928688a-img_20191208_133951.jpg 1284w, https:\\\/\\\/www.greenpeace.org\\\/static\\\/planet4-czech-republic-stateless\\\/2020\\\/01\\\/2928688a-img_20191208_133951-300x225.jpg 300w, https:\\\/\\\/www.greenpeace.org\\\/static\\\/planet4-czech-republic-stateless\\\/2020\\\/01\\\/2928688a-img_20191208_133951-1024x768.jpg 1024w, https:\\\/\\\/www.greenpeace.org\\\/static\\\/planet4-czech-republic-stateless\\\/2020\\\/01\\\/2928688a-img_20191208_133951-768x576.jpg 768w, https:\\\/\\\/www.greenpeace.org\\\/static\\\/planet4-czech-republic-stateless\\\/2020\\\/01\\\/2928688a-img_20191208_133951-453x340.jpg 453w&quot;,&quot;image_sizes&quot;:false,&quot;alt_text&quot;:&quot;&quot;,&quot;caption&quot;:&quot;&quot;,&quot;focus_image&quot;:&quot;&quot;,&quot;credits&quot;:&quot;&quot;}]}}\"><\/div>\n<p>D\u011btem, star\u00fdm, nemocn\u00fdm a oslaben\u00fdm lidem se doporu\u010duje nevych\u00e1zet ven, oblepit \u0161kv\u00edry a pou\u017e\u00edvat \u010disti\u010dku vzduchu. Dobr\u00e1 rada na p\u00e1r dn\u016f \u2013 ale kdy\u017e jde o t\u00fddny a m\u011bs\u00edce?<\/p>\n\n<p>Lid\u00e9 si p\u0159\u00e1li do nov\u00e9ho roku zdrav\u00ed a bezpe\u010d\u00ed. Prvn\u00ed dva dny nov\u00e9ho roku tomu bohu\u017eel nenahr\u00e1vaj\u00ed.<\/p>\n\n<p>Dal\u0161\u00edch rekord\u016f by se dalo uv\u00e9st nespo\u010det. Nejteplej\u0161\u00ed a nejsu\u0161\u0161\u00ed m\u011bs\u00edc, \u2026<br>Moje nejvroucn\u011bj\u0161\u00ed p\u0159\u00e1n\u00ed je, aby tyto rekordy z konce roku 2019 u\u017e nikdy nebyly p\u0159ekon\u00e1ny.<\/p>\n\n<p><\/p>\n\n<figure class=\"wp-block-embed-wordpress wp-block-embed is-type-wp-embed is-provider-greenpeace-ceska-republika\"><div class=\"wp-block-embed__wrapper\">\n<blockquote class=\"wp-embedded-content\" data-secret=\"KvE5CrYwV9\"><a href=\"https:\/\/www.greenpeace.org\/czech\/clanek\/5405\/australie-je-stale-v-plamenech-klimaticka-krize-v-primem-prenosu-dil-ii\/\">Austr\u00e1lie je st\u00e1le v plamenech &#8211; klimatick\u00e1 krize v p\u0159\u00edm\u00e9m p\u0159enosu, d\u00edl II.<\/a><\/blockquote><iframe loading=\"lazy\" class=\"wp-embedded-content\" sandbox=\"allow-scripts\" security=\"restricted\" style=\"position: absolute; clip: rect(1px, 1px, 1px, 1px);\" title=\"&#8222;Austr\u00e1lie je st\u00e1le v plamenech &#8211; klimatick\u00e1 krize v p\u0159\u00edm\u00e9m p\u0159enosu, d\u00edl II.&#8220; &#8212; Greenpeace \u010cesk\u00e1 republika\" src=\"https:\/\/www.greenpeace.org\/czech\/clanek\/5405\/australie-je-stale-v-plamenech-klimaticka-krize-v-primem-prenosu-dil-ii\/embed\/#?secret=2WLbrY3Gs6#?secret=KvE5CrYwV9\" data-secret=\"KvE5CrYwV9\" width=\"500\" height=\"282\" frameborder=\"0\" marginwidth=\"0\" marginheight=\"0\" scrolling=\"no\"><\/iframe>\n<\/div><figcaption>P\u0159edchoz\u00ed, druh\u00fd d\u00edl seri\u00e1lu Klimatick\u00e1 krize v p\u0159\u00edm\u00e9m p\u0159enosu. <\/figcaption><\/figure>\n<div class=\"EmptyMessage\">Block content is empty. Check the block&#8217;s settings or remove it.<\/div>","protected":false},"excerpt":{"rendered":"<p>Vr\u00e1tili jsme se s man\u017eelem po 10 t\u00fddnech z v\u00fdchodu Austr\u00e1lie. Po\u017e\u00e1ry za\u010daly o dva m\u011bs\u00edce d\u0159\u00edve ne\u017e b\u00fdvalo obvykl\u00e9 v posledn\u00edch (nep\u0159\u00edzniv\u00fdch) letech. Tradi\u010dn\u011b nejhor\u0161\u00ed m\u011bs\u00edce leden-\u00fanor teprve nadch\u00e1zej\u00ed. 95% zpravodajstv\u00ed se t\u00fdk\u00e1 po\u017e\u00e1r\u016f, v doln\u00ed \u010d\u00e1sti obrazovky b\u011b\u017e\u00ed n\u00e1zvy po\u017e\u00e1r\u016f, kter\u00e9 nejsou pod kontrolou a seznamy vesnic a oblast\u00ed, kde je ji\u017e pozd\u011b na v\u010dasnou evakuaci. Hodnocen\u00ed rizika po\u017e\u00e1r\u016f: na \u0161k\u00e1le od m\u00edrn\u00e9ho po extr\u00e9mn\u00ed p\u0159ibyla nejvy\u0161\u0161\u00ed kolonka katastrofick\u00e9<\/p>\n","protected":false},"author":31,"featured_media":5449,"comment_status":"open","ping_status":"closed","sticky":false,"template":"","format":"standard","meta":{"ep_exclude_from_search":false,"p4_og_title":"Smutn\u00e9 rekordy z Austr\u00e1lie","p4_og_description":"<p>Vr\u00e1tili jsme se s Bohdanem po 10 t\u00fddnech z v\u00fdchodu Austr\u00e1lie. Po\u017e\u00e1ry za\u010daly o dva m\u011bs\u00edce d\u0159\u00edve ne\u017e b\u00fdvalo obvykl\u00e9 v posledn\u00edch (nep\u0159\u00edzniv\u00fdch) letech. Tradi\u010dn\u011b nejhor\u0161\u00ed m\u011bs\u00edce leden-\u00fanor teprve nadch\u00e1zej\u00ed. 95% zpravodajstv\u00ed se t\u00fdk\u00e1 po\u017e\u00e1r\u016f, v doln\u00ed \u010d\u00e1sti obrazovky b\u011b\u017e\u00ed n\u00e1zvy po\u017e\u00e1r\u016f, kter\u00e9 nejsou pod kontrolou a seznamy vesnic a oblast\u00ed, kde je ji\u017e pozd\u011b na v\u010dasnou evakuaci. Hodnocen\u00ed rizika po\u017e\u00e1r\u016f: na \u0161k\u00e1le od m\u00edrn\u00e9ho po extr\u00e9mn\u00ed p\u0159ibyla nejvy\u0161\u0161\u00ed kolonka katastrofick\u00e9<\/p>","p4_og_image":"https:\/\/www.greenpeace.org\/static\/planet4-czech-republic-stateless\/2020\/01\/4158ae98-81550695_512493922954673_8107734595303658346_n.jpg","p4_og_image_id":"5449","p4_seo_canonical_url":"","p4_campaign_name":"not set","p4_local_project":"","p4_basket_name":"not set","p4_department":"","footnotes":""},"categories":[2],"tags":[20,25],"p4-page-type":[16],"class_list":["post-5432","post","type-post","status-publish","format-standard","has-post-thumbnail","hentry","category-priroda","tag-zmena-klimatu","tag-konec-doby-fosilni","p4-page-type-clanek"],"_links":{"self":[{"href":"https:\/\/www.greenpeace.org\/czech\/wp-json\/wp\/v2\/posts\/5432","targetHints":{"allow":["GET"]}}],"collection":[{"href":"https:\/\/www.greenpeace.org\/czech\/wp-json\/wp\/v2\/posts"}],"about":[{"href":"https:\/\/www.greenpeace.org\/czech\/wp-json\/wp\/v2\/types\/post"}],"author":[{"embeddable":true,"href":"https:\/\/www.greenpeace.org\/czech\/wp-json\/wp\/v2\/users\/31"}],"replies":[{"embeddable":true,"href":"https:\/\/www.greenpeace.org\/czech\/wp-json\/wp\/v2\/comments?post=5432"}],"version-history":[{"count":20,"href":"https:\/\/www.greenpeace.org\/czech\/wp-json\/wp\/v2\/posts\/5432\/revisions"}],"predecessor-version":[{"id":15594,"href":"https:\/\/www.greenpeace.org\/czech\/wp-json\/wp\/v2\/posts\/5432\/revisions\/15594"}],"wp:featuredmedia":[{"embeddable":true,"href":"https:\/\/www.greenpeace.org\/czech\/wp-json\/wp\/v2\/media\/5449"}],"wp:attachment":[{"href":"https:\/\/www.greenpeace.org\/czech\/wp-json\/wp\/v2\/media?parent=5432"}],"wp:term":[{"taxonomy":"category","embeddable":true,"href":"https:\/\/www.greenpeace.org\/czech\/wp-json\/wp\/v2\/categories?post=5432"},{"taxonomy":"post_tag","embeddable":true,"href":"https:\/\/www.greenpeace.org\/czech\/wp-json\/wp\/v2\/tags?post=5432"},{"taxonomy":"p4-page-type","embeddable":true,"href":"https:\/\/www.greenpeace.org\/czech\/wp-json\/wp\/v2\/p4-page-type?post=5432"}],"curies":[{"name":"wp","href":"https:\/\/api.w.org\/{rel}","templated":true}]}}