{"id":5516,"date":"2020-01-13T16:45:08","date_gmt":"2020-01-13T14:45:08","guid":{"rendered":"https:\/\/www.greenpeace.org\/czech\/?p=5516"},"modified":"2025-07-02T08:14:24","modified_gmt":"2025-07-02T07:14:24","slug":"neplatme-jejich-ucty-za-klima-na-australii-at-se-slozi-uhlobaroni-a-politici-klimaticka-krize-v-primem-prenosu-v","status":"publish","type":"post","link":"https:\/\/www.greenpeace.org\/czech\/clanek\/5516\/neplatme-jejich-ucty-za-klima-na-australii-at-se-slozi-uhlobaroni-a-politici-klimaticka-krize-v-primem-prenosu-v\/","title":{"rendered":"N\u00c1ZOR: Nepla\u0165me jejich \u00fa\u010dty za klima. Na Austr\u00e1lii a\u0165 se slo\u017e\u00ed uhlobaroni a politici &#8211; Klimatick\u00e1 krize v p\u0159\u00edm\u00e9m p\u0159enosu, d\u00edl V."},"content":{"rendered":"\n<p><em>Tento \u010dl\u00e1nek zve\u0159ej\u0148ujeme se souhlasem autora z <a href=\"http:\/\/denikreferendum.cz\/clanek\/30602-neplatme-jejich-ucty-za-klima-na-australii-at-se-slozi-uhlobaroni-a-politici\">Den\u00edku Referendum<\/a>. D\u011bkujeme za mo\u017enost vyu\u017eit\u00ed textu. Na tento text ani fotografie se proto nevztahuje klasick\u00e1 licence str\u00e1nek Greenpeace &#8211; CC-BY, ale lze je pou\u017e\u00edvat pouze s v\u00fdslovn\u00fdm souhlasem autora nebo Den\u00edku Referendum. \u010cl\u00e1nek byl na p\u0159\u00e1n\u00ed autora v prvn\u00edm odstavci dopln\u011bn o vysv\u011btluj\u00edc\u00ed informace.  <\/em><\/p>\n\n<p>Odm\u00edt\u00e1m p\u0159isp\u00edvat do sb\u00edrek, kter\u00e9 kon\u010d\u00ed v rukou australsk\u00e9 vl\u00e1dy. A\u0165 za sou\u010dasnou krizi plat\u00ed politici, kte\u0159\u00ed podfinancovali hasi\u010de, a uheln\u00e9 korporace, kter\u00e9 ji zp\u016fsobily a vyd\u011bl\u00e1vaj\u00ed na n\u00ed miliardy. Vzhledem k reakc\u00edm na toto sv\u00e9 tvrzen\u00ed dod\u00e1v\u00e1m, \u017ee v \u017e\u00e1dn\u00e9m p\u0159\u00edpad\u011b neodm\u00edt\u00e1m <a href=\"https:\/\/www.greenpeace.org\/czech\/clanek\/5519\/jak-pomoci-australii-klimaticka-zmena-v-primem-prenosu-iv\/\">pomoc ob\u011btem po\u017e\u00e1r\u016f ani skupin\u00e1m, kter\u00e9 se sna\u017e\u00ed \u0159e\u0161it sou\u010dasnou krizi<\/a>. Upozor\u0148uji pouze na politick\u00e9 souvislosti sb\u00edrek, z nich\u017e n\u011bkter\u00e9 kon\u010d\u00ed v rukou vl\u00e1dn\u00edch struktur nebo nahrazuj\u00ed ve\u0159ejn\u00e9 slu\u017eby podfinancovan\u00e9 australsk\u00fdm st\u00e1tem, kter\u00fd je v\u00fdznamn\u011b propojen\u00fd s uheln\u00fdm byznysem. Rad\u011bji proto p\u0159isp\u011bjme australsk\u00e9mu proti-uheln\u00e9mu hnut\u00ed. <\/p>\n\n<figure class=\"wp-block-image size-large  caption-style-blue-overlay caption-alignment-center\"><img loading=\"lazy\" decoding=\"async\" width=\"1024\" height=\"683\" src=\"https:\/\/www.greenpeace.org\/static\/planet4-czech-republic-stateless\/2020\/01\/c4188f0d-gp0stueyh_medium_res-1024x683.jpg\" alt=\"\" class=\"wp-image-5537\" srcset=\"https:\/\/www.greenpeace.org\/static\/planet4-czech-republic-stateless\/2020\/01\/c4188f0d-gp0stueyh_medium_res-1024x683.jpg 1024w, https:\/\/www.greenpeace.org\/static\/planet4-czech-republic-stateless\/2020\/01\/c4188f0d-gp0stueyh_medium_res-300x200.jpg 300w, https:\/\/www.greenpeace.org\/static\/planet4-czech-republic-stateless\/2020\/01\/c4188f0d-gp0stueyh_medium_res-768x512.jpg 768w, https:\/\/www.greenpeace.org\/static\/planet4-czech-republic-stateless\/2020\/01\/c4188f0d-gp0stueyh_medium_res-510x340.jpg 510w, https:\/\/www.greenpeace.org\/static\/planet4-czech-republic-stateless\/2020\/01\/c4188f0d-gp0stueyh_medium_res.jpg 1200w\" sizes=\"auto, (max-width: 1024px) 100vw, 1024px\" \/><figcaption>Richmond Valley, NSW 26. listopadu 2019 <br>\u00a9 Photo by SAEED KHAN\/AFP via Getty Images <\/figcaption><\/figure>\n\n<p>Nov\u00e1 dek\u00e1da za\u010dala p\u011bkn\u011b zostra. Dv\u011b nejv\u011bt\u0161\u00ed zpr\u00e1vy, kter\u00e9 v posledn\u00edch dnech koluj\u00ed po internetu, jako by m\u011bly dolo\u017eit hlavn\u00ed t\u00e9mata pro n\u00e1sleduj\u00edc\u00ed dek\u00e1du. Petrifikovan\u00fd spor mezi nejv\u011bt\u0161\u00edmi mocnostmi o vliv nad Bl\u00edzk\u00fdm V\u00fdchodem znovu rozho\u0159ela poprava ir\u00e1nsk\u00e9ho gener\u00e1la K\u00e1sima Sulejm\u00e1n\u00edho, Austr\u00e1lii u\u017e n\u011bkolik t\u00fddnu v kuse doslova&nbsp;<a href=\"http:\/\/denikreferendum.cz\/clanek\/30595-australii-dale-pustosi-pozary-shorelo-uzemi-o-velikosti-ceske-republiky\">dus\u00ed rekordn\u011b mohutn\u00e9 po\u017e\u00e1ry<\/a>, jejich\u017e intenzita a s\u00edla&nbsp;<a href=\"https:\/\/www.theguardian.com\/commentisfree\/2020\/jan\/03\/we-are-seeing-the-very-worst-of-our-scientific-predictions-come-to-pass-in-these-bushfires?fbclid=IwAR22wJzU4ocQkfWseq0-MKPoQ3WArFiAwof91xEpkQZASOqaaQz1t30R2eU\">p\u0159ekvapila i klimatick\u00e9 v\u011bdce<\/a>, zvykl\u00e9 na hodn\u011b negativn\u00ed p\u0159edpov\u011bdi.<br><\/p>\n\n<p class=\"has-text-align-center\"><strong>Pokud chce\u0161 smyslupln\u011b pomoci Austr\u00e1lii, p\u0159e\u010dti si n\u00e1\u0161 dal\u0161\u00ed \u010dl\u00e1nek:<\/strong><\/p>\n\n<div class=\"wp-block-button aligncenter is-style-cta\"><a class=\"wp-block-button__link\" href=\"https:\/\/www.greenpeace.org\/czech\/clanek\/5519\/jak-pomoci-australii-klimaticka-zmena-v-primem-prenosu-iv\/\"><strong>Jak POMOci austr\u00e1lii<\/strong><\/a><\/div>\n\n<p>Podobn\u00e9 katastrofy \u010dasto probouzej\u00ed velk\u00fd z\u00e1jem, zejm\u00e9na pokud se stanou v bohat\u00e9 zemi ob\u00fdvan\u00e9 p\u0159ev\u00e1\u017en\u011b b\u00edl\u00fdm obyvatelstvem. Nejinak tomu bylo i v tomto p\u0159\u00edpad\u011b, kdy po internetu koluj\u00ed nejr\u016fzn\u011bj\u0161\u00ed sb\u00edrky na podporu hasi\u010d\u016f, \u0159e\u0161en\u00ed n\u00e1sledk\u016f \u0161kod \u010di ob\u011bt\u00ed po\u017e\u00e1r\u016f. N\u011bkte\u0159\u00ed dokonce hledaj\u00ed kreativn\u00ed zp\u016fsoby jak vybrat co nejv\u00edce pen\u011bz, jako americk\u00e1 modelka, kter\u00e1 za podporu hasi\u010d\u016fm&nbsp;<a href=\"https:\/\/magazin.aktualne.cz\/za-penize-pro-australske-charity-vam-poslu-nahou-fotku-slibu\/r~f6d43f58313911ea9b40ac1f6b220ee8\/?fbclid=IwAR1VNQNYxO7s5yaRVkc9ZidsdcI-4zv8bK8VoD4fVd-YmkDJEszX1NN3sg4\">pos\u00edl\u00e1 sv\u00e9 nah\u00e9 fotografie.&nbsp;<\/a><\/p>\n\n<blockquote class=\"wp-block-quote is-layout-flow wp-block-quote-is-layout-flow\"><p>Nov\u00e1 dek\u00e1da za\u010dala p\u011bkn\u011b zostra. <\/p><\/blockquote>\n\n<p>M\u00e9dia n\u00e1s tak krom\u011b skute\u010dn\u011b apokalyptick\u00fdch v\u00fdjev\u016f z\u00e1sobuj\u00ed informacemi o mno\u017estv\u00ed milion\u016f, kter\u00e9 se poda\u0159ilo vybrat, \u010di p\u0159\u00edpadn\u011b kolik p\u0159isp\u011bla n\u011bjak\u00e1 zn\u00e1m\u00e1 osobnost. Nic proti sb\u00edrk\u00e1m, ka\u017ed\u00fd jist\u011b p\u0159isp\u00edv\u00e1 v dobr\u00e9 v\u00ed\u0159e v to, \u017ee se p\u0159i podobn\u00e9 ud\u00e1losti ned\u00e1 z jin\u00e9ho konce sv\u011bta p\u0159\u00edli\u0161 mnoho jin\u00e9ho ud\u011blat. V\u00edc ne\u017e cokoliv jin\u00e9ho to v\u0161ak dokl\u00e1d\u00e1 zoufalstv\u00ed, v jak\u00e9m se v sou\u010dasn\u00e9m syst\u00e9mu ocit\u00e1me.<\/p>\n\n<p>P\u0159edn\u011b, ani n\u011bkolik stovek milion\u016f s po\u017e\u00e1ry \u010di \u0159e\u0161en\u00edm jejich p\u0159\u00ed\u010din a n\u00e1sledk\u016f nepom\u016f\u017ee. Je to jako kdybychom cht\u011bli hasit australsk\u00e9 po\u017e\u00e1ry pliv\u00e1n\u00edm. Austr\u00e1lie je toti\u017e uk\u00e1zkov\u00fdm p\u0159\u00edkladem selh\u00e1n\u00ed syst\u00e9mu, kter\u00fd umo\u017e\u0148uje propojen\u00ed ekonomick\u00e9 a politick\u00e9 moci. Australsk\u00fd premi\u00e9r Scott Morrison dlouhodob\u011b udr\u017euje skv\u011bl\u00e9 vztahy s uhlobaronem Clivem Palmerem, jedn\u00edm z nejbohat\u0161\u00edch mu\u017e\u016f planety.<\/p>\n\n<p>Ten nav\u00edc do posledn\u00edch voleb kandidoval se svou stranou Spojen\u00e1 Austr\u00e1lie, jej\u00edm\u017e hlavn\u00edm c\u00edlem bylo diskreditovat labouristy, tehdy je\u0161t\u011b volaj\u00edc\u00ed po ochran\u011b klimatu, a zajistit Morrisonovi pokra\u010dov\u00e1n\u00ed v \u010dele vl\u00e1dy. Palmer za kampa\u0148 utratil dvakr\u00e1t v\u00edce, ne\u017e Morrisonova liber\u00e1ln\u011b-nacion\u00e1ln\u00ed koalice a labourist\u00e9 dohromady a p\u0159esto\u017ee z\u00edskal jen n\u011bco m\u00e1lo p\u0159es t\u0159i procenta, ve\u0159ejn\u00fd diskurz se mu podle analytik\u016f&nbsp;<a href=\"https:\/\/www.nytimes.com\/2020\/01\/03\/opinion\/australia-fires-climate-change.html\">proti labourist\u016fm obr\u00e1tit poda\u0159ilo.<\/a><\/p>\n\n<figure class=\"wp-block-image size-large  caption-style-blue-overlay caption-alignment-center\"><img loading=\"lazy\" decoding=\"async\" width=\"1024\" height=\"683\" src=\"https:\/\/www.greenpeace.org\/static\/planet4-czech-republic-stateless\/2020\/01\/be95e940-gp0stueyi_medium_res-1024x683.jpg\" alt=\"\" class=\"wp-image-5538\" srcset=\"https:\/\/www.greenpeace.org\/static\/planet4-czech-republic-stateless\/2020\/01\/be95e940-gp0stueyi_medium_res-1024x683.jpg 1024w, https:\/\/www.greenpeace.org\/static\/planet4-czech-republic-stateless\/2020\/01\/be95e940-gp0stueyi_medium_res-300x200.jpg 300w, https:\/\/www.greenpeace.org\/static\/planet4-czech-republic-stateless\/2020\/01\/be95e940-gp0stueyi_medium_res-768x512.jpg 768w, https:\/\/www.greenpeace.org\/static\/planet4-czech-republic-stateless\/2020\/01\/be95e940-gp0stueyi_medium_res-510x340.jpg 510w, https:\/\/www.greenpeace.org\/static\/planet4-czech-republic-stateless\/2020\/01\/be95e940-gp0stueyi_medium_res.jpg 1200w\" sizes=\"auto, (max-width: 1024px) 100vw, 1024px\" \/><figcaption> Snowy Valley 4. ledna 2020, \u00a9 Photo by SAEED KHAN\/AFP via Getty Images<\/figcaption><\/figure>\n\n<p><br>Indick\u00e1 korporace Adani, kter\u00e1 u\u017e roky tou\u017e\u00ed v Queenslandu postavit nejv\u011bt\u0161\u00ed soustavu&nbsp;<a href=\"http:\/\/denikreferendum.cz\/clanek\/24400-v-australii-zacina-hlavni-faze-boje-s-projektem-carmichael-desem-vsech-ekologu\">uheln\u00fdch dol\u016f na sv\u011bt\u011b<\/a>, dan\u00ed sv\u00e9 miliardov\u00e9 zisky na&nbsp;<a href=\"https:\/\/www.abc.net.au\/news\/2017-03-14\/adani-carmichael-coalmine-to-shift-millions-to-cayman-islands\/8350704\">Kaymansk\u00fdch ostrovech.<\/a>&nbsp; Kdy\u017e hrozilo, \u017ee gigantick\u00fd projekt indick\u00e9 korporace skon\u010d\u00ed kv\u016fli nedostatku financ\u00ed, nab\u00eddla j\u00ed australsk\u00e1 vl\u00e1da \u0161t\u011bdr\u00e9 investi\u010dn\u00ed pob\u00eddky,&nbsp;<a href=\"https:\/\/www.theguardian.com\/environment\/2019\/aug\/29\/adani-mine-would-be-unviable-without-44bn-in-subsidies-report-finds\">p\u016fj\u010dky a z\u00e1ruky z pen\u011bz da\u0148ov\u00fdch poplatn\u00edk\u016f.&nbsp;<\/a>&nbsp;Na cel\u00fd byznys dohl\u00ed\u017e\u00ed pop\u00edra\u010d v\u011bdeck\u00fdch fakt\u016f o klimatu a miliard\u00e1\u0159 Ruppert Murdoch, kter\u00fd na cel\u00e9m kontinent\u011b vlastn\u00ed nadpolovi\u010dn\u00ed&nbsp;<a href=\"https:\/\/www.theguardian.com\/media\/2018\/sep\/20\/very-australian-coup-murdoch-turnbull-political-death-news-corps\">v\u011bt\u0161inu v\u0161ech m\u00e9di\u00ed.&nbsp;<\/a><\/p>\n\n<p>V\u0161e dovr\u0161uje dlouhodob\u00e9 podfinancov\u00e1n\u00ed ve\u0159ejn\u00e9ho sektoru a instituc\u00ed, kter\u00e9 mohou potenci\u00e1ln\u011b podobn\u00e9 katastrofy \u0159e\u0161it, zp\u016fsoben\u00e9 roky \u0161krt\u016f zav\u00e1d\u011bn\u00fdch vl\u00e1dami australsk\u00e9 pravice. V\u00fdsledkem je, \u017ee zat\u00edmco ro\u010dn\u011b Morrisonova vl\u00e1da podpo\u0159\u00ed fosiln\u00ed pr\u016fmysl a\u017e dvaa\u010dty\u0159iceti miliardami dolar\u016f z ve\u0159ejn\u00fdch pen\u011bz, na boj se sou\u010dasn\u00fdmi po\u017e\u00e1ry vy\u010dlenila jen dv\u011b miliardy.<\/p>\n\n<p>P\u0159itom pen\u00edze z nejv\u011bt\u0161\u00edch sb\u00edrek jdou rovnou&nbsp;<a href=\"https:\/\/www.theguardian.com\/australia-news\/2020\/jan\/07\/nsw-fires-massive-influx-of-donations-pose-a-nice-challenge-for-rfs-says-fire-chief\">vl\u00e1d\u011b Nov\u00e9ho Ji\u017en\u00edho Walesu<\/a>, kter\u00fd ovl\u00e1d\u00e1 Morrisonova koalice temna.&nbsp; Stejn\u00e9ho st\u00e1tu, kter\u00fd za\u010dal kompenzovat dobrovoln\u00e9 hasi\u010de t\u00fddny bojuj\u00edc\u00ed ve sv\u00e9m voln\u00e9m \u010dase s ohni a\u017e na n\u00e1tlak ve\u0159ejnosti. Pro\u010d se m\u00e1me skl\u00e1dat na australsk\u00e9 hasi\u010de, kter\u00e9 po\u0159\u00e1dn\u011b neplat\u00ed vl\u00e1da? Co bude p\u0159\u00ed\u0161t\u011b? Sb\u00edrka na d\u016fchody v Kanad\u011b?<\/p>\n\n<p>Ve\u0159ejn\u00e9 sb\u00edrky individualizuj\u00ed cel\u00fd syst\u00e9mov\u00fd probl\u00e9m a\u017e brut\u00e1ln\u00edho propojen\u00ed australsk\u00e9 vl\u00e1dy a uheln\u00fdch korporac\u00ed. Jako by n\u00e1m bylo \u0159\u00edk\u00e1no, Austr\u00e1lie trp\u00ed a \u00fa\u010det za to m\u00e1te platit vy. Na podobn\u00e9m principu byla p\u0159ed lety zalo\u017een\u00e1 sb\u00edrka na \u0159eck\u00fd dluh, na kter\u00fd se vybralo n\u011bkolik statis\u00edc\u016f eur.<\/p>\n\n<p>V mezi\u010dase si Trojka spolu s korporacemi, za p\u0159isp\u011bn\u00ed evropsk\u00fdch ministr\u016f financ\u00ed, rozd\u011blovala \u0159eck\u00e9 ve\u0159ejn\u00e9 statky. Omlouv\u00e1m se, ale podobn\u00e9 hry nehraju. Nebudu platit \u00fa\u010dty, kter\u00e9 m\u00e1 skl\u00e1dat bohat\u00e1 australsk\u00e1 vl\u00e1da, korporace jako Adani, uhlobaroni Clive Palmer nebo medi\u00e1ln\u00ed magn\u00e1t Ruppert Murdoch.<\/p>\n\n<p>Jestli skute\u010dn\u011b chcete podpo\u0159it boj proti australsk\u00fdm po\u017e\u00e1r\u016fm, po\u0161lete pen\u00edze jedn\u00e9 z environment\u00e1ln\u00edch organizac\u00ed \u010di neform\u00e1ln\u00edch skupin, kter\u00e9 bojuj\u00ed proti nabobtnal\u00e9mu uheln\u00e9mu pr\u016fmyslu, projektu Carmichael a zkorumpovan\u00e9 vl\u00e1d\u011b, kter\u00e1 nav\u00edc chce po vzoru Tasm\u00e1nie uz\u00e1konit drakonick\u00e9&nbsp;<a href=\"https:\/\/www.abc.net.au\/news\/2019-11-14\/bob-brown-and-others-say-new-anti-protest-law-bid-wont-work\/11705296\">tresty pro environment\u00e1ln\u00ed aktivisty.&nbsp;<\/a><br>A je z \u010deho vyb\u00edrat. T\u0159eba&nbsp;<a href=\"https:\/\/chuffed.org\/project\/resist-adani\">zde<\/a>,&nbsp;<a href=\"https:\/\/www.aycc.org.au\/donate_monthly\">zde&nbsp;<\/a>,&nbsp;<a href=\"https:\/\/support.acf.org.au\/donate?utm_source=acf_website&amp;utm_medium=menus&amp;utm_content=header_footers&amp;src=1920ECGN1GNDGACFWEBODBT\">zde&nbsp;<\/a>nebo<a href=\"https:\/\/www.greenpeace.org.au\/donate\">&nbsp;zde<\/a>.<\/p>\n\n<p class=\"has-normal-font-size\"><\/p>\n\n<figure class=\"wp-block-image size-large  caption-style-blue-overlay caption-alignment-center\"><img loading=\"lazy\" decoding=\"async\" width=\"1024\" height=\"683\" src=\"https:\/\/www.greenpeace.org\/static\/planet4-czech-republic-stateless\/2020\/01\/c2462c6f-gp0stuc5c-1024x683.jpg\" alt=\"\" class=\"wp-image-5448\" srcset=\"https:\/\/www.greenpeace.org\/static\/planet4-czech-republic-stateless\/2020\/01\/c2462c6f-gp0stuc5c-1024x683.jpg 1024w, https:\/\/www.greenpeace.org\/static\/planet4-czech-republic-stateless\/2020\/01\/c2462c6f-gp0stuc5c-300x200.jpg 300w, https:\/\/www.greenpeace.org\/static\/planet4-czech-republic-stateless\/2020\/01\/c2462c6f-gp0stuc5c-768x512.jpg 768w, https:\/\/www.greenpeace.org\/static\/planet4-czech-republic-stateless\/2020\/01\/c2462c6f-gp0stuc5c-510x340.jpg 510w, https:\/\/www.greenpeace.org\/static\/planet4-czech-republic-stateless\/2020\/01\/c2462c6f-gp0stuc5c.jpg 1200w\" sizes=\"auto, (max-width: 1024px) 100vw, 1024px\" \/><\/figure>\n\n<p class=\"has-text-align-center\"> <strong>Pokud chce\u0161 smyslupln\u011b pomoci Austr\u00e1lii, p\u0159e\u010dti si n\u00e1\u0161 dal\u0161\u00ed \u010dl\u00e1nek:<\/strong> <\/p>\n\n<div class=\"wp-block-button aligncenter is-style-cta\"><a class=\"wp-block-button__link\" href=\"https:\/\/www.greenpeace.org\/czech\/clanek\/5519\/jak-pomoci-australii-klimaticka-zmena-v-primem-prenosu-iv\/\"><strong>JAK POMOCI AUSTR\u00c1LII<\/strong><\/a><\/div>\n\n<p><\/p>\n\n<p><strong>V \u010dem se Austr\u00e1lie podob\u00e1 \u010cesk\u00e9 republice?<\/strong> (Dopln\u011bno Greenpeace \u010cR)<\/p>\n\n<ol class=\"wp-block-list\"><li>M\u00e1me vl\u00e1du, kter\u00e9 sice klimatickou zm\u011bnu nepop\u00edr\u00e1, ale ned\u011bl\u00e1 nic, aby j\u00ed zabr\u00e1nila. Nam\u00edsto uzav\u0159en\u00ed star\u00e9 a \u0161pinav\u00e9 elektr\u00e1rny v Po\u010deradech ji polost\u00e1tn\u00ed \u010cEZ v roce 2024 p\u0159ed\u00e1 uhlobaronovi Pavlu Tyka\u010dovi. \u010cesk\u00e1 republika p\u0159itom energii z hn\u011bd\u00e9ho uhl\u00ed nepot\u0159ebuje, pat\u0159\u00ed k nejv\u011bt\u0161\u00edm evropsk\u00fdm v\u00fdvozc\u016fm energie. Po\u010derady budou d\u00e1l zhor\u0161ovat klimatick\u00e9 podm\u00ednky i zdrav\u00ed lid\u00ed ve t\u0159ech evropsk\u00fdch st\u00e1tech.<\/li><li>M\u00e1me uhlobarony, kte\u0159\u00ed maj\u00ed plnou pusu \u0159e\u010d\u00ed o investic\u00edch do ekologie, p\u0159itom kdykoli m\u016f\u017eou, \u017e\u00e1daj\u00ed o v\u00fdjimky z pravidel, kter\u00e9 vznikly nejen kv\u016fli ochran\u011b \u017eivotn\u00edho prost\u0159ed\u00ed, ale i zdrav\u00ed. Elektr\u00e1rn\u011b Chvaletice, tak\u00e9 vlastn\u011bn\u00e9 Tyka\u010dem, \u0161li \u00fa\u0159edn\u00edci pardubick\u00e9 samospr\u00e1vy tak na ruku, \u017ee j\u00ed na na \u00fapln\u00e9m konci roku 2019 dali v\u00fdjimku na vypou\u0161t\u011bn\u00ed prachu i ve chv\u00edli, kdy sama sebe prohl\u00e1sili za podjat\u00e9.<\/li><li>Zat\u00edmco v australsk\u00fdch m\u00e9di\u00edch vlastn\u011bn\u00fdch medi\u00e1ln\u00edm magn\u00e1tem Rupertem Murdochem vych\u00e1z\u00ed hoaxy o tom, \u017ee za rozs\u00e1hl\u00e9 po\u017e\u00e1ry zapaluj\u00ed ekologov\u00e9, v \u010cesk\u00e9 republice stejn\u00fd \u010dlov\u011bk jak\u00fd spr\u00e1vcuje facebookov\u00fd profil elektr\u00e1rny Chvaletice, p\u0159isp\u00edv\u00e1 tak\u00e9 na str\u00e1nku Greenpiss, zesm\u011b\u0161\u0148uj\u00edc\u00ed stanoviska ekologick\u00fdch organizac\u00ed.<\/li><li>Tak\u00e9 u n\u00e1s zm\u011bnu p\u0159\u00edstupu ke zm\u011bn\u011b klimatu nebude iniciovat vl\u00e1da, bez siln\u00e9 ob\u010dansk\u00e9 spole\u010dnosti, kter\u00e1 nen\u00ed pod vlivem uheln\u00e9 lobby.<\/li><\/ol>\n","protected":false},"excerpt":{"rendered":"<p>Odm\u00edt\u00e1m p\u0159isp\u00edvat do sb\u00edrek, kter\u00e9 kon\u010d\u00ed v rukou australsk\u00e9 vl\u00e1dy. A\u0165 plat\u00ed politici, kte\u0159\u00ed podfinancovali hasi\u010de, a uheln\u00e9 korporace, kter\u00e9 krizi zp\u016fsobily a vyd\u011bl\u00e1vaj\u00ed na n\u00ed miliardy. Rad\u011bji p\u0159isp\u011bjme australsk\u00e9mu&hellip;<\/p>\n","protected":false},"author":31,"featured_media":5537,"comment_status":"open","ping_status":"closed","sticky":false,"template":"","format":"standard","meta":{"ep_exclude_from_search":false,"p4_og_title":"Nepla\u0165me jejich \u00fa\u010dty za klima. Na Austr\u00e1lii a\u0165 se slo\u017e\u00ed uhlobaroni a politici.","p4_og_description":"<p>Odm\u00edt\u00e1m p\u0159isp\u00edvat do sb\u00edrek, kter\u00e9 kon\u010d\u00ed v rukou australsk\u00e9 vl\u00e1dy. A\u0165 plat\u00ed politici, kte\u0159\u00ed podfinancovali hasi\u010de, a uheln\u00e9 korporace, kter\u00e9 krizi zp\u016fsobily a vyd\u011bl\u00e1vaj\u00ed na n\u00ed miliardy. Rad\u011bji p\u0159isp\u011bjme australsk\u00e9mu proti-uheln\u00e9mu hnut\u00ed.<\/p>","p4_og_image":"https:\/\/www.greenpeace.org\/static\/planet4-czech-republic-stateless\/2020\/01\/c4188f0d-gp0stueyh_medium_res.jpg","p4_og_image_id":"5537","p4_seo_canonical_url":"","p4_campaign_name":"not set","p4_local_project":"","p4_basket_name":"not set","p4_department":"","footnotes":""},"categories":[2],"tags":[20,25],"p4-page-type":[16],"class_list":["post-5516","post","type-post","status-publish","format-standard","has-post-thumbnail","hentry","category-priroda","tag-zmena-klimatu","tag-konec-doby-fosilni","p4-page-type-clanek"],"_links":{"self":[{"href":"https:\/\/www.greenpeace.org\/czech\/wp-json\/wp\/v2\/posts\/5516","targetHints":{"allow":["GET"]}}],"collection":[{"href":"https:\/\/www.greenpeace.org\/czech\/wp-json\/wp\/v2\/posts"}],"about":[{"href":"https:\/\/www.greenpeace.org\/czech\/wp-json\/wp\/v2\/types\/post"}],"author":[{"embeddable":true,"href":"https:\/\/www.greenpeace.org\/czech\/wp-json\/wp\/v2\/users\/31"}],"replies":[{"embeddable":true,"href":"https:\/\/www.greenpeace.org\/czech\/wp-json\/wp\/v2\/comments?post=5516"}],"version-history":[{"count":14,"href":"https:\/\/www.greenpeace.org\/czech\/wp-json\/wp\/v2\/posts\/5516\/revisions"}],"predecessor-version":[{"id":22364,"href":"https:\/\/www.greenpeace.org\/czech\/wp-json\/wp\/v2\/posts\/5516\/revisions\/22364"}],"wp:featuredmedia":[{"embeddable":true,"href":"https:\/\/www.greenpeace.org\/czech\/wp-json\/wp\/v2\/media\/5537"}],"wp:attachment":[{"href":"https:\/\/www.greenpeace.org\/czech\/wp-json\/wp\/v2\/media?parent=5516"}],"wp:term":[{"taxonomy":"category","embeddable":true,"href":"https:\/\/www.greenpeace.org\/czech\/wp-json\/wp\/v2\/categories?post=5516"},{"taxonomy":"post_tag","embeddable":true,"href":"https:\/\/www.greenpeace.org\/czech\/wp-json\/wp\/v2\/tags?post=5516"},{"taxonomy":"p4-page-type","embeddable":true,"href":"https:\/\/www.greenpeace.org\/czech\/wp-json\/wp\/v2\/p4-page-type?post=5516"}],"curies":[{"name":"wp","href":"https:\/\/api.w.org\/{rel}","templated":true}]}}