{"id":5567,"date":"2020-01-16T16:58:36","date_gmt":"2020-01-16T14:58:36","guid":{"rendered":"https:\/\/www.greenpeace.org\/czech\/?p=5567"},"modified":"2020-01-22T14:31:28","modified_gmt":"2020-01-22T12:31:28","slug":"nejlepsi-knihy-ktere-jsme-cetli-v-roce-2019","status":"publish","type":"post","link":"https:\/\/www.greenpeace.org\/czech\/clanek\/5567\/nejlepsi-knihy-ktere-jsme-cetli-v-roce-2019\/","title":{"rendered":"Nejlep\u0161\u00ed knihy, kter\u00e9 jsme \u010detli v roce 2019"},"content":{"rendered":"\n<p><strong><em>Rok 2019 p\u0159inesl \u00fasp\u011bchy, prohry, neuv\u011b\u0159iteln\u011b mnoho nov\u00fdch a spoustu opakuj\u00edc\u00edch se \u010dinnost\u00ed. Krom starosti o na\u0161e rodiny, chozen\u00ed do pr\u00e1ce, sportu, dovolen\u00fdch, protest\u016f a pl\u00e1nov\u00e1n\u00ed jsme v minul\u00e9m roce tak\u00e9 \u010detli skv\u011bl\u00e9 knihy a chceme se o radost z nich s v\u00e1mi pod\u011blit. A nejde jen o knihy, kter\u00e9 jsme \u010detli my. Po\u017e\u00e1dali jsme toti\u017e o doporu\u010den\u00ed obl\u00edben\u00fdch titul\u016f i na\u0161e zn\u00e1m\u00e9, spojence a dal\u0161\u00ed. Ve v\u00fdb\u011bru se nakonec se\u0161lo v\u00edc ne\u017e t\u0159i des\u00edtky knih. Jeden\u00e1ct nejnov\u011bj\u0161\u00edch a nej\u010dast\u011bji zmi\u0148ovan\u00fdch v\u00e1m p\u0159edstav\u00edme bl\u00ed\u017e a ze zbytku si ur\u010dit\u011b dok\u00e1\u017eete vybrat sami. P\u0159ejeme inspirativn\u00ed \u010detbu, pohodlnou pohovku a v\u011b\u0159\u00edme, \u017ee si na kn\u00ed\u017eky najdete \u010das. <\/em><\/strong><\/p>\n\n<p><strong><em>M\u00e1te i vy n\u011bjakou skv\u011blou knihu, kterou jste \u010detli v minul\u00e9m roce a v seznamu sch\u00e1z\u00ed? P\u0159idejte ji do koment\u00e1\u0159\u016f. D\u011bkujeme. <\/em><\/strong><\/p>\n\n<figure class=\"wp-block-image size-articles-medium-large  caption-style-blue-overlay caption-alignment-center\"><img loading=\"lazy\" decoding=\"async\" width=\"510\" height=\"292\" src=\"https:\/\/www.greenpeace.org\/static\/planet4-czech-republic-stateless\/2020\/01\/e822c500-vzpoura-510x292.jpeg\" alt=\"\" class=\"wp-image-5578\" srcset=\"https:\/\/www.greenpeace.org\/static\/planet4-czech-republic-stateless\/2020\/01\/e822c500-vzpoura-510x292.jpeg 510w, https:\/\/www.greenpeace.org\/static\/planet4-czech-republic-stateless\/2020\/01\/e822c500-vzpoura-300x172.jpeg 300w, https:\/\/www.greenpeace.org\/static\/planet4-czech-republic-stateless\/2020\/01\/e822c500-vzpoura.jpeg 750w\" sizes=\"auto, (max-width: 510px) 100vw, 510px\" \/><\/figure>\n\n<p><strong>Vzpoura proti zk\u00e1ze (Jeremy Brecher, Neklid, 2019)<\/strong><\/p>\n\n<p>Jak vypad\u00e1 sv\u011bt po nastoupen\u00ed pro-fosiln\u00edho americk\u00e9ho prezidenta Donalda Trumpa? A jak by na tuto zm\u011bnu m\u011blo zareagovat klimatick\u00e9 hnut\u00ed? Jeremy Brecher definuje nov\u00fdm zp\u016fsobem ve\u0159ejn\u00fd z\u00e1jem a sn\u00e1\u0161\u00ed argumenty pro to, pro\u010d je pr\u00e1v\u011b ted\u02c7 \u010das na klimatickou vzpouru. Tou rozum\u00ed strategii, kterou chce z\u00edskat na svou stranu v\u011bt\u0161inu ve\u0159ejnosti k prosazov\u00e1n\u00ed ochrany klimatu, jako spole\u010dn\u00e9ho z\u00e1jmu. Brecher vn\u00edm\u00e1 situaci jako velmi v\u00e1\u017enou a doporu\u010duje vyu\u017e\u00edt masov\u00fdch, glob\u00e1ln\u011b koordinovan\u00fdch, nen\u00e1siln\u00fdch p\u0159\u00edm\u00fdch akc\u00ed k podvr\u00e1cen\u00ed moci korporac\u00ed, kter\u00e9 se pod\u00edlej\u00ed na ni\u010den\u00ed klimatick\u00e9ho syst\u00e9mu, i jejich politick\u00fdch spojenc\u016f.<\/p>\n\n<figure class=\"wp-block-image size-articles-medium-large  caption-style-blue-overlay caption-alignment-center\"><img loading=\"lazy\" decoding=\"async\" width=\"340\" height=\"340\" src=\"https:\/\/www.greenpeace.org\/static\/planet4-czech-republic-stateless\/2020\/01\/383ac79b-uninhabitable-earth-340x340.jpeg\" alt=\"\" class=\"wp-image-5579\" srcset=\"https:\/\/www.greenpeace.org\/static\/planet4-czech-republic-stateless\/2020\/01\/383ac79b-uninhabitable-earth-340x340.jpeg 340w, https:\/\/www.greenpeace.org\/static\/planet4-czech-republic-stateless\/2020\/01\/383ac79b-uninhabitable-earth-300x300.jpeg 300w, https:\/\/www.greenpeace.org\/static\/planet4-czech-republic-stateless\/2020\/01\/383ac79b-uninhabitable-earth-150x150.jpeg 150w, https:\/\/www.greenpeace.org\/static\/planet4-czech-republic-stateless\/2020\/01\/383ac79b-uninhabitable-earth.jpeg 400w\" sizes=\"auto, (max-width: 340px) 100vw, 340px\" \/><\/figure>\n\n<p><strong>The Uninhabitable Earth (David Wallace-Wells, Crown Publishing Group, 2019)<\/strong><\/p>\n\n<p>Mysl\u00edte, \u017ee Zem\u011b, kter\u00e1 nebude vhodn\u00e1 pro lidsk\u00fd \u017eivot, je pouhou iluz\u00ed a zbyte\u010dnou obavou? Kniha Neobyvateln\u00e1 Zem\u011b se v\u00e1s bude sna\u017eit p\u0159esv\u011bd\u010dit o opaku. Americk\u00fd novin\u00e1\u0159 roz\u0161\u00ed\u0159il sv\u016fj dva roky star\u00fd esej pro New York Magazine, doplnil jej o dal\u0161\u00ed v\u011bdeck\u00e9 informace, kter\u00e9 v krat\u0161\u00ed verzi chyb\u011bly. Po\u0159\u00e1d ale bije na poplach a varuje p\u0159ed dosa\u017een\u00edm bodu, po kter\u00e9m u\u017e v\u0161echny snahy o zm\u00edrn\u011bn\u00ed klimatick\u00fdch zm\u011bn nebudou m\u00edt \u0161anci na \u00fasp\u011bch. Bible klimaalarmismu minul\u00e9ho roku. Dejte si ji v angli\u010dtin\u011b, nebo chvilku po\u010dkejte, podle na\u0161ich neov\u011b\u0159en\u00fdch zpr\u00e1v, je  ji\u017e p\u0159elo\u017eena do \u010de\u0161tiny. M\u011bla by relativn\u011b rychle b\u00fdt v knihkupectv\u00edch. <\/p>\n\n<figure class=\"wp-block-image size-articles-medium-large  caption-style-blue-overlay caption-alignment-center\"><img loading=\"lazy\" decoding=\"async\" width=\"229\" height=\"340\" src=\"https:\/\/www.greenpeace.org\/static\/planet4-czech-republic-stateless\/2020\/01\/e7ed0c54-greta-229x340.jpeg\" alt=\"\" class=\"wp-image-5586\" srcset=\"https:\/\/www.greenpeace.org\/static\/planet4-czech-republic-stateless\/2020\/01\/e7ed0c54-greta-229x340.jpeg 229w, https:\/\/www.greenpeace.org\/static\/planet4-czech-republic-stateless\/2020\/01\/e7ed0c54-greta-202x300.jpeg 202w, https:\/\/www.greenpeace.org\/static\/planet4-czech-republic-stateless\/2020\/01\/e7ed0c54-greta.jpeg 250w\" sizes=\"auto, (max-width: 229px) 100vw, 229px\" \/><\/figure>\n\n<p><strong>N\u00e1\u0161 d\u016fm je v plamenech (Greta Thunberg, Broken Books, 2019)<\/strong><br>Kdo by neznal Gretu Thunberg? Ale ruku na srdce, vid\u011bli jste ji jenom v televizi, nebo tak\u00e9 \u010detli n\u011bjak\u00e9 jej\u00ed texty? Kniha N\u00e1\u0161 d\u016fm je v plamenech obsahuje vlastn\u011b dv\u011b knihy. Prvn\u00ed \u010d\u00e1st tvo\u0159\u00ed p\u0159eklad knihy Sc\u00e9ny od srdce, kterou spole\u010dn\u011b s Gretou napsala jej\u00ed rodina &#8211; matka Malena Ernman, otec Svante Thunberg a sestra Beata Ernman. Krom\u011b n\u00ed tu v\u0161ak najdete tak\u00e9 nejz\u00e1sadn\u011bj\u0161\u00ed Gretiny projevy, kter\u00e9 v anglick\u00e9 verzi vy\u0161ly pod n\u00e1zvem No one is too small to make a difference.<\/p>\n\n<figure class=\"wp-block-image size-articles-medium-large  caption-style-blue-overlay caption-alignment-center\"><img loading=\"lazy\" decoding=\"async\" width=\"510\" height=\"340\" src=\"https:\/\/www.greenpeace.org\/static\/planet4-czech-republic-stateless\/2020\/01\/414d463e-7padu-510x340.jpeg\" alt=\"\" class=\"wp-image-5581\" srcset=\"https:\/\/www.greenpeace.org\/static\/planet4-czech-republic-stateless\/2020\/01\/414d463e-7padu-510x340.jpeg 510w, https:\/\/www.greenpeace.org\/static\/planet4-czech-republic-stateless\/2020\/01\/414d463e-7padu-300x200.jpeg 300w, https:\/\/www.greenpeace.org\/static\/planet4-czech-republic-stateless\/2020\/01\/414d463e-7padu.jpeg 600w\" sizes=\"auto, (max-width: 510px) 100vw, 510px\" \/><\/figure>\n\n<p><strong>7 p\u00e1d\u016f odpadu: Na odpady a \u017eivotn\u00ed prost\u0159ed\u00ed s rozumem a s humorem (Martin Hobrland, Concept 42, 2019)<\/strong><\/p>\n\n<p>I kdy\u017e je odpad v\u00e1\u017en\u00e1 v\u011bc a mo\u017en\u00e1 jedno z nejv\u00e1\u017en\u011bj\u0161\u00edch ohro\u017een\u00ed \u017eivotn\u00edho prost\u0159ed\u00ed, tato kniha nen\u00ed v\u00e1\u017en\u00e1, ale naopak hrav\u00e1. Shrnuje zku\u0161enosti vznikl\u00e9 p\u0159i spr\u00e1v\u011b internetov\u00e9ho projektu<a href=\"https:\/\/www.trideniodpadu.cz\"> trideniodpadu.cz<\/a>. Sp\u00ed\u0161 ne\u017e grafiky a statistiky v n\u00ed najdete uvoln\u011bn\u00e9 pov\u00edd\u00e1n\u00ed o tom, jak\u00e9 probl\u00e9my byly s odpady d\u0159\u00edv, jak se to vyhrotilo v posledn\u00ed dob\u011b a jak bychom se probl\u00e9m\u016fm s odpady mohli v budoucnosti co nejl\u00e9pe vyh\u00fdbat.<\/p>\n\n<figure class=\"wp-block-image size-articles-medium-large  caption-style-blue-overlay caption-alignment-center\"><img loading=\"lazy\" decoding=\"async\" width=\"340\" height=\"340\" src=\"https:\/\/www.greenpeace.org\/static\/planet4-czech-republic-stateless\/2020\/01\/2b8b1dc4-climatenewstory-340x340.jpeg\" alt=\"\" class=\"wp-image-5583\" srcset=\"https:\/\/www.greenpeace.org\/static\/planet4-czech-republic-stateless\/2020\/01\/2b8b1dc4-climatenewstory-340x340.jpeg 340w, https:\/\/www.greenpeace.org\/static\/planet4-czech-republic-stateless\/2020\/01\/2b8b1dc4-climatenewstory-300x300.jpeg 300w, https:\/\/www.greenpeace.org\/static\/planet4-czech-republic-stateless\/2020\/01\/2b8b1dc4-climatenewstory-150x150.jpeg 150w, https:\/\/www.greenpeace.org\/static\/planet4-czech-republic-stateless\/2020\/01\/2b8b1dc4-climatenewstory.jpeg 500w\" sizes=\"auto, (max-width: 340px) 100vw, 340px\" \/><\/figure>\n\n<p><strong>Climate &#8211; A New Story (Charles Eisenstein, North Atlantic Books, 2019)<\/strong><\/p>\n\n<p>A dal\u0161\u00ed anglicky psan\u00e1 kniha. Charles Eisenstein v n\u00ed rozeb\u00edr\u00e1 pohled odp\u016frce zm\u011bny klimatu a zasazuje se za to, aby hnut\u00ed roz\u0161\u00ed\u0159ilo svou strategii a svoje v\u00fdhradn\u00ed zam\u011b\u0159en\u00ed na emise uhl\u00edku, aby ostatn\u00edm ukazovalo mnohem \u0161ir\u0161\u00ed obraz sv\u011bta, za kter\u00fd bojuje. \u0158eky, lesy ale i rostlinn\u00e9 a \u017eivo\u010di\u0161n\u00e9 bytosti jsou posv\u00e1tn\u00e9 a cenn\u00e9 samy o sob\u011b. Mus\u00edme se zbavit v\u00e1le\u010dnick\u00e9 mentality a uv\u011bdomit si, \u017ee k lep\u0161\u00edmu planet\u00e1rn\u00edmu zdrav\u00ed m\u016f\u017ee prosp\u011bt v\u0161echno. Od z\u00e1chrany velryb a\u017e po reformu v\u011bze\u0148stv\u00ed.<\/p>\n\n<figure class=\"wp-block-image size-articles-medium-large  caption-style-blue-overlay caption-alignment-center\"><img loading=\"lazy\" decoding=\"async\" width=\"216\" height=\"340\" src=\"https:\/\/www.greenpeace.org\/static\/planet4-czech-republic-stateless\/2020\/01\/a7e6bf4a-budizvoda-216x340.jpeg\" alt=\"\" class=\"wp-image-5582\" srcset=\"https:\/\/www.greenpeace.org\/static\/planet4-czech-republic-stateless\/2020\/01\/a7e6bf4a-budizvoda-216x340.jpeg 216w, https:\/\/www.greenpeace.org\/static\/planet4-czech-republic-stateless\/2020\/01\/a7e6bf4a-budizvoda-191x300.jpeg 191w, https:\/\/www.greenpeace.org\/static\/planet4-czech-republic-stateless\/2020\/01\/a7e6bf4a-budizvoda.jpeg 261w\" sizes=\"auto, (max-width: 216px) 100vw, 216px\" \/><\/figure>\n\n<p><strong>Budi\u017e voda: Izraelsk\u00e1 inspirace pro sv\u011bt ohro\u017een\u00fd nedostatkem vody (Seth M. Siegel, Aligier, 2017)<\/strong><\/p>\n\n<p>St\u00e1le inspirativn\u00ed kn\u00ed\u017eka (vy\u0161la 2017), kter\u00e1 p\u0159edstavuje izraelsk\u00fd p\u0159\u00edstup k vodn\u00edmu hospod\u00e1\u0159stv\u00ed a ekonomiku vody. Toto t\u00e9ma je i v souvislosti s klimatickou zm\u011bnou st\u00e1le aktu\u00e1ln\u011bj\u0161\u00ed a Izrael, jeho\u017e plochu tvo\u0159\u00ed 60% pou\u0161t\u011b je pion\u00fdrem v oblasti vodohospod\u00e1\u0159sk\u00fdch inovac\u00ed. Voda je strategick\u00e1 komodita a jej\u00ed z\u00edsk\u00e1v\u00e1n\u00ed brzo nebude spo\u010d\u00edvat jen ve vrt\u00e1n\u00ed hlub\u0161\u00edch a hlub\u0161\u00edch studn\u00ed. Izrael dok\u00e1\u017ee b\u00fdt v ot\u00e1zce vody nejen sob\u011bsta\u010dn\u00fd, ale vodu dokonce exportuje i do okoln\u00edch zem\u00ed. <\/p>\n\n<figure class=\"wp-block-image size-articles-medium-large  caption-style-blue-overlay caption-alignment-center\"><img loading=\"lazy\" decoding=\"async\" width=\"510\" height=\"340\" src=\"https:\/\/www.greenpeace.org\/static\/planet4-czech-republic-stateless\/2020\/01\/7ea6a6ca-veknerovnovahy-510x340.jpeg\" alt=\"\" class=\"wp-image-5588\" srcset=\"https:\/\/www.greenpeace.org\/static\/planet4-czech-republic-stateless\/2020\/01\/7ea6a6ca-veknerovnovahy-510x340.jpeg 510w, https:\/\/www.greenpeace.org\/static\/planet4-czech-republic-stateless\/2020\/01\/7ea6a6ca-veknerovnovahy-300x200.jpeg 300w, https:\/\/www.greenpeace.org\/static\/planet4-czech-republic-stateless\/2020\/01\/7ea6a6ca-veknerovnovahy-1024x683.jpeg 1024w, https:\/\/www.greenpeace.org\/static\/planet4-czech-republic-stateless\/2020\/01\/7ea6a6ca-veknerovnovahy-768x512.jpeg 768w, https:\/\/www.greenpeace.org\/static\/planet4-czech-republic-stateless\/2020\/01\/7ea6a6ca-veknerovnovahy-1536x1024.jpeg 1536w, https:\/\/www.greenpeace.org\/static\/planet4-czech-republic-stateless\/2020\/01\/7ea6a6ca-veknerovnovahy-2048x1366.jpeg 2048w\" sizes=\"auto, (max-width: 510px) 100vw, 510px\" \/><\/figure>\n\n<p><strong>V\u011bk nerovnov\u00e1hy: Klimatick\u00e1 zm\u011bna, bezpe\u010dnost a cesty k n\u00e1rodn\u00ed resilienci (V\u00e1clav C\u00edlek, Alexander A\u010d, a kolektiv autor\u016f, Academia, 2018)<\/strong><\/p>\n\n<p>Zaj\u00edmav\u00e1 kniha, kter\u00e1 nejen ukazuje co v\u0161echno se m\u016f\u017ee s klimatem st\u00e1t a k \u010demu to m\u016f\u017ee v\u00e9st, ale ukazuje cesty, kter\u00fdmi se budeme muset vydat, abychom jako civilizace p\u0159e\u017eili. Jde nejen o \u201ctechnologii p\u0159e\u017eit\u00ed\u201d tedy o  zv\u00fd\u0161enou p\u00e9\u010di o hospod\u00e1\u0159skou p\u016fdu i les, nov\u00e9 p\u0159\u00edstupy k hospoda\u0159en\u00ed s vodou a n\u00edzkoemisn\u00ed energetiku, ale tak\u00e9 o zm\u011bnu my\u0161len\u00ed, kter\u00e1 by m\u011bla v\u00e9st k pot\u0159ebn\u00e9mu pocitu rovnov\u00e1hy a \u0161t\u011bst\u00ed jednotlivc\u016f.<\/p>\n\n<figure class=\"wp-block-image size-articles-medium-large  caption-style-blue-overlay caption-alignment-center\"><img loading=\"lazy\" decoding=\"async\" width=\"340\" height=\"340\" src=\"https:\/\/www.greenpeace.org\/static\/planet4-czech-republic-stateless\/2020\/01\/978ebfd2-otepliseabudelip-340x340.jpeg\" alt=\"\" class=\"wp-image-5587\" srcset=\"https:\/\/www.greenpeace.org\/static\/planet4-czech-republic-stateless\/2020\/01\/978ebfd2-otepliseabudelip-340x340.jpeg 340w, https:\/\/www.greenpeace.org\/static\/planet4-czech-republic-stateless\/2020\/01\/978ebfd2-otepliseabudelip-300x300.jpeg 300w, https:\/\/www.greenpeace.org\/static\/planet4-czech-republic-stateless\/2020\/01\/978ebfd2-otepliseabudelip-150x150.jpeg 150w, https:\/\/www.greenpeace.org\/static\/planet4-czech-republic-stateless\/2020\/01\/978ebfd2-otepliseabudelip.jpeg 600w\" sizes=\"auto, (max-width: 340px) 100vw, 340px\" \/><\/figure>\n\n<p><strong>Otepl\u00ed se a bude l\u00edp: \u010cesk\u00e1 klimaskepse v \u010dase glob\u00e1ln\u00edch rizik (Petr Vidomus, SLON, 2018)<\/strong><\/p>\n\n<p>Kdo jsou \u010de\u0161t\u00ed klimaskeptici a jak\u00e9 strategie pou\u017e\u00edvaj\u00ed v prosazov\u00e1n\u00ed sv\u00fdch viz\u00ed? Klimaskeptici maj\u00ed v \u010cR pom\u011brn\u011b silnou politickou a medi\u00e1ln\u00ed pozici, vedle V\u00e1clava Klause za n\u011b m\u016f\u017eeme pova\u017eovat nap\u0159\u00edklad novin\u00e1\u0159e Ivana Brezinu nebo fyzika Lubo\u0161e Motla. V kn\u00ed\u017ece se dozv\u00edte nejen jejich n\u00e1zorov\u00e1 v\u00fdchodiska, ale tak\u00e9 kdy byl \u010desk\u00fd klimaskeptismus nejsiln\u011bj\u0161\u00ed a jak to souviselo s propojen\u00edm s politickou moc\u00ed.<\/p>\n\n<figure class=\"wp-block-image size-large  caption-style-blue-overlay caption-alignment-center\"><img loading=\"lazy\" decoding=\"async\" width=\"183\" height=\"275\" src=\"https:\/\/www.greenpeace.org\/static\/planet4-czech-republic-stateless\/2020\/01\/9839a613-energyandcivilization.jpg\" alt=\"\" class=\"wp-image-5590\"\/><\/figure>\n\n<p><strong>Energy and Civilization: A History (Vaclav Smil, Mit Press, 2017)<\/strong><\/p>\n\n<p>D\u011bjiny energie v pod\u00e1n\u00ed jednoho z nejzaj\u00edmav\u011bj\u0161\u00edch myslitel\u016f na\u0161\u00ed epochy V\u00e1clava Smila ukazuje, jak siln\u00fd vliv m\u011bla tato komodita na v\u00fdvoj civilizace. Podle \u010decho-kanadsk\u00e9ho v\u011bdce byla schopnost lid\u00ed p\u0159em\u011bnit energii v teplo, sv\u011btlo \u010di pohyb z\u00e1sadn\u00ed hnac\u00ed silou kulturn\u00edho a ekonomick\u00e9ho pokroku v cel\u00e9m v\u00fdvoji civilizace. Kniha \u010dten\u00e1\u0159ovi pom\u016f\u017ee pochopit, \u017ee sna\u017e\u00edme-li se o zm\u011bnu v p\u0159\u00edstupu k u\u017e\u00edv\u00e1n\u00ed energie, sna\u017e\u00edme se o hlubokou celospole\u010denskou zm\u011bnu, kter\u00e1 bude m\u00edt d\u016fsledky ve v\u0161ech aspektech lidsk\u00e9 spole\u010dnosti.<\/p>\n\n<figure class=\"wp-block-image size-articles-medium-large  caption-style-blue-overlay caption-alignment-center\"><img loading=\"lazy\" decoding=\"async\" width=\"510\" height=\"268\" src=\"https:\/\/www.greenpeace.org\/static\/planet4-czech-republic-stateless\/2020\/01\/8dce9638-degrouwth-510x268.jpeg\" alt=\"\" class=\"wp-image-5584\" srcset=\"https:\/\/www.greenpeace.org\/static\/planet4-czech-republic-stateless\/2020\/01\/8dce9638-degrouwth-510x268.jpeg 510w, https:\/\/www.greenpeace.org\/static\/planet4-czech-republic-stateless\/2020\/01\/8dce9638-degrouwth-300x158.jpeg 300w, https:\/\/www.greenpeace.org\/static\/planet4-czech-republic-stateless\/2020\/01\/8dce9638-degrouwth-1024x538.jpeg 1024w, https:\/\/www.greenpeace.org\/static\/planet4-czech-republic-stateless\/2020\/01\/8dce9638-degrouwth-768x403.jpeg 768w, https:\/\/www.greenpeace.org\/static\/planet4-czech-republic-stateless\/2020\/01\/8dce9638-degrouwth.jpeg 1200w\" sizes=\"auto, (max-width: 510px) 100vw, 510px\" \/><\/figure>\n\n<p><strong>Degrowth: A Vocabulary for a New Era (ed. Giacomo D&#8217;Alisa, Federico Demaria, Giorgos Kallis, Routledge, 2014)<\/strong><br>Jedna z nejd\u016fle\u017eit\u011bj\u0161\u00edch knih pro ka\u017ed\u00e9ho, kdo to trochu v\u00e1\u017en\u011b mysl\u00ed s ekologi\u00ed, vznikla z iniciativy n\u011bkolika ekologick\u00fdch ekonom\u016f z Autonomn\u00ed univerzity v Barcelon\u011b. Jej\u00ed n\u00e1zev Ner\u016fst &#8211; Slovn\u00edk nov\u00e9 \u00e9ry je t\u0159eba br\u00e1t doslova, proto\u017ee jde o zpracov\u00e1n\u00ed 51 hesel, kter\u00e9 edito\u0159i zadali osobnostem politick\u00e9 ekologie z r\u016fzn\u00fdch zem\u00ed jako je t\u0159eba Andr\u00e9 Gorze \u010di Serge Latouche. Zat\u00edm snad nejp\u0159ehledn\u011bj\u0161\u00ed kniha o politice, kter\u00e1 m\u00edsto pojm\u016f jako technooptimismus a udr\u017eiteln\u00fd r\u016fst pracuje s pojmy jako klimatick\u00e1 spravedlnost a ner\u016fst.<\/p>\n\n<figure class=\"wp-block-image size-articles-medium-large  caption-style-blue-overlay caption-alignment-center\"><img loading=\"lazy\" decoding=\"async\" width=\"241\" height=\"340\" src=\"https:\/\/www.greenpeace.org\/static\/planet4-czech-republic-stateless\/2020\/01\/afec4982-energie-241x340.jpeg\" alt=\"\" class=\"wp-image-5585\" srcset=\"https:\/\/www.greenpeace.org\/static\/planet4-czech-republic-stateless\/2020\/01\/afec4982-energie-241x340.jpeg 241w, https:\/\/www.greenpeace.org\/static\/planet4-czech-republic-stateless\/2020\/01\/afec4982-energie-213x300.jpeg 213w, https:\/\/www.greenpeace.org\/static\/planet4-czech-republic-stateless\/2020\/01\/afec4982-energie.jpeg 315w\" sizes=\"auto, (max-width: 241px) 100vw, 241px\" \/><\/figure>\n\n<p><strong>Energie v p\u0159\u00edrod\u011b a v n\u00e1s: O \u0161alebn\u00e9 sv\u016fdnosti tradice a imperativu prom\u011bny (Milan Smr\u017e,  Eurosolar 2018)<\/strong><\/p>\n\n<p>A je\u0161t\u011b jednou t\u00e9ma ner\u016fstu, tentokr\u00e1t v esejistick\u00e9 kn\u00ed\u017ece viceprezidenta evropsk\u00e9 asociace EUROSOLAR, usiluj\u00edc\u00ed o \u00faplnou n\u00e1hradu fosiln\u00edch a jadern\u00fdch zdroj\u016f obnoviteln\u00fdmi, Milanem Smr\u017eem. Smr\u017e zast\u00e1v\u00e1 celostn\u00ed pohled spojuj\u00edc\u00ed p\u0159\u00edrodov\u011bdu i humanitn\u00ed p\u0159\u00edstup, stejn\u011b jako glob\u00e1ln\u00ed p\u0159\u00edstup zohled\u0148uj\u00edc\u00ed negativn\u00ed soci\u00e1ln\u00ed dopady fosiln\u00edho hospod\u00e1\u0159sk\u00e9ho syst\u00e9mu a pozitivn\u00ed potenci\u00e1l obnoviteln\u00e9ho hospoda\u0159en\u00ed u n\u00e1s i v zem\u00edch Jihu. Hlavn\u00ed my\u0161lenkou jeho knihy je nutnost fundament\u00e1ln\u00ed zm\u011bny \u017eivotn\u00edch n\u00e1vyk\u016f a preferenc\u00ed, p\u0159i\u010dem\u017e ter\u010dem jeho kritiky je sou\u010dasn\u00e1 ekologicky a soci\u00e1ln\u011b devastuj\u00edc\u00ed ekonomika a \u017eivotn\u00ed styl bohat\u0161\u00ed \u010d\u00e1sti sv\u011bta. <\/p>\n\n<p><em><strong>Jeden\u00e1ctka nejlep\u0161\u00edch knih, kter\u00e9 jsme \u010detli v roce 2019 je za n\u00e1mi. Je ale mo\u017en\u00e9, \u017ee chcete dostat tip\u016f v\u00edc. To samoz\u0159ejm\u011b nen\u00ed probl\u00e9m. Jak\u00fdkoli z n\u00ed\u017ee uveden\u00fdch titul\u016f bude ur\u010dit\u011b chloubou va\u0161\u00ed knihovny a ur\u010dit\u011b pro v\u00e1s bude inspirac\u00ed pro dal\u0161\u00ed p\u0159em\u00fd\u0161len\u00ed o sv\u011bt\u011b, ekologii, aktivismu, klimatick\u00e9 zm\u011bn\u011b a nespo\u010dtu dal\u0161\u00edch zaj\u00edmav\u00fdch t\u00e9mat. <\/strong><\/em><\/p>\n\n<ul class=\"wp-block-list\"><li>Falter: Has the Human Game Begun to Play Itself Out? (Bill McKibben, MacMillan Publishers, 2019)<\/li><li>On Fire: The (Burning) Case for a Green New Deal (Naomi Klein, Simon &amp; Schuster, 2019)<\/li><li>V kapitalismu, proti kapitalismu, za hranice kapitalismu (James Holloway, Neklid, 2019)<\/li><li>This Is Not A Drill: An Extinction Rebellion Handbook (ER, Penguin Books, 2019)<\/li><li>Out of the Wreckage: A New Politics for an Age of Crisis ( George Monbiot, Verso Books, 2018)<\/li><li>Dead Zone: Where the Wild Things Were (Philip Lymbery, Bloomsbury Publishing, 2017)<\/li><li>Drawdown: The Most Comprehensive Plan Ever Proposed to Reverse Global Warming (Paul Hawken, Penguin Books, 2017)<\/li><li>The Water Will Come: Rising Seas, Sinking Cities, and the Remaking of the Civilized World (Jeff Goodell, Little Brown, 2017)<\/li><li>Strangers in Their Own Land: Anger and Mourning on the American Right (Arlie Russell Hochschild, New Press, 2016)<\/li><li>Rules for Revolutionaires: How Big Organizing Can Change Everything (Becky Bond, Zack Exley, Chelsea Green Publishing, 2016)<\/li><li>Don&#8217;t Even Think About It: Why Our Brains Are Wired to Ignore Climate Change (George Marshall, Bloomsbury USA, 2015)<\/li><li>After Sustainability: Denial, Hope, Retrieval (John Foster, Routledge, 2014)<\/li><li>This Changes Everything: Capitalism vs. the Climate (Naomi Klein, Simon &amp; Schuster, 2014)<\/li><li>Mal\u00e9 pojedn\u00e1n\u00ed o poklidn\u00e9m ner\u016fstu (Serge Latouche, Za trat\u00ed, 2012)<\/li><li>Living in Denial: Climate Change, Emotions, and Everyday Life (Kari Marie Norgaard, MIT Press, 2011)<\/li><li>The World in 2050: Four Forces Shaping Civilization&#8217;s Northern Future (Laurence C. Smith, Dutton, 2010)<\/li><li>Whole Earth Discipline: An Ecopragmatist Manifesto (Stewart Brand, Viking Press, 2009)<\/li><li>Green Metropolis: What the City Can Teach the Country About True Sustainability  (David Owen, Riverhead, 2009)<\/li><li>Kde pen\u00edze jsou slu\u017eebn\u00edkem, nikoliv p\u00e1nem (Na\u010fa Johanisov\u00e1, Stehl\u00edk, 2008)<\/li><li>Sv\u011btov\u00e9 slune\u010dn\u00ed hospod\u00e1\u0159stv\u00ed (Herman Scheer, Eurosolar, 2004)<\/li><li>Slune\u010dn\u00ed strategie: Politika bez alternativy (Herman Scheer, Nov\u00e1 Zem\u011b, 1999)<\/li><\/ul>\n\n<p><\/p>\n","protected":false},"excerpt":{"rendered":"<p>Rok 2019 p\u0159inesl \u00fasp\u011bchy, prohry, neuv\u011b\u0159iteln\u011b mnoho nov\u00fdch a spoustu opakuj\u00edc\u00edch se \u010dinnost\u00ed. Krom starosti o na\u0161e rodiny, chozen\u00ed do pr\u00e1ce, sportu, dovolen\u00fdch, protest\u016f a pl\u00e1nov\u00e1n\u00ed jsme v minul\u00e9m roce tak\u00e9 \u010detli skv\u011bl\u00e9 knihy a chceme o radost z nich s v\u00e1mi pod\u011blit. A nejde jen o knihy, kter\u00e9 jsme \u010detli my. Po\u017e\u00e1dali jsme toti\u017e o doporu\u010den\u00ed obl\u00edben\u00fdch titul\u016f i na\u0161e zn\u00e1m\u00e9, a tak se ve v\u00fdb\u011bru se\u0161lo v\u00edc ne\u017e t\u0159i des\u00edtky knih. Jeden\u00e1ct nejnov\u011bj\u0161\u00edch a nej\u010dast\u011bji zmi\u0148ovan\u00fdch v\u00e1m p\u0159edstav\u00edme bl\u00ed\u017e a ze zbytku si ur\u010dit\u011b dok\u00e1\u017eete vybrat sami. P\u0159ejeme inspirativn\u00ed \u010detbu, p\u0159\u00edjemnou pohovku a v\u011b\u0159\u00edme, \u017ee si na kn\u00ed\u017eky najdete \u010das. <\/p>\n","protected":false},"author":41,"featured_media":5576,"comment_status":"open","ping_status":"closed","sticky":false,"template":"","format":"standard","meta":{"ep_exclude_from_search":false,"p4_og_title":"Nejlep\u0161\u00ed knihy, kter\u00e9 jsme v Greenpeace \u010detli v roce 2019","p4_og_description":"<p><strong><em data-rich-text-format-boundary=\"true\">Rok 2019 p\u0159inesl \u00fasp\u011bchy, prohry, neuv\u011b\u0159iteln\u011b mnoho nov\u00fdch a spoustu opakuj\u00edc\u00edch se \u010dinnost\u00ed. Krom starosti o na\u0161e rodiny, chozen\u00ed do pr\u00e1ce, sportu, dovolen\u00fdch, protest\u016f a pl\u00e1nov\u00e1n\u00ed jsme v minul\u00e9m roce tak\u00e9 \u010detli skv\u011bl\u00e9 knihy a chceme o radost z nich s v\u00e1mi pod\u011blit. A nejde jen o knihy, kter\u00e9 jsme \u010detli my. Po\u017e\u00e1dali jsme toti\u017e o doporu\u010den\u00ed obl\u00edben\u00fdch titul\u016f i na\u0161e zn\u00e1m\u00e9, a tak se ve v\u00fdb\u011bru se\u0161lo v\u00edc ne\u017e t\u0159i des\u00edtky knih. Jeden\u00e1ct nejnov\u011bj\u0161\u00edch a nej\u010dast\u011bji zmi\u0148ovan\u00fdch v\u00e1m p\u0159edstav\u00edme bl\u00ed\u017e a ze zbytku si ur\u010dit\u011b dok\u00e1\u017eete vybrat sami. P\u0159ejeme inspirativn\u00ed \u010detbu, p\u0159\u00edjemnou pohovku a v\u011b\u0159\u00edme, \u017ee si na kn\u00ed\u017eky najdete \u010das. <\/em><\/strong><\/p>","p4_og_image":"https:\/\/www.greenpeace.org\/static\/planet4-czech-republic-stateless\/2020\/01\/009cd998-img_8994-scaled.jpg","p4_og_image_id":"5576","p4_seo_canonical_url":"","p4_campaign_name":"not set","p4_local_project":"","p4_basket_name":"not set","p4_department":"","footnotes":""},"categories":[30],"tags":[20,22,24,25],"p4-page-type":[16],"class_list":["post-5567","post","type-post","status-publish","format-standard","has-post-thumbnail","hentry","category-greenpeace","tag-zmena-klimatu","tag-setrimeplanetu","tag-aktivni-spolecnost","tag-konec-doby-fosilni","p4-page-type-clanek"],"_links":{"self":[{"href":"https:\/\/www.greenpeace.org\/czech\/wp-json\/wp\/v2\/posts\/5567","targetHints":{"allow":["GET"]}}],"collection":[{"href":"https:\/\/www.greenpeace.org\/czech\/wp-json\/wp\/v2\/posts"}],"about":[{"href":"https:\/\/www.greenpeace.org\/czech\/wp-json\/wp\/v2\/types\/post"}],"author":[{"embeddable":true,"href":"https:\/\/www.greenpeace.org\/czech\/wp-json\/wp\/v2\/users\/41"}],"replies":[{"embeddable":true,"href":"https:\/\/www.greenpeace.org\/czech\/wp-json\/wp\/v2\/comments?post=5567"}],"version-history":[{"count":12,"href":"https:\/\/www.greenpeace.org\/czech\/wp-json\/wp\/v2\/posts\/5567\/revisions"}],"predecessor-version":[{"id":5597,"href":"https:\/\/www.greenpeace.org\/czech\/wp-json\/wp\/v2\/posts\/5567\/revisions\/5597"}],"wp:featuredmedia":[{"embeddable":true,"href":"https:\/\/www.greenpeace.org\/czech\/wp-json\/wp\/v2\/media\/5576"}],"wp:attachment":[{"href":"https:\/\/www.greenpeace.org\/czech\/wp-json\/wp\/v2\/media?parent=5567"}],"wp:term":[{"taxonomy":"category","embeddable":true,"href":"https:\/\/www.greenpeace.org\/czech\/wp-json\/wp\/v2\/categories?post=5567"},{"taxonomy":"post_tag","embeddable":true,"href":"https:\/\/www.greenpeace.org\/czech\/wp-json\/wp\/v2\/tags?post=5567"},{"taxonomy":"p4-page-type","embeddable":true,"href":"https:\/\/www.greenpeace.org\/czech\/wp-json\/wp\/v2\/p4-page-type?post=5567"}],"curies":[{"name":"wp","href":"https:\/\/api.w.org\/{rel}","templated":true}]}}