{"id":5914,"date":"2020-02-26T15:47:57","date_gmt":"2020-02-26T14:47:57","guid":{"rendered":"https:\/\/www.greenpeace.org\/czech\/?p=5914"},"modified":"2023-12-05T10:37:55","modified_gmt":"2023-12-05T09:37:55","slug":"kritika-medii-za-popirani-vlivu-klimatickych-zmen-na-australske-pozary","status":"publish","type":"post","link":"https:\/\/www.greenpeace.org\/czech\/magazin\/5914\/kritika-medii-za-popirani-vlivu-klimatickych-zmen-na-australske-pozary\/","title":{"rendered":"Kritika m\u00e9di\u00ed za pop\u00edr\u00e1n\u00ed vlivu klimatick\u00fdch zm\u011bn na australsk\u00e9 po\u017e\u00e1ry"},"content":{"rendered":"\n<p>James Murdoch, syn tiskov\u00e9ho magn\u00e1ta Ruperta Murdocha, ve\u0159ejn\u011b kritizoval m\u00e9dia vlastn\u011bn\u00e1 jeho rodinou za \u201epokra\u010duj\u00edc\u00ed pop\u00edr\u00e1n\u00ed\u201c souvislosti klimatick\u00e9 zm\u011bny s&nbsp;po\u017e\u00e1ry v&nbsp;Austr\u00e1lii. Murdoch star\u0161\u00ed vlastn\u00ed v Austr\u00e1lii zhruba 70 procent v\u0161ech m\u00edstn\u00edch m\u00e9di\u00ed. V \u010desk\u00e9m kontextu se o ekoloz\u00edch jako o \u201ezelen\u00fdch bol\u0161evic\u00edch\u201c vyjad\u0159uj\u00ed nap\u0159\u00edklad n\u011bkte\u0159\u00ed auto\u0159i na serveru Echo24.cz \u010di serveru info.cz, kter\u00fd vlastn\u00ed uhlobaron Daniel K\u0159et\u00ednsk\u00fd.<\/p>\n\n<hr class=\"wp-block-separator\"\/>\n\n<p><strong><a href=\"https:\/\/www.greenpeace.org\/czech\/greenpeace-magazin\/\">V\u0161echny \u010dl\u00e1nky z aktu\u00e1ln\u00edho vyd\u00e1n\u00ed<\/a><\/strong><\/p>\n","protected":false},"excerpt":{"rendered":"<p>James Murdoch, syn tiskov\u00e9ho magn\u00e1ta Ruperta Murdocha, ve\u0159ejn\u011b kritizoval m\u00e9dia vlastn\u011bn\u00e1 jeho rodinou za \u201epokra\u010duj\u00edc\u00ed pop\u00edr\u00e1n\u00ed\u201c souvislosti klimatick\u00e9 zm\u011bny s\u00a0po\u017e\u00e1ry v\u00a0Austr\u00e1lii. Murdoch star\u0161\u00ed vlastn\u00ed v Austr\u00e1lii zhruba 70 procent v\u0161ech&hellip;<\/p>\n","protected":false},"author":37,"featured_media":5915,"comment_status":"open","ping_status":"closed","sticky":false,"template":"","format":"standard","meta":{"ep_exclude_from_search":false,"p4_og_title":"","p4_og_description":"","p4_og_image":"","p4_og_image_id":"","p4_seo_canonical_url":"","p4_campaign_name":"not set","p4_local_project":"","p4_basket_name":"not set","p4_department":"","footnotes":""},"categories":[3],"tags":[],"p4-page-type":[35],"class_list":["post-5914","post","type-post","status-publish","format-standard","has-post-thumbnail","hentry","category-nas-svet","p4-page-type-magazin"],"_links":{"self":[{"href":"https:\/\/www.greenpeace.org\/czech\/wp-json\/wp\/v2\/posts\/5914","targetHints":{"allow":["GET"]}}],"collection":[{"href":"https:\/\/www.greenpeace.org\/czech\/wp-json\/wp\/v2\/posts"}],"about":[{"href":"https:\/\/www.greenpeace.org\/czech\/wp-json\/wp\/v2\/types\/post"}],"author":[{"embeddable":true,"href":"https:\/\/www.greenpeace.org\/czech\/wp-json\/wp\/v2\/users\/37"}],"replies":[{"embeddable":true,"href":"https:\/\/www.greenpeace.org\/czech\/wp-json\/wp\/v2\/comments?post=5914"}],"version-history":[{"count":5,"href":"https:\/\/www.greenpeace.org\/czech\/wp-json\/wp\/v2\/posts\/5914\/revisions"}],"predecessor-version":[{"id":6075,"href":"https:\/\/www.greenpeace.org\/czech\/wp-json\/wp\/v2\/posts\/5914\/revisions\/6075"}],"wp:featuredmedia":[{"embeddable":true,"href":"https:\/\/www.greenpeace.org\/czech\/wp-json\/wp\/v2\/media\/5915"}],"wp:attachment":[{"href":"https:\/\/www.greenpeace.org\/czech\/wp-json\/wp\/v2\/media?parent=5914"}],"wp:term":[{"taxonomy":"category","embeddable":true,"href":"https:\/\/www.greenpeace.org\/czech\/wp-json\/wp\/v2\/categories?post=5914"},{"taxonomy":"post_tag","embeddable":true,"href":"https:\/\/www.greenpeace.org\/czech\/wp-json\/wp\/v2\/tags?post=5914"},{"taxonomy":"p4-page-type","embeddable":true,"href":"https:\/\/www.greenpeace.org\/czech\/wp-json\/wp\/v2\/p4-page-type?post=5914"}],"curies":[{"name":"wp","href":"https:\/\/api.w.org\/{rel}","templated":true}]}}