{"id":6194,"date":"2020-04-06T15:22:53","date_gmt":"2020-04-06T13:22:53","guid":{"rendered":"https:\/\/www.greenpeace.org\/czech\/?p=6194"},"modified":"2021-12-01T13:31:40","modified_gmt":"2021-12-01T12:31:40","slug":"pokracujeme-v-kampanich-a-chranime-vodu-vzduch-i-klima-pred-znecistovateli-kteri-jsou-v-dobe-epidemie-aktivni","status":"publish","type":"post","link":"https:\/\/www.greenpeace.org\/czech\/clanek\/6194\/pokracujeme-v-kampanich-a-chranime-vodu-vzduch-i-klima-pred-znecistovateli-kteri-jsou-v-dobe-epidemie-aktivni\/","title":{"rendered":"Pokra\u010dujeme v kampan\u00edch a chr\u00e1n\u00edme vodu, vzduch i klima p\u0159ed zne\u010di\u0161\u0165ovateli, kte\u0159\u00ed jsou v dob\u011b epidemie aktivn\u00ed"},"content":{"rendered":"\n<p><strong>Posledn\u00edch p\u00e1r t\u00fddn\u016f zm\u011bnilo to, jak jako spole\u010dnost fungujeme. Hodnoty a principy, na kter\u00fdch je postaveno i Greenpeace, jako jsou ohleduplnost, solidarita, schopnost spolupr\u00e1ce a rychl\u00e1 reakce v m\u011bn\u00edc\u00edch se podm\u00ednk\u00e1ch, ale t\u0159eba i odvaha ke zm\u011bn\u00e1m, jsou nyn\u00ed d\u016fle\u017eit\u011bj\u0161\u00ed ne\u017e kdykoliv p\u0159edt\u00edm. Proto jsme \u0161\u0165astn\u00ed, \u017ee po cel\u00e9m sv\u011bt\u011b <\/strong> <strong>m\u016f\u017eeme vid\u011bt obrovskou vlnu solidarity. Je jasn\u00e9, \u017ee spole\u010dn\u011b dok\u00e1\u017eeme p\u0159ekon\u00e1vat obrovsk\u00e9 p\u0159ek\u00e1\u017eky.<\/strong><\/p>\n\n<p>\u0160\u00ed\u0159en\u00ed koronaviru v \u010cesk\u00e9 republice n\u00e1s v Greenpeace postavilo p\u0159ed dilema. A rozhodli jsme se do ur\u010dit\u00e9 m\u00edry pom\u00e1hat i mimo n\u00e1\u0161 z\u00e1b\u011br organizace zam\u011b\u0159en\u00e9 na ochranu \u017eivotn\u00edho prost\u0159ed\u00ed, kdy\u017e to neubl\u00ed\u017e\u00ed na\u0161im st\u00e1vaj\u00edc\u00edm kampan\u00edm. N\u011bkte\u0159\u00ed z n\u00e1s se proto v\u011bnovali \u0161it\u00ed rou\u0161ek, nyn\u00ed p\u0159ipravujeme online p\u0159edn\u00e1\u0161ky a prom\u00edt\u00e1n\u00ed film\u016f a r\u016fzn\u00e9 dal\u0161\u00ed digit\u00e1ln\u00ed projekty a mo\u017en\u00e1 u\u017e jste sly\u0161eli, \u017ee navazujeme spolupr\u00e1ci i s iniciativou <a href=\"https:\/\/sousedskapomoc.cz\/\">Sousedsk\u00e1 pomoc<\/a>, kter\u00e9 se sna\u017e\u00edme p\u0159edat na\u0161e zku\u0161enosti s organizov\u00e1n\u00edm dobrovolnick\u00fdch aktivit. <\/p>\n\n<p>Je u\u017e te\u010f jasn\u00e9, \u017ee mnoho z na\u0161ich pl\u00e1n\u016f pot\u0159ebujeme upravit nebo posunout. Sou\u010dasn\u00e1 situace se dotkne i kampan\u011b za ochranu klimatu, kter\u00e1 je pro Greenpeace glob\u00e1ln\u00ed prioritou. Nebudeme ale kampan\u011b vzd\u00e1vat a nebudeme je ru\u0161it. Sou\u010dasn\u00e1 situace \u201epomohla\u201c cel\u00e9mu glob\u00e1ln\u00edmu hnut\u00ed se je\u0161t\u011b v\u00edce semknout. P\u0159esunuli jsme se v\u00edce do online prostoru, budujeme online komunity, rozv\u00edj\u00edme online aktivismus, <a href=\"https:\/\/www.greenpeace.org\/czech\/clanek\/6200\/za-klimu-sa-prvy-raz-strajkovalo-online-do-akcie-fridays-for-future-sa-zapojilo-niekolko-stoviek-ludi\/\">st\u00e1vkujeme za klima online<\/a>, nab\u00edz\u00edme na\u0161e know how i vybaven\u00ed ostatn\u00edm a spole\u010dn\u011b s partnery hled\u00e1me cesty k dal\u0161\u00edm krok\u016fm.<\/p>\n\n<figure class=\"wp-block-image size-large  caption-style-blue-overlay caption-alignment-center\"><img loading=\"lazy\" decoding=\"async\" width=\"960\" height=\"638\" src=\"https:\/\/www.greenpeace.org\/static\/planet4-czech-republic-stateless\/2020\/04\/b827321b-foto1.png\" alt=\"\" class=\"wp-image-6196\" srcset=\"https:\/\/www.greenpeace.org\/static\/planet4-czech-republic-stateless\/2020\/04\/b827321b-foto1.png 960w, https:\/\/www.greenpeace.org\/static\/planet4-czech-republic-stateless\/2020\/04\/b827321b-foto1-300x199.png 300w, https:\/\/www.greenpeace.org\/static\/planet4-czech-republic-stateless\/2020\/04\/b827321b-foto1-768x510.png 768w, https:\/\/www.greenpeace.org\/static\/planet4-czech-republic-stateless\/2020\/04\/b827321b-foto1-510x340.png 510w\" sizes=\"auto, (max-width: 960px) 100vw, 960px\" \/><\/figure>\n\n<p>A ud\u00e1losti posledn\u00edch t\u00fddn\u016f ukazuj\u00ed, \u017ee by byla chyba kv\u016fli epidemii vykl\u00edzet pozice. Pod rou\u0161kou koronaviru se toti\u017e velc\u00ed zne\u010di\u0161\u0165ovatel\u00e9 \u010di politici sna\u017e\u00ed prosadit zm\u011bny, kter\u00e9 maj\u00ed negativn\u00ed vliv na \u017eivotn\u00ed prost\u0159ed\u00ed \u010di \u017eivoty lid\u00ed. Z posledn\u00ed doby m\u00e1me hned t\u0159i p\u0159\u00edpady, kdy jsme museli hned jednat. <\/p>\n\n<ul class=\"wp-block-list\"><li> Epidemie se je\u0161t\u011b ani nerozjela a premi\u00e9r Andrej Babi\u0161 a ministr pr\u016fmyslu a obchodu Karel Havl\u00ed\u010dek se nechali sly\u0161et, \u017ee kv\u016fli koronaviru by Evropsk\u00e1 unie m\u011bla zapomenout Evropskou zelenou dohodu, jej\u00ed\u017e <a href=\"https:\/\/www.greenpeace.org\/czech\/clanek\/6148\/prijmeme-green-new-deal-zelena-dohoda-pomuze-ekonomice-v-dobe-po-koronaviru\/\">p\u0159ijet\u00ed je absolutn\u011b nezbytn\u00e9 pro ochranu klimatu<\/a>. Jejich v\u00fdroky jsme kritizovali a vlna kritiky p\u0159esko\u010dila z \u010ceska i do zahrani\u010d\u00ed. Ve sv\u00e9m p\u0159\u00edstupu z\u016fstali na\u0161t\u011bst\u00ed \u010de\u0161t\u00ed politici v Evrop\u011b osamocen\u00ed. Podpo\u0159ilo je jen Polsko, kter\u00e9 p\u0159ineslo vlastn\u00ed absurdn\u00ed n\u00e1vrh &#8211; zru\u0161en\u00ed evropsk\u00fdch emisn\u00edch povolenek. Na n\u00e1sledn\u00e9m jedn\u00e1n\u00ed l\u00eddr\u016f evropsk\u00fdch st\u00e1t\u016f v\u0161ak \u010cesk\u00e1 republika i Polsko u\u017e vychladly a podepsaly, \u017ee je pot\u0159eba p\u0159ipravovat nezbytn\u00e1 opat\u0159en\u00ed <a href=\"https:\/\/denikreferendum.cz\/clanek\/30993-babis-uhnul-a-podporil-evropskou-klimatickou-politiku-tauz-ale-celi-kritice--\">\u201ek&nbsp;udr\u017eiteln\u00e9mu r\u016fstu, p\u0159i\u010dem\u017e by&nbsp;m\u011bly b\u00fdt zohledn\u011bny mimo jin\u00e9 aspekty zelen\u00e9 a&nbsp;digit\u00e1ln\u00ed transformace\u201c<\/a>. <\/li><li>Polsk\u00e9 \u00fa\u0159ady mezit\u00edm povolily dal\u0161\u00ed t\u011b\u017ebu hn\u011bd\u00e9ho uhl\u00ed na 6 let na dole Tur\u00f3w, kter\u00fd le\u017e\u00ed na \u010desko-n\u011bmecko-polsk\u00e9 hranici a u\u017e nyn\u00ed <a href=\"https:\/\/www.greenpeace.org\/czech\/clanek\/5969\/jake-je-to-ocitnout-se-na-suchu-3-pohledy-lidi-kteri-sousedi-s-uhelnym-dolem\/\">krade vodu lidem na Liberecku<\/a>. T\u00edmto procesem obe\u0161la t\u011b\u017eebn\u00ed firma PGE jak nesouhlas \u010cesk\u00e9 republiky s t\u011b\u017ebou, tak evropskou legislativu. <a href=\"https:\/\/www.greenpeace.org\/czech\/tiskova-zprava\/6141\/dobre-utajene-rozhodnuti-polske-urady-prodlouzily-tezbu-na-dole-turow-organizace-greenpeace-se-obraci-na-soud\/\">Upozornili jsme na to<\/a> a podali jsme st\u00ed\u017enost k p\u0159\u00edslu\u0161n\u00e9mu polsk\u00e9mu soudu. Z\u00e1rove\u0148 jsme otev\u0159en\u00fdm dopisem vyzvali ministra \u017eivotn\u00edho prost\u0159ed\u00ed Richarda Brabce, aby se postavil za m\u00edstn\u00ed lidi a p\u0159ipravil <a href=\"https:\/\/www.greenpeace.org\/czech\/tiskova-zprava\/6166\/organizace-greenpeace-vyzvala-vladu-aby-zazalovala-polsko-kvuli-rozsirovani-kontroverzniho-dolu-turow\/\">\u017ealobu na Polsko u Evropsk\u00e9ho soudn\u00edho dvoru<\/a>. Mimo to si na po\u010d\u00edn\u00e1n\u00ed PGE st\u011b\u017eujeme u Evropsk\u00e9 komise sami a ji\u017e d\u0159\u00edve jsme spolu s Libereck\u00fdm krajem a m\u00edstn\u00edmi obcemi <a href=\"https:\/\/www.greenpeace.org\/czech\/tiskova-zprava\/5963\/mistni-lide-z-liberecka-odvezli-do-bruselu-petici-proti-rozsireni-polskeho-dolu-turow-obavaji-ztraty-vody\/\">zorganizovali petici k Evropsk\u00e9mu parlamentu<\/a>, kterou podepsalo 13 tis\u00edc lid\u00ed p\u0159ev\u00e1\u017en\u011b z Liberecka. Peti\u010dn\u00ed v\u00fdbor ji m\u011bl p\u016fvodn\u011b projedn\u00e1vat u\u017e na sv\u00e9m b\u0159eznov\u00e9m zased\u00e1n\u00ed v urgentn\u00edm re\u017eimu, ale jedn\u00e1n\u00ed bylo kv\u016fli koronaviru odlo\u017eeno na pozd\u011bji.<\/li><li> \u010cesk\u00e1 polost\u00e1tn\u00ed firma \u010cEZ si v t\u011bchto dnech za\u017e\u00e1dala o v\u00fdjimky z emisn\u00edch limit\u016f pro ochranu ovzdu\u0161\u00ed hned pro n\u011bkolik sv\u00fdch uheln\u00fdch elektr\u00e1ren. V\u011bt\u0161inou se t\u00fdkaj\u00ed vypou\u0161t\u011bn\u00ed nebezpe\u010dn\u00e9 a vysoce toxick\u00e9 rtuti. \u010cEZ sice argumentuje t\u00edm, \u017ee pot\u0159ebuje \u010das na instalaci nov\u00fdch filtra\u010dn\u00edch technologi\u00ed, ov\u0161em nap\u0159\u00edklad <a href=\"https:\/\/www.greenpeace.org\/czech\/tiskova-zprava\/6173\/cez-chce-vypoustet-z-pocerad-4x-vice-rtuti-nez-dovoluje-limit-na-ochranu-zdravi\/\">u elektr\u00e1rny Po\u010derady \u017e\u00e1d\u00e1 o mo\u017enost vypou\u0161t\u011bt a\u017e \u010dty\u0159ikr\u00e1t v\u00edce rtuti<\/a>, ne\u017e povoluje limit, a\u017e do roku 2025. Do \u0159\u00edzen\u00ed o v\u00fdjimk\u00e1ch jsme se proto ihned zapojili, abychom chr\u00e1nili \u010dist\u00e9 ovzdu\u0161\u00ed.  <\/li><\/ul>\n\n<p>V\u00edme, \u017ee situace je v\u00e1\u017en\u00e1, ale nechceme si vyb\u00edrat mezi \u0159e\u0161en\u00edm koronavirov\u00e9 a klimatick\u00e9 krize, nechceme, abychom si museli vyb\u00edrat mezi zdrav\u00edm lid\u00ed a \u010dist\u00fdm \u017eivotn\u00edm prost\u0159ed\u00edm. Spole\u010dn\u011b m\u00e1me neuv\u011b\u0159itelnou s\u00edlu a m\u016f\u017eeme zvl\u00e1dnout oboj\u00ed. To v\u0161e je ale spojeno i s n\u00e1klady nav\u00edc, proto m\u00e1me nal\u00e9havou prosbu.<\/p>\n\n<p class=\"has-text-align-center\"><strong><a rel=\"noreferrer noopener\" href=\"https:\/\/e-activist.com\/ea-action\/enclick?ea.url.id=4649665&amp;clid=1848&amp;ea.campaigner.email=vgRuJYXAKLtT6FEq72ijfvpry8k%2Ftm1X1XNd5xn0KII=&amp;ea.campaigner.id=1m8vIjpU0rmzFWMrHGgntg==&amp;ea_broadcast_target_id=0\" target=\"_blank\">Podpo\u0159 kampa\u0148 \u201eSPOLU PRO KLIMA\u201c a pomoz n\u00e1m pokra\u010dovat v ochran\u011b klimatu.<\/a><\/strong><\/p>\n\n<p>Greenpeace je hlavn\u011b o s\u00edle organizovan\u00fdch lid\u00ed a jako hnut\u00ed te\u010f nem\u016f\u017eeme pracovat stejn\u011b jako p\u0159edt\u00edm. Bereme to jako v\u00fdzvu, proto\u017ee nesm\u00edme nechat politiky ani korporace, aby mimo hled\u00e1\u010dek m\u00e9di\u00ed a pod rou\u0161kou krize i nad\u00e1le drancovali p\u0159\u00edrodu a ne\u010dinili \u017e\u00e1dn\u00e9 dal\u0161\u00ed d\u016fle\u017eit\u00e9 kroky pro p\u0159\u00edrodu i ochranu klimatu. Nechceme d\u011blat \u017e\u00e1dn\u00e9 kompromisy v \u017e\u00e1dn\u00e9 z na\u0161ich kampan\u00ed, kter\u00e1 chr\u00e1n\u00ed lidi, p\u0159\u00edrodu i planetu.<\/p>\n\n<p class=\"has-text-align-center\"><a rel=\"noreferrer noopener\" href=\"https:\/\/e-activist.com\/ea-action\/enclick?ea.url.id=4649665&amp;clid=1848&amp;ea.campaigner.email=vgRuJYXAKLtT6FEq72ijfvpry8k%2Ftm1X1XNd5xn0KII=&amp;ea.campaigner.id=1m8vIjpU0rmzFWMrHGgntg==&amp;ea_broadcast_target_id=0\" target=\"_blank\"><strong>Podpo\u0159 SPOLU PRO KLIMA a pomoz n\u00e1m tuto d\u016fle\u017eitou kampa\u0148 transformovat tak, aby st\u00e1le m\u011bla smysl i dopad.<\/strong><\/a><\/p>\n\n<p>M\u00e1me na tebe je\u0161t\u011b jednu prosbu. Ani v t\u00e9to situaci nezapom\u00ednej na to, na \u010dem ti z\u00e1le\u017e\u00ed a najdi si chvilku na ty, kte\u0159\u00ed te\u010f mo\u017en\u00e1 nejsou \u00fapln\u011b vid\u011bt. Hnut\u00ed, neziskov\u00e9 organizace a nadace st\u00e1le pokra\u010duj\u00ed ve sv\u00e9 pr\u00e1ci a budou t\u011b pot\u0159ebovat. Lid\u00e9 z neziskov\u00e9ho sektoru toho te\u010f kv\u016fli koronaviru <a href=\"https:\/\/osf.cz\/2020\/03\/18\/neziskovky-a-dalsi-iniciativy-v-boji-proti-koronaviru\/\">d\u011blaj\u00ed mnohem v\u00edc ne\u017e d\u0159\u00edv<\/a>.<\/p>\n\n<p>Spole\u010dn\u011b to zvl\u00e1dneme!<\/p>\n<div class=\"EmptyMessage\">Block content is empty. Check the block&#8217;s settings or remove it.<\/div>","protected":false},"excerpt":{"rendered":"<p>Posledn\u00edch p\u00e1r t\u00fddn\u016f zm\u011bnilo to, jak jako spole\u010dnost fungujeme. Hodnoty a principy na kter\u00fdch je postaveno i Greenpeace, jako jsou ohleduplnost, solidarita, schopnost spolupr\u00e1ce a rychl\u00e1 reakce v m\u011bn\u00edc\u00edch se&hellip;<\/p>\n","protected":false},"author":27,"featured_media":6196,"comment_status":"open","ping_status":"closed","sticky":false,"template":"","format":"standard","meta":{"ep_exclude_from_search":false,"p4_og_title":"","p4_og_description":"","p4_og_image":"","p4_og_image_id":"","p4_seo_canonical_url":"","p4_campaign_name":"not set","p4_local_project":"","p4_basket_name":"not set","p4_department":"","footnotes":""},"categories":[3],"tags":[19,20,24,25,27],"p4-page-type":[16],"class_list":["post-6194","post","type-post","status-publish","format-standard","has-post-thumbnail","hentry","category-nas-svet","tag-ovzdusi","tag-zmena-klimatu","tag-aktivni-spolecnost","tag-konec-doby-fosilni","tag-podporuji-greenpeace","p4-page-type-clanek"],"_links":{"self":[{"href":"https:\/\/www.greenpeace.org\/czech\/wp-json\/wp\/v2\/posts\/6194","targetHints":{"allow":["GET"]}}],"collection":[{"href":"https:\/\/www.greenpeace.org\/czech\/wp-json\/wp\/v2\/posts"}],"about":[{"href":"https:\/\/www.greenpeace.org\/czech\/wp-json\/wp\/v2\/types\/post"}],"author":[{"embeddable":true,"href":"https:\/\/www.greenpeace.org\/czech\/wp-json\/wp\/v2\/users\/27"}],"replies":[{"embeddable":true,"href":"https:\/\/www.greenpeace.org\/czech\/wp-json\/wp\/v2\/comments?post=6194"}],"version-history":[{"count":6,"href":"https:\/\/www.greenpeace.org\/czech\/wp-json\/wp\/v2\/posts\/6194\/revisions"}],"predecessor-version":[{"id":15561,"href":"https:\/\/www.greenpeace.org\/czech\/wp-json\/wp\/v2\/posts\/6194\/revisions\/15561"}],"wp:featuredmedia":[{"embeddable":true,"href":"https:\/\/www.greenpeace.org\/czech\/wp-json\/wp\/v2\/media\/6196"}],"wp:attachment":[{"href":"https:\/\/www.greenpeace.org\/czech\/wp-json\/wp\/v2\/media?parent=6194"}],"wp:term":[{"taxonomy":"category","embeddable":true,"href":"https:\/\/www.greenpeace.org\/czech\/wp-json\/wp\/v2\/categories?post=6194"},{"taxonomy":"post_tag","embeddable":true,"href":"https:\/\/www.greenpeace.org\/czech\/wp-json\/wp\/v2\/tags?post=6194"},{"taxonomy":"p4-page-type","embeddable":true,"href":"https:\/\/www.greenpeace.org\/czech\/wp-json\/wp\/v2\/p4-page-type?post=6194"}],"curies":[{"name":"wp","href":"https:\/\/api.w.org\/{rel}","templated":true}]}}