{"id":6229,"date":"2020-04-15T14:00:33","date_gmt":"2020-04-15T12:00:33","guid":{"rendered":"https:\/\/www.greenpeace.org\/czech\/?p=6229"},"modified":"2021-12-01T13:31:38","modified_gmt":"2021-12-01T12:31:38","slug":"nova-data-pocerady-a-chvaletice-loni-vypustily-stejne-co2-jako-ctyri-miliony-osobnich-aut","status":"publish","type":"post","link":"https:\/\/www.greenpeace.org\/czech\/tiskova-zprava\/6229\/nova-data-pocerady-a-chvaletice-loni-vypustily-stejne-co2-jako-ctyri-miliony-osobnich-aut\/","title":{"rendered":"Nov\u00e1 data: Po\u010derady a Chvaletice loni vypustily stejn\u011b CO2 jako \u010dty\u0159i miliony osobn\u00edch aut"},"content":{"rendered":"\n<p><strong>P\u0159es 4,7 milionu tun oxidu uhli\u010dit\u00e9ho &#8211; hlavn\u00edho sklen\u00edkov\u00e9ho plynu, kter\u00fd m\u011bn\u00ed glob\u00e1ln\u00ed klima &#8211; vypustila minul\u00fd rok do atmosf\u00e9ry uheln\u00e1 elektr\u00e1rna Po\u010derady, a op\u011bt se tak stala jeho nejv\u011bt\u0161\u00edm tuzemsk\u00fdm zdrojem. Elektr\u00e1rnu provozuje \u010cEZ, ale od roku 2024 ji m\u00e1 p\u0159evz\u00edt nov\u00fd vlastn\u00edk, skupina Sev.en Energy Pavla Tyka\u010de. Ukazuj\u00ed to <a href=\"https:\/\/ec.europa.eu\/clima\/sites\/clima\/files\/ets\/registry\/docs\/verified_emissions_2019.xlsx\">nejnov\u011bj\u0161\u00ed data ze syst\u00e9mu obchodov\u00e1n\u00ed s emisn\u00edmi povolenkami, kter\u00e1 ov\u011b\u0159ila a aktu\u00e1ln\u011b zve\u0159ejnila Evropsk\u00e1 komise<\/a><\/strong>.<\/p>\n\n<p>Druh\u00fdm nejv\u011bt\u0161\u00edm zdrojem byla elektr\u00e1rna \u010cEZ Tu\u0161imice s 4,7 miliony tun CO<sub>2<\/sub> a t\u0159et\u00ed elektr\u00e1rna V\u0159esov\u00e1 (vlastn\u011bn\u00e1 Sokolovskou uhelnou) s 3,9 miliony tun CO<sub>2<\/sub>. Elektr\u00e1rna Chvaletice, pat\u0159\u00edc\u00ed do skupiny Sev.en Energy, vypustila 3,7 milion\u016f tun CO<sub>2<\/sub>. Jen zastaral\u00e9 uheln\u00e9 elektr\u00e1rny Po\u010derady a Chvaletice tak loni vypustily dohromady 8,4 milion\u016f tun CO<sub>2<\/sub>, tedy p\u0159ibli\u017en\u011b stejn\u011b jako 4 miliony osobn\u00edch aut.<\/p>\n\n<figure class=\"wp-block-image size-large is-resized  caption-style-blue-overlay caption-alignment-center\"><img loading=\"lazy\" decoding=\"async\" src=\"https:\/\/www.greenpeace.org\/static\/planet4-czech-republic-stateless\/2018\/10\/01c5dc14-01c5dc14-pocerady-cut.jpg\" title=\"Elektr\u00e1rna Po\u010derady\" alt=\"Elektr\u00e1rna Po\u010derady\" class=\"wp-image-871\" width=\"937\" height=\"527\" srcset=\"https:\/\/www.greenpeace.org\/static\/planet4-czech-republic-stateless\/2018\/10\/01c5dc14-01c5dc14-pocerady-cut.jpg 800w, https:\/\/www.greenpeace.org\/static\/planet4-czech-republic-stateless\/2018\/10\/01c5dc14-01c5dc14-pocerady-cut-300x169.jpg 300w, https:\/\/www.greenpeace.org\/static\/planet4-czech-republic-stateless\/2018\/10\/01c5dc14-01c5dc14-pocerady-cut-768x432.jpg 768w, https:\/\/www.greenpeace.org\/static\/planet4-czech-republic-stateless\/2018\/10\/01c5dc14-01c5dc14-pocerady-cut-510x287.jpg 510w\" sizes=\"auto, (max-width: 937px) 100vw, 937px\" \/><figcaption>Elektr\u00e1rna Po\u010derady<\/figcaption><\/figure>\n\n<p>\u010cesko je <a href=\"https:\/\/ember-climate.org\/project\/ets-2019-release\/\">v r\u00e1mci EU t\u0159et\u00ed nejv\u011bt\u0161\u00ed zne\u010di\u0161\u0165ovatel<\/a> spalov\u00e1n\u00edm uhl\u00ed pro v\u00fdrobu energie. Se 44 miliony tun CO<sub>2<\/sub> v roce 2019 jsme s velk\u00fdm odstupem p\u0159ed \u010dtvrt\u00fdm Bulharskem s 24 miliony tun. Na prvn\u00edm m\u00edst\u011b je N\u011bmecko (kter\u00e9 v\u0161ak m\u00e1 ji\u017e pl\u00e1n na rychl\u00fd \u00fatlum uhl\u00ed a konec jeho spalov\u00e1n\u00ed nejpozd\u011bji v roce 2038) a na druh\u00e9m Polsko.&nbsp;<\/p>\n\n<p>Nejv\u011bt\u0161\u00edm zdrojem CO<sub>2<\/sub> v EU je ob\u0159\u00ed polsk\u00e1 hn\u011bdouheln\u00e1 elektr\u00e1rna Belchat\u00f3w, kter\u00e1 vypustila 32,7 milionu tun CO<sub>2<\/sub>. <a href=\"https:\/\/ember-climate.org\/project\/ets-2019-release\/\">V prvn\u00ed des\u00edtce zne\u010di\u0161\u0165ovatel\u016f<\/a> je osm hn\u011bdouheln\u00fdch zdroj\u016f (1 polsk\u00fd, 6 n\u011bmeck\u00fdch a 1 bulharsk\u00fd), 1 \u010dernouheln\u00e1 elektr\u00e1rna a na 9. m\u00edst\u011b pak leteck\u00e1 spole\u010dnost Ryanair.&nbsp;&nbsp;<\/p>\n\n<p><strong>Ji\u0159\u00ed Ko\u017eelouh, vedouc\u00ed programu Energie, klima a odpady Hnut\u00ed DUHA, \u0159ekl:<\/strong><br><em>\u201cUzav\u0159en\u00ed pl\u00fdtvav\u00fdch uheln\u00fdch elektr\u00e1ren Po\u010derady a Chvaletice by srazilo emise oxidu uhli\u010dit\u00e9ho stejn\u011b, jako kdyby v \u010cesku p\u0159estaly jezdit \u010dty\u0159i miliony osobn\u00edch aut. P\u0159itom odstavit zastaral\u00e9 elektr\u00e1rny by pouze sn\u00ed\u017eilo ob\u0159\u00ed export elekt\u0159iny z \u010cR. Uheln\u00e1 komise by se m\u011bla vr\u00e1tit k virtu\u00e1ln\u00edmu jednac\u00edmu stolu a d\u00e1le p\u0159ipravovat pl\u00e1n \u00fatlumu a konce spalov\u00e1n\u00ed uhl\u00ed v \u010cR.\u201d&nbsp;<\/em><\/p>\n\n<p><strong>Luk\u00e1\u0161 Hr\u00e1bek, tiskov\u00fd mluv\u010d\u00ed Greenpeace, \u0159ekl:&nbsp;<\/strong><br><em>\u201cFirma \u010cEZ m\u016f\u017ee v n\u00e1sleduj\u00edc\u00edch letech provoz elektr\u00e1rny Po\u010derady, kter\u00e1 je nejv\u011bt\u0161\u00edm zdrojem nejen sklen\u00edkov\u00fdch plyn\u016f, ale i nebezpe\u010dn\u00e9 a toxick\u00e9 rtuti, v\u00fdrazn\u011b omezit. O nic j\u00ed nejde, elektr\u00e1rnu prodala a ekonomicky je pro ni sp\u00ed\u0161 z\u00e1t\u011b\u017e\u00ed. M\u00edsto toho si ale firma po\u017e\u00e1dala o nesmysln\u011b dlouhou v\u00fdjimku z emisn\u00edch limit\u016f pro rtu\u0165 a\u017e do poloviny roku 2025, aby mohla elektr\u00e1rnu pou\u017e\u00edvat d\u00e1l p\u0159i pln\u00e9m provozu.\u201d<\/em><\/p>\n<div class=\"EmptyMessage\">Block content is empty. Check the block&#8217;s settings or remove it.<\/div>","protected":false},"excerpt":{"rendered":"<p>P\u0159es 4,7 milionu tun oxidu uhli\u010dit\u00e9ho &#8211; hlavn\u00edho sklen\u00edkov\u00e9ho plynu, kter\u00fd m\u011bn\u00ed glob\u00e1ln\u00ed klima &#8211; vypustila minul\u00fd rok do atmosf\u00e9ry uheln\u00e1 elektr\u00e1rna Po\u010derady, a op\u011bt se tak stala jeho nejv\u011bt\u0161\u00edm&hellip;<\/p>\n","protected":false},"author":27,"featured_media":871,"comment_status":"open","ping_status":"closed","sticky":false,"template":"","format":"standard","meta":{"ep_exclude_from_search":false,"p4_og_title":"","p4_og_description":"","p4_og_image":"","p4_og_image_id":"","p4_seo_canonical_url":"","p4_campaign_name":"not set","p4_local_project":"","p4_basket_name":"not set","p4_department":"","footnotes":""},"categories":[2],"tags":[20,25,34],"p4-page-type":[14],"class_list":["post-6229","post","type-post","status-publish","format-standard","has-post-thumbnail","hentry","category-priroda","tag-zmena-klimatu","tag-konec-doby-fosilni","tag-uhelnakomise","p4-page-type-tiskova-zprava"],"_links":{"self":[{"href":"https:\/\/www.greenpeace.org\/czech\/wp-json\/wp\/v2\/posts\/6229","targetHints":{"allow":["GET"]}}],"collection":[{"href":"https:\/\/www.greenpeace.org\/czech\/wp-json\/wp\/v2\/posts"}],"about":[{"href":"https:\/\/www.greenpeace.org\/czech\/wp-json\/wp\/v2\/types\/post"}],"author":[{"embeddable":true,"href":"https:\/\/www.greenpeace.org\/czech\/wp-json\/wp\/v2\/users\/27"}],"replies":[{"embeddable":true,"href":"https:\/\/www.greenpeace.org\/czech\/wp-json\/wp\/v2\/comments?post=6229"}],"version-history":[{"count":4,"href":"https:\/\/www.greenpeace.org\/czech\/wp-json\/wp\/v2\/posts\/6229\/revisions"}],"predecessor-version":[{"id":15557,"href":"https:\/\/www.greenpeace.org\/czech\/wp-json\/wp\/v2\/posts\/6229\/revisions\/15557"}],"wp:featuredmedia":[{"embeddable":true,"href":"https:\/\/www.greenpeace.org\/czech\/wp-json\/wp\/v2\/media\/871"}],"wp:attachment":[{"href":"https:\/\/www.greenpeace.org\/czech\/wp-json\/wp\/v2\/media?parent=6229"}],"wp:term":[{"taxonomy":"category","embeddable":true,"href":"https:\/\/www.greenpeace.org\/czech\/wp-json\/wp\/v2\/categories?post=6229"},{"taxonomy":"post_tag","embeddable":true,"href":"https:\/\/www.greenpeace.org\/czech\/wp-json\/wp\/v2\/tags?post=6229"},{"taxonomy":"p4-page-type","embeddable":true,"href":"https:\/\/www.greenpeace.org\/czech\/wp-json\/wp\/v2\/p4-page-type?post=6229"}],"curies":[{"name":"wp","href":"https:\/\/api.w.org\/{rel}","templated":true}]}}