{"id":6250,"date":"2020-04-16T13:37:12","date_gmt":"2020-04-16T11:37:12","guid":{"rendered":"https:\/\/www.greenpeace.org\/czech\/?p=6250"},"modified":"2021-12-01T13:31:37","modified_gmt":"2021-12-01T12:31:37","slug":"ekologicke-organizace-si-stezuji-na-podjatost-usteckeho-kraje-resi-vyjimky-pro-cez-kteremu-se-zavazal-pomahat","status":"publish","type":"post","link":"https:\/\/www.greenpeace.org\/czech\/tiskova-zprava\/6250\/ekologicke-organizace-si-stezuji-na-podjatost-usteckeho-kraje-resi-vyjimky-pro-cez-kteremu-se-zavazal-pomahat\/","title":{"rendered":"Ekologick\u00e9 organizace si st\u011b\u017euj\u00ed na podjatost \u00dasteck\u00e9ho kraje. \u0158e\u0161\u00ed v\u00fdjimky pro \u010cEZ, kter\u00e9mu se zav\u00e1zal pom\u00e1hat"},"content":{"rendered":"\n<p><strong>Organizace Greenpeace a Hnut\u00ed Duha dnes podaly tzv. <\/strong><a href=\"https:\/\/www.greenpeace.org\/static\/planet4-czech-republic-stateless\/2020\/04\/551ed719-n\u00e1mitka-podjatosti_po\u010derady_final.pdf\">n\u00e1mitku podjatosti<\/a><strong>, kterou \u017e\u00e1daj\u00ed ministerstvo \u017eivotn\u00edho prost\u0159ed\u00ed, aby vylou\u010dilo \u00fa\u0159edn\u00edky krajsk\u00e9ho \u00fa\u0159adu \u00dasteck\u00e9ho kraje z rozhodov\u00e1n\u00ed o \u017e\u00e1dostech spole\u010dnosti \u010cEZ. Ta v b\u0159eznu po\u017e\u00e1dala tento \u00fa\u0159ad o povolen\u00ed v\u00fdjimek z limitu ochrany ovzdu\u0161\u00ed p\u0159ed zne\u010di\u0161t\u011bn\u00edm rtut\u00ed pro sv\u00e9 hn\u011bdouheln\u00e9 elektr\u00e1rny Po\u010derady, Prun\u00e9\u0159ov, Tu\u0161imice a Ledvice a pro velkou tepl\u00e1rnu Trmice.<\/strong><\/p>\n\n<p>Ekologick\u00e9 organizace zjistily, \u017ee \u00dasteck\u00fd kraj m\u00e1 s firmou \u010cEZ ji\u017e od roku 2011 uzav\u0159enou st\u00e1le platnou a \u00fa\u010dinnou \u201c<a href=\"https:\/\/www.kr-ustecky.cz\/assets\/File.ashx?id_org=450018&amp;id_dokumenty=1720042\">R\u00e1mcovou smlouvu o spolupr\u00e1ci<\/a>\u201d, podle kter\u00e9 se kraj zav\u00e1zal \u201c<strong><em>v r\u00e1mci sv\u00e9 samostatn\u00e9 p\u016fsobnosti napom\u00e1hat obnov\u011b vybran\u00fdch uheln\u00fdch elektr\u00e1ren \u010cEZ na \u00fazem\u00ed Kraje\u201d<\/em><\/strong> a <strong><em>\u201ckonat kroky podporuj\u00edc\u00ed investi\u010dn\u00ed z\u00e1m\u011bry \u010cEZ <\/em><\/strong><em>p\u0159in\u00e1\u0161ej\u00edc\u00ed sn\u00ed\u017een\u00ed environment\u00e1ln\u00ed z\u00e1t\u011b\u017ee a zaji\u0161t\u011bn\u00ed dlouhodob\u00e9 stability energetick\u00e9ho z\u00e1sobov\u00e1n\u00ed na \u00fazem\u00ed Kraje\u201d.<\/em> Kraj a \u010cEZ z\u0159\u00eddily spole\u010dnou \u201cenergetickou komisi\u201d, kter\u00e1 na sv\u00e9m posledn\u00edm jedn\u00e1n\u00ed v \u00fanoru 2020 projedn\u00e1vala mimo jin\u00e9 <em>\u201c<a href=\"https:\/\/www.kr-ustecky.cz\/vismo\/dokumenty2.asp?id_org=450018&amp;id=1741358&amp;n=energeticka%2Dkomise%2Da%2Dnbsp%2Dcez%2Dhodnotily%2Dplneni%2Duzavrene%2Dramcove%2Dsmlouvy%2Do%2Dnbsp%2Dspolupraci%2Dza%2Dnbsp%2Drok%2D2019&amp;p1=85858\">pl\u00e1n Skupiny \u010cEZ dos\u00e1hnout souladu parametr\u016f zdroj\u016f na \u00fazem\u00ed kraje<\/a> s nov\u00fdmi limity BAT platn\u00fdmi od roku 2021\u201d, <\/em>kter\u00fd se podan\u00fdch \u017e\u00e1dost\u00ed o v\u00fdjimku bezprost\u0159edn\u011b t\u00fdk\u00e1.<\/p>\n\n<figure class=\"wp-block-image size-large  caption-style-blue-overlay caption-alignment-center\"><img loading=\"lazy\" decoding=\"async\" width=\"1024\" height=\"768\" src=\"https:\/\/www.greenpeace.org\/static\/planet4-czech-republic-stateless\/2019\/06\/9a2a12e4-gp018zm-1024x768.jpg\" title=\"Prunerov Power Station in Czech Republic. \u00a9 Greenpeace \/ Kate Davison\" alt=\"Prunerov Power Station in Czech Republic. \u00a9 Greenpeace \/ Kate Davison\" class=\"wp-image-3539\" srcset=\"https:\/\/www.greenpeace.org\/static\/planet4-czech-republic-stateless\/2019\/06\/9a2a12e4-gp018zm-1024x768.jpg 1024w, https:\/\/www.greenpeace.org\/static\/planet4-czech-republic-stateless\/2019\/06\/9a2a12e4-gp018zm-300x225.jpg 300w, https:\/\/www.greenpeace.org\/static\/planet4-czech-republic-stateless\/2019\/06\/9a2a12e4-gp018zm-768x576.jpg 768w, https:\/\/www.greenpeace.org\/static\/planet4-czech-republic-stateless\/2019\/06\/9a2a12e4-gp018zm-453x340.jpg 453w, https:\/\/www.greenpeace.org\/static\/planet4-czech-republic-stateless\/2019\/06\/9a2a12e4-gp018zm.jpg 1200w\" sizes=\"auto, (max-width: 1024px) 100vw, 1024px\" \/><figcaption>Elektr\u00e1rna Prun\u00e9\u0159ov. Ilustra\u010dn\u00ed foto<div class=\"credit icon-left\"> \u00a9 Greenpeace \/ Kate Davison<\/div><\/figcaption><\/figure>\n\n<p>Z ve\u0159ejn\u00fdch zdroj\u016f pak vypl\u00fdv\u00e1, \u017ee \u00dasteck\u00fd kraj a j\u00edm z\u0159izovan\u00e9 organizace dost\u00e1vaj\u00ed od \u010cEZu a jeho dce\u0159in\u00fdch spole\u010dnost\u00ed ka\u017edoro\u010dn\u011b <a href=\"https:\/\/www.kr-ustecky.cz\/vismo\/dokumenty2.asp?id_org=450018&amp;id=1730129&amp;n=skupina%2Dcez%2Dv%2Droce%2D2018%2Dopet%2Dpodporila%2Dprojekty%2Dusteckeho%2Dkraje\">v\u011bcn\u00e9 i finan\u010dn\u00ed dary ve v\u00fd\u0161i des\u00edtek milion\u016f korun<\/a>. <\/p>\n\n<p>Podle <a href=\"https:\/\/www.kr-ustecky.cz\/vismo\/dokumenty2.asp?id_org=450018&amp;id=1730129&amp;n=skupina%2Dcez%2Dv%2Droce%2D2018%2Dopet%2Dpodporila%2Dprojekty%2Dusteckeho%2Dkraje\">\u00a7 14 spr\u00e1vn\u00edho \u0159\u00e1du<\/a> ka\u017ed\u00e1 \u00fa\u0159edn\u00ed osoba <em>\u201co n\u00ed\u017e lze d\u016fvodn\u011b p\u0159edpokl\u00e1dat, \u017ee m\u00e1 s ohledem na sv\u016fj pom\u011br k v\u011bci, k \u00fa\u010dastn\u00edk\u016fm \u0159\u00edzen\u00ed nebo jejich z\u00e1stupc\u016fm takov\u00fd z\u00e1jem na v\u00fdsledku \u0159\u00edzen\u00ed, pro n\u011bj\u017e lze pochybovat o jej\u00ed nepodjatosti, je vylou\u010dena ze v\u0161ech \u00fakon\u016f v \u0159\u00edzen\u00ed\u201d. <\/em>S ohledem na popsan\u00fd intenzivn\u00ed vztah \u00dasteck\u00e9ho kraje k firm\u011b \u010cEZ by z rozhodov\u00e1n\u00ed o jej\u00edch \u017e\u00e1dostech m\u011bli b\u00fdt vylou\u010den\u00ed v\u0161ichni \u00fa\u0159edn\u00edci krajsk\u00e9ho \u00fa\u0159adu. Pokud M\u017dP dnes podan\u00e9 n\u00e1mitce organizac\u00ed Greenpeace a Hnut\u00ed DUHA vyhov\u00ed, bude muset ur\u010dit jin\u00fd krajsk\u00fd \u00fa\u0159ad, kter\u00fd o v\u00fdjimk\u00e1ch rozhodne.<\/p>\n\n<p>N\u00e1mitku syst\u00e9mov\u00e9 podjatosti podala organizace Greenpeace ji\u017e d\u0159\u00edve i v p\u0159\u00edpad\u011b \u017e\u00e1dosti o v\u00fdjimku z limit\u016f pro zne\u010di\u0161t\u011bn\u00ed ovzdu\u0161\u00ed u elektr\u00e1rny Chvaletice pat\u0159\u00edc\u00ed do uheln\u00e9ho imp\u00e9ria Pavla Tyka\u010de. V tomto p\u0159\u00edpad\u011b ov\u0161em podjatost nebyla z\u0159ejm\u00e1 od za\u010d\u00e1tku, ale vznikla a\u017e v pr\u016fb\u011bhu \u0159\u00edzen\u00ed. Ministerstvo \u017eivotn\u00edho prost\u0159ed\u00ed potvrdilo, \u017ee \u00fa\u0159edn\u00edci krajsk\u00e9ho \u00fa\u0159adu Pardubick\u00e9ho kraje jsou podjat\u00ed a v \u0159\u00edzen\u00ed proto <a href=\"https:\/\/www.greenpeace.org\/czech\/tiskova-zprava\/5324\/o-vyjimce-pro-chvaletice-budou-rozhodovat-urednici-v-olomouci-mzp-potvrdilo-podjatost-pardubickeho-kraje\/\">nyn\u00ed pokra\u010duje Krajsk\u00fd \u00fa\u0159ad Olomouck\u00e9ho kraje<\/a>.<\/p>\n\n<p>D\u00e9lku a rozsah navrhovan\u00e9 v\u00fdjimky pro provoz elektr\u00e1rny Po\u010derady, kter\u00e1 je o rok a p\u016fl del\u0161\u00ed ne\u017e pl\u00e1novan\u00e1 \u017eivotnost elektr\u00e1rny a term\u00edn p\u0159ed\u00e1n\u00ed zdroje nov\u00e9mu majiteli, firm\u011b Sev.en Energy, ji\u017e d\u0159\u00edve ozna\u010dily organizace Greenpeace a Hnut\u00ed DUHA za nep\u0159ijatelnou (8). Nav\u00edc je podle nich \u00dasteck\u00fd kraj podjat\u00fd i v\u016f\u010di nov\u00e9mu vlastn\u00edkovi elektr\u00e1rny. Asistent v\u00fdkonn\u00e9ho \u0159editele skupiny Sev.En Energy Pavel Farka\u010d vystupuje ve\u00a02. pracovn\u00ed skupin\u011b vl\u00e1dn\u00ed Uheln\u00e9 komise jako ofici\u00e1ln\u00ed z\u00e1stupce \u00dasteck\u00e9ho kraje.<\/p>\n\n<p><strong>Jan Rovensk\u00fd z Greenpeace \u0159ekl:<\/strong><br><em>\u201cV pr\u00e1vn\u00edm st\u00e1t\u011b je samo o sob\u011b pochybn\u00e9, pokud org\u00e1n ve\u0159ejn\u00e9 spr\u00e1vy uzav\u0159e z\u00e1vaznou smlouvu se soukromou firmou, ve kter\u00e9 se zavazuje podporovat jej\u00ed investi\u010dn\u00ed z\u00e1m\u011bry a n\u00e1sledn\u011b od n\u00ed ka\u017edoro\u010dn\u011b za\u010dne br\u00e1t desetimilionov\u00e9 dary. Naprosto nep\u0159\u00edpustn\u00e9 a skand\u00e1ln\u00ed ov\u0161em je, aby \u00fa\u0159edn\u00edci tohoto org\u00e1nu rozhodovali o z\u00e1jmech takto sp\u0159\u00edzn\u011bn\u00e9 firmy ve spr\u00e1vn\u00edm \u0159\u00edzen\u00ed. Krajsk\u00fd \u00fa\u0159ad \u00dasteck\u00e9ho kraje je nyn\u00ed v rozhodov\u00e1n\u00ed o \u017e\u00e1dostech podan\u00fdch spole\u010dnost\u00ed \u010cEZ podjat\u00fd tak masivn\u00edm zp\u016fsobem, \u017ee to snad ani nelze rozporovat. Od dot\u010den\u00fdch \u00fa\u0159edn\u00edk\u016f bychom o\u010dek\u00e1vali, \u017ee budou soudn\u00ed a z rozhodov\u00e1n\u00ed se vylou\u010d\u00ed sami. Bohu\u017eel se tak nestalo, tak\u017ee jsme k tomu museli d\u00e1t podn\u011bt my.\u201d<\/em><\/p>\n\n<p><strong>Ji\u0159\u00ed Ko\u017eelouh z Hnut\u00ed DUHA \u0159ekl:\u00a0<\/strong><br><em>\u201cV \u017e\u00e1dostech o v\u00fdjimky jde o zdrav\u00ed lid\u00ed a stejn\u011b tak o ochranu klimatu. Je pot\u0159eba je posoudit co nejp\u0159\u00edsn\u011bji a zcela v souladu se z\u00e1konem. Pokud je tu velmi p\u00e1dn\u00fd d\u016fvod ob\u00e1vat se podjatosti \u00fa\u0159edn\u00edk\u016f na Krajsk\u00e9m \u00fa\u0159ad\u011b \u00dasteck\u00e9ho kraje, pak je na\u0161\u00ed povinnost\u00ed na to upozornit a \u017e\u00e1dat f\u00e9rov\u00e9 posouzen\u00ed jinde. V p\u0159\u00edpad\u011b Po\u010derad je v\u00fdjimka d\u016fle\u017eit\u00e1 hlavn\u011b pro nov\u00e9ho majitele, Pavla Tyka\u010de. A tam jde podjatost dokonce tak daleko, \u017ee zam\u011bstnanec Tyka\u010dovy Sev.en Energy zastupuje \u00dasteck\u00fd kraj v pracovn\u00ed skupin\u011b Uheln\u00e9 komise.<\/em>&#8222;<\/p>\n<div class=\"EmptyMessage\">Block content is empty. Check the block&#8217;s settings or remove it.<\/div>","protected":false},"excerpt":{"rendered":"<p>Organizace Greenpeace a Hnut\u00ed Duha dnes podaly tzv. n\u00e1mitku podjatosti (1), kterou \u017e\u00e1daj\u00ed ministerstvo \u017eivotn\u00edho prost\u0159ed\u00ed, aby vylou\u010dilo \u00fa\u0159edn\u00edky krajsk\u00e9ho \u00fa\u0159adu \u00dasteck\u00e9ho kraje z rozhodov\u00e1n\u00ed o \u017e\u00e1dostech spole\u010dnosti \u010cEZ. Ta&hellip;<\/p>\n","protected":false},"author":27,"featured_media":3539,"comment_status":"open","ping_status":"closed","sticky":false,"template":"","format":"standard","meta":{"ep_exclude_from_search":false,"p4_og_title":"","p4_og_description":"","p4_og_image":"","p4_og_image_id":"","p4_seo_canonical_url":"","p4_campaign_name":"not set","p4_local_project":"","p4_basket_name":"not set","p4_department":"","footnotes":""},"categories":[2],"tags":[19,25],"p4-page-type":[14],"class_list":["post-6250","post","type-post","status-publish","format-standard","has-post-thumbnail","hentry","category-priroda","tag-ovzdusi","tag-konec-doby-fosilni","p4-page-type-tiskova-zprava"],"_links":{"self":[{"href":"https:\/\/www.greenpeace.org\/czech\/wp-json\/wp\/v2\/posts\/6250","targetHints":{"allow":["GET"]}}],"collection":[{"href":"https:\/\/www.greenpeace.org\/czech\/wp-json\/wp\/v2\/posts"}],"about":[{"href":"https:\/\/www.greenpeace.org\/czech\/wp-json\/wp\/v2\/types\/post"}],"author":[{"embeddable":true,"href":"https:\/\/www.greenpeace.org\/czech\/wp-json\/wp\/v2\/users\/27"}],"replies":[{"embeddable":true,"href":"https:\/\/www.greenpeace.org\/czech\/wp-json\/wp\/v2\/comments?post=6250"}],"version-history":[{"count":5,"href":"https:\/\/www.greenpeace.org\/czech\/wp-json\/wp\/v2\/posts\/6250\/revisions"}],"predecessor-version":[{"id":15554,"href":"https:\/\/www.greenpeace.org\/czech\/wp-json\/wp\/v2\/posts\/6250\/revisions\/15554"}],"wp:featuredmedia":[{"embeddable":true,"href":"https:\/\/www.greenpeace.org\/czech\/wp-json\/wp\/v2\/media\/3539"}],"wp:attachment":[{"href":"https:\/\/www.greenpeace.org\/czech\/wp-json\/wp\/v2\/media?parent=6250"}],"wp:term":[{"taxonomy":"category","embeddable":true,"href":"https:\/\/www.greenpeace.org\/czech\/wp-json\/wp\/v2\/categories?post=6250"},{"taxonomy":"post_tag","embeddable":true,"href":"https:\/\/www.greenpeace.org\/czech\/wp-json\/wp\/v2\/tags?post=6250"},{"taxonomy":"p4-page-type","embeddable":true,"href":"https:\/\/www.greenpeace.org\/czech\/wp-json\/wp\/v2\/p4-page-type?post=6250"}],"curies":[{"name":"wp","href":"https:\/\/api.w.org\/{rel}","templated":true}]}}