{"id":6450,"date":"2019-04-29T12:05:00","date_gmt":"2019-04-29T10:05:00","guid":{"rendered":"https:\/\/www.greenpeace.org\/czech\/?p=6450"},"modified":"2021-12-01T13:32:31","modified_gmt":"2021-12-01T12:32:31","slug":"prakticky-navod-jak-se-nejen-v-dobe-koronavirove-pripravit-na-sucho","status":"publish","type":"post","link":"https:\/\/www.greenpeace.org\/czech\/clanek\/6450\/prakticky-navod-jak-se-nejen-v-dobe-koronavirove-pripravit-na-sucho\/","title":{"rendered":"Praktick\u00fd n\u00e1vod, jak se (nejen) v dob\u011b koronavirov\u00e9 p\u0159ipravit na sucho"},"content":{"rendered":"\n<p class=\"has-small-font-size\">\u010cl\u00e1nek se svolen\u00edm autorky p\u0159eb\u00edr\u00e1me ze <a href=\"http:\/\/blog.aktualne.cz\/blogy\/magdalena-davis.php?itemid=36590&amp;fbclid=IwAR39udxCGamJnWYpzo24zL6cNQgGy7hX_pItUqPI9YM3ewYBvnH_5ghayNc\">serveru Aktu\u00e1ln\u011b.cz<\/a><\/p>\n\n<p>Ti z v\u00e1s, kdo si \u010detli m\u016fj&nbsp;<a href=\"http:\/\/blog.aktualne.cz\/blogy\/magdalena-davis.php?itemid=36484\">minul\u00fd blogov\u00fd p\u0159\u00edsp\u011bvek<\/a>, v\u011bd\u00ed o m\u00fdch obav\u00e1ch ze sucha, kter\u00e9 na na\u0161\u00ed zemi kv\u016fli glob\u00e1ln\u00ed zm\u011bn\u011b klimatu brzy tvrd\u011b dopadne. V blogu jsem nast\u00ednila, jak by v dob\u011b po-koronavirov\u00e9 mohla \u010cesk\u00e1 republika vyu\u017e\u00edt nab\u00edzej\u00edc\u00ed se unik\u00e1tn\u00ed \u0161ance k transformaci na\u0161\u00ed spole\u010dnosti ekonomick\u00fdmi pob\u00eddkami sm\u011brem k udr\u017eiteln\u00e9 budoucnosti. T\u00fdk\u00e1 se to mimo jin\u00e9 i na\u0161\u00ed schopnosti lep\u0161\u00edho vyu\u017eit\u00ed vody, abychom neztratili sv\u016fj sou\u010dasn\u00fd \u017eivotn\u00ed standard.<\/p>\n\n<p>Nem\u00e1 smysl si nalh\u00e1vat, \u017ee boj se suchem lze vyhr\u00e1t bez zm\u011bny st\u00e1tn\u00ed politiky. Dokud nap\u0159\u00edklad st\u00e1t neza\u010dne p\u0159\u00edsn\u011b regulovat mno\u017estv\u00ed pesticid\u016f vyu\u017e\u00edvan\u00fdch v zem\u011bd\u011blstv\u00ed, na\u0161e&nbsp;<a href=\"https:\/\/nazory.aktualne.cz\/komentare\/sucho-uz-v-dubnu-vodu-v-krajine-neumime-zadrzet\/r~ddd9bd6a7e7411ea9c800cc47ab5f122\/\">krajina nikdy neob\u017eivne<\/a>&nbsp;a nebude zadr\u017eovat vodu. Postup sucha je ale mo\u017en\u00e9 zbrzdit odpov\u011bdn\u00fdm p\u0159\u00edstupem ka\u017ed\u00e9ho z n\u00e1s. A kdo v\u00ed &#8211; t\u0159eba pr\u00e1v\u011b t\u00edm z\u00edsk\u00e1me \u010das pro dal\u0161\u00ed generaci politick\u00fdch l\u00eddr\u016f, kte\u0159\u00ed situaci zm\u011bn\u00ed k lep\u0161\u00edmu. N\u00ed\u017ee proto nab\u00edz\u00edm n\u011bkolik p\u0159\u00edklad\u016f, jak m\u016f\u017eeme jako jednotlivci ke zlep\u0161en\u00ed situace p\u0159isp\u011bt.<\/p>\n\n<blockquote class=\"wp-block-quote is-layout-flow wp-block-quote-is-layout-flow\"><p>Postup sucha je mo\u017en\u00e9 zbrzdit odpov\u011bdn\u00fdm p\u0159\u00edstupem ka\u017ed\u00e9ho z n\u00e1s.<\/p><\/blockquote>\n\n<p><strong>Jako prvn\u00ed se nab\u00edz\u00ed to nejsnaz\u0161\u00ed<\/strong> \u2013 vodou nepl\u00fdtvat. T\u0159eba nenech\u00e1vat vodu t\u00e9ct, kdy\u017e si \u010dist\u00edme zuby. Nebo zbyte\u010dn\u011b neodt\u00e1\u010det vodu nevhodn\u00e9 teploty do v\u00fdlevky. P\u0159\u00edklad\u016f je \u0159ada a ur\u010dit\u011b m\u00e1te svoje vlastn\u00ed opat\u0159en\u00ed, kter\u00e1 u\u017e d\u00e1vno d\u011bl\u00e1te.<\/p>\n\n<p><strong>Za druh\u00e9<\/strong>, kdy\u017e u\u017e vodu skute\u010dn\u011b pot\u0159ebujeme, je dobr\u00e9 se zamyslet nad t\u00edm, jestli ji nen\u00ed mo\u017en\u00e9 n\u011bjak recyklovat, tedy pou\u017e\u00edt v\u00edcekr\u00e1t. T\u00edm se dost\u00e1v\u00e1me k problematice takzvan\u00e9 \u0161ed\u00e9 vody. Ka\u017ed\u00fdm oto\u010den\u00edm kohoutku proud\u00ed do na\u0161ich dom\u00e1cnost\u00ed pitn\u00e1 voda, kter\u00e1 se \u010dasto b\u011bhem p\u00e1r chvil prom\u011bn\u00ed v \u201eodpad\u201c, kter\u00fd n\u00e1sledn\u011b vypou\u0161t\u00edme do kanalizace. P\u0159itom pitn\u00e1 voda se st\u00e1v\u00e1 vodou odpadn\u00ed t\u0159eba jen t\u00edm, \u017ee v n\u00ed opl\u00e1chneme ovoce p\u0159ed j\u00eddlem, umyjeme si ruce, nebo se vysprchujeme. P\u0159itom to, co je pro n\u00e1s odpadem, je\u0161t\u011b m\u016f\u017ee dost dob\u0159e poslou\u017eit jinde.<\/p>\n\n<p>Pokud tedy m\u00e1te dostatek financ\u00ed a odvahy k tomu, abyste si rozkopali d\u016fm nebo byt a vybudovali v n\u011bm syst\u00e9m vodovodn\u00edch rozvod\u016f na \u0161edou vodu, nev\u00e1hejte. Va\u0161e investice bude odm\u011bn\u011bna nejen \u00fasporou vody, ale i zaslou\u017een\u00fdm pohodl\u00edm. Pro n\u00e1s ostatn\u00ed tak\u00e9 existuje \u0159e\u0161en\u00ed, i kdy\u017e o n\u011bco m\u00e9n\u011b pohodln\u00e9. Bude n\u00e1m k n\u011bmu sta\u010dit trochu odhodl\u00e1n\u00ed a p\u00e1r des\u00edtek korun na po\u0159\u00edzen\u00ed kbel\u00edku, lavoru \u010di v\u011bt\u0161\u00ed m\u00edsy. \u0160edou vodu m\u016f\u017eeme doma snadno a b\u011b\u017en\u011b j\u00edmat do zm\u00edn\u011bn\u00fdch n\u00e1dob, kdy\u017e si nad nimi nap\u0159\u00edklad budeme um\u00fdvat ovoce, zeleninu nebo ruce, a pak touhle vodou spl\u00e1chneme na toalet\u011b, zalejeme kv\u011btin\u00e1\u010de, zahr\u00e1dky nebo t\u0159eba jen stromy na ulici. Zjist\u00edte, \u017ee mno\u017estv\u00ed vody, kter\u00e9 takto denn\u011b vyprodukujeme a znovu pou\u017eijeme, je docela velk\u00e9. Kbel\u00edk vody denn\u011b ke ko\u0159en\u016fm stromu \u010di ke\u0159e p\u0159itom m\u016f\u017ee b\u00fdt v obdob\u00ed sucha rozd\u00edlem mezi \u017eivotem a uschnut\u00edm\u2026<\/p>\n\n<figure class=\"wp-block-image size-large  caption-style-blue-overlay caption-alignment-center\"><img loading=\"lazy\" decoding=\"async\" width=\"1024\" height=\"670\" src=\"https:\/\/www.greenpeace.org\/static\/planet4-czech-republic-stateless\/2020\/04\/5e619051-gp04osc-1024x670.jpg\" alt=\"\" class=\"wp-image-6452\" srcset=\"https:\/\/www.greenpeace.org\/static\/planet4-czech-republic-stateless\/2020\/04\/5e619051-gp04osc-1024x670.jpg 1024w, https:\/\/www.greenpeace.org\/static\/planet4-czech-republic-stateless\/2020\/04\/5e619051-gp04osc-300x196.jpg 300w, https:\/\/www.greenpeace.org\/static\/planet4-czech-republic-stateless\/2020\/04\/5e619051-gp04osc-768x503.jpg 768w, https:\/\/www.greenpeace.org\/static\/planet4-czech-republic-stateless\/2020\/04\/5e619051-gp04osc-510x334.jpg 510w, https:\/\/www.greenpeace.org\/static\/planet4-czech-republic-stateless\/2020\/04\/5e619051-gp04osc.jpg 1199w\" sizes=\"auto, (max-width: 1024px) 100vw, 1024px\" \/><figcaption>Zdrav\u00e1 zahradn\u00ed louka &#8211; ilustra\u010dn\u00ed fotografie<\/figcaption><\/figure>\n\n<p><strong>T\u0159et\u00edm opat\u0159en\u00edm<\/strong>, kter\u00e9 vy\u017eaduje je\u0161t\u011b m\u00e9n\u011b pr\u00e1ce, je p\u0159ehodnocen\u00ed vztahu k va\u0161emu anglick\u00e9mu tr\u00e1vn\u00edku, pokud ho tedy m\u00e1te. Jeho \u00fadr\u017eba &#8211; vyjma pravideln\u00e9ho sek\u00e1n\u00ed &#8211; toti\u017e&nbsp;<a href=\"http:\/\/www.vodazakladzivota.cz\/clanky\/40-domaci-vodni-hospodareni-kolik-vody-spolkne-zahrada\">vy\u017eaduje t\u00fddn\u011b p\u0159ibli\u017en\u011b 25 a\u017e 40 litr\u016f vody na metr \u010dtvere\u010dn\u00ed<\/a>. Vyn\u00e1sobte to rozlohou va\u0161\u00ed zahrady a po\u010dtem t\u00fddn\u016f, kdy mus\u00edte zal\u00e9vat a dostanete se na z\u00e1vratn\u00fd objem vody\u2026 . Co kdybyste si ale \u0159ekli, \u017ee, anglick\u00fd tr\u00e1vn\u00edk nemus\u00edte m\u00edt po cel\u00e9 plo\u0161e zahrady? Co kdybyste na jej\u00ed \u010d\u00e1sti p\u0159e\u0161li na jin\u00fd syst\u00e9m p\u00e9\u010de a nam\u00edsto sek\u00e1n\u00ed jednou za t\u00fdden sekali t\u0159eba jednou za m\u011bs\u00edc? Je to nepatrn\u00e1 zm\u011bna,&nbsp;<a href=\"https:\/\/ekolist.cz\/cz\/zelena-domacnost\/rady-a-navody\/v-lete-je-caste-sekani-a-zalevani-travniku-nerozum-tolik-nesekejte-a-nebudete-muset-tolik-zalevat\">ale se z\u00e1sadn\u00edm dopadem<\/a>. Jakmile toti\u017e p\u0159estanete tr\u00e1vn\u00edk ka\u017ed\u00fd t\u00fdden sekat, nebudete ho muset tolik zal\u00e9vat. Pro\u010d? Tr\u00e1vn\u00edk toti\u017e po posek\u00e1n\u00ed pot\u0159ebuje n\u00e1sledn\u011b energii a vodu na svou regeneraci. Ni\u017e\u0161\u00ed tr\u00e1vn\u00edk nav\u00edc nen\u00ed schopen chr\u00e1nit p\u016fdu p\u0159ed dopadaj\u00edc\u00edm slune\u010dn\u00edm z\u00e1\u0159en\u00edm a ztr\u00e1c\u00ed se tak p\u016fdn\u00ed vlhkost. Ka\u017ed\u00fd centimetr tr\u00e1vy se prost\u011b po\u010d\u00edt\u00e1. Pokud v\u00e1m tedy nebude vadit m\u00edt m\u00edsto 2 cm vysok\u00e9ho \u201eangli\u010d\u00e1ka\u201c tr\u00e1vn\u00edk s d\u00e9lkou st\u00e9bel t\u0159eba 5 -10 cm, pr\u00e1v\u011b jste v\u00fdznamn\u011b zredukovali spot\u0159ebu vody na sv\u00e9 zahrad\u011b. A pokud chcete b\u00fdt na sv\u00e9 zahrad\u011b za rebela, sekejte n\u011bjak\u00fd jej\u00ed kousek jen dvakr\u00e1t do roka. V ten moment u\u017e toti\u017e nebojujete pouze se suchem, ale i s \u00fabytkem hmyzu v na\u0161\u00ed krajin\u011b, proto\u017ee&nbsp;<a href=\"https:\/\/brozpetr.blog.respekt.cz\/motyli-louka-aneb-chtejme-kousek-prirody-v-kazdem-mestskem-parku\/\">umo\u017en\u00edte vznik mot\u00fdl\u00ed louky s \u0159adou kvetouc\u00edch rostlin<\/a>.<\/p>\n\n<p>B\u011bhem sucha ne\u017eivo\u0159\u00ed pouze rostliny, ale i v\u0161ichni \u017eivo\u010dichov\u00e9, od hmyzu a\u017e po pt\u00e1ky a savce. Je proto dobr\u00e9, kdy\u017e po zahrad\u011b vytvo\u0159\u00edte p\u00e1r p\u00edtek pro r\u016fzn\u00e9 \u017eivo\u010dichy. Sta\u010d\u00ed plastov\u00e1 miska schovan\u00e1 n\u011bkde na tr\u00e1vn\u00edku v rohu zahrady, kam p\u0159ilet\u00ed hmyz, u hromady v\u011btv\u00ed, kam zav\u00edt\u00e1 je\u017eek, nebo t\u0159eba zav\u011b\u0161en\u00e9 na v\u011btv\u00edch strom\u016f pro pt\u00e1ky. V\u017edy ale myslete na to, \u017ee je dobr\u00e9 do p\u00edtka vlo\u017eit v\u011btvi\u010dku, \u010di tam d\u00e1t t\u0159eba kousek l\u00e1tky nebo pletiva. To zaru\u010d\u00ed, \u017ee se va\u0161e p\u00edtko nestane nam\u00edsto o\u00e1zy \u017eivota z\u00e1ludnou smrt\u00edc\u00ed past\u00ed. \u010castokr\u00e1t se toti\u017e stane, \u017ee do p\u00edtka n\u011bkdo spadne a bez t\u00e9to drobnosti se z n\u011bj nem\u00e1 \u0161anci dostat (stejn\u011b tak je dobr\u00e9 na to myslet u sud\u016f s vodou a i do nich d\u00e1t v\u011btev nebo t\u0159eba pletivo\u2026).<\/p>\n\n<figure class=\"wp-block-image size-large  caption-style-blue-overlay caption-alignment-center\"><img loading=\"lazy\" decoding=\"async\" width=\"1024\" height=\"683\" src=\"https:\/\/www.greenpeace.org\/static\/planet4-czech-republic-stateless\/2020\/04\/d049b091-gp0str4wq-1024x683.jpg\" alt=\"\" class=\"wp-image-6453\" srcset=\"https:\/\/www.greenpeace.org\/static\/planet4-czech-republic-stateless\/2020\/04\/d049b091-gp0str4wq-1024x683.jpg 1024w, https:\/\/www.greenpeace.org\/static\/planet4-czech-republic-stateless\/2020\/04\/d049b091-gp0str4wq-300x200.jpg 300w, https:\/\/www.greenpeace.org\/static\/planet4-czech-republic-stateless\/2020\/04\/d049b091-gp0str4wq-768x512.jpg 768w, https:\/\/www.greenpeace.org\/static\/planet4-czech-republic-stateless\/2020\/04\/d049b091-gp0str4wq-510x340.jpg 510w, https:\/\/www.greenpeace.org\/static\/planet4-czech-republic-stateless\/2020\/04\/d049b091-gp0str4wq.jpg 1200w\" sizes=\"auto, (max-width: 1024px) 100vw, 1024px\" \/><figcaption>Zahradn\u00ed rybn\u00ed\u010dek &#8211; ilustra\u010dn\u00ed fotografie<\/figcaption><\/figure>\n\n<p><strong>Za \u010dtvrt\u00e9.<\/strong> Jestli m\u00e1te zahradu obehnanou zd\u00ed \u010di plotem, pak je dobr\u00e9 vysadit pop\u00ednav\u00e9 rostliny. Ty toti\u017e pomohou zast\u00ednit \u010d\u00e1st zahrady p\u0159ed sluncem a t\u00edm op\u011bt zmen\u0161it odpar. Nav\u00edc vytvo\u0159\u00edte dal\u0161\u00ed prostor, ve kter\u00e9m m\u016f\u017ee n\u011bco \u017e\u00edt. Tr\u00e1vn\u00edky jsou toti\u017e ve sv\u00e9 podstat\u011b mrtv\u00fdmi oblastmi \u2013 nic na nich nekvete a nic moc na nich ne\u017eije. Stejn\u011b tak se vyplat\u00ed v\u00fdsadba ke\u0159\u016f \u010di rovnou n\u011bkolika strom\u016f na nejv\u00edce oslun\u011bn\u00fdch m\u00edstech. T\u00edm vznikne p\u0159\u00edjemn\u00fd st\u00edn chr\u00e1n\u00edc\u00ed va\u0161i zahradu p\u0159ed suchem. Je z\u0159ejm\u00e9, \u017ee plody tohoto opat\u0159en\u00ed nebudete skl\u00edzet vy, ale va\u0161e d\u011bti \u010di jejich vnuci&#8230;<\/p>\n\n<p><strong>Za p\u00e1t\u00e9.<\/strong> Pokud m\u00e1te zahradu trochu v\u011bt\u0161\u00ed, pak zva\u017ete, jestli si nechcete v nevyu\u017e\u00edvan\u00e9m rohu vybudovat kompost. Ono to na prvn\u00ed pohled vypad\u00e1 pracn\u011b, ale uvid\u00edte, \u017ee to stoj\u00ed za to. Kompost v\u00e1m toti\u017e za\u010dne d\u00e1vat organickou hmotu, kterou m\u016f\u017eete vracet do p\u016fdy sv\u00e9 zahrady. A je to pr\u00e1v\u011b organick\u00e1 slo\u017eka, kter\u00e1 umo\u017e\u0148uje p\u016fd\u011b zadr\u017eovat v\u011bt\u0161\u00ed mno\u017estv\u00ed vody a t\u00edm zlep\u0161ovat podm\u00ednky pro v\u0161echno, co na va\u0161\u00ed zahrad\u011b roste. Nejenom \u017ee tak budete m\u00edt mo\u017enost, jak se zbavovat organick\u00e9ho odpadu bez nutnosti placen\u00ed poplatku za jeho svoz, ale nav\u00edc z\u00edsk\u00e1te cennou surovinu pro boj se suchem.<\/p>\n\n<p><strong>A za \u0161est\u00e9,<\/strong> pro opravdov\u00e9 zahradn\u00ed \u201egurm\u00e1ny\u201c se nab\u00edz\u00ed vybudov\u00e1n\u00ed zahradn\u00edho jez\u00edrka, do kter\u00e9ho svedete de\u0161\u0165ovou vodu ze st\u0159echy domu. Zahradn\u00ed jez\u00edrko je pro m\u00edstn\u00ed mikroklima naprosto neoceniteln\u00e9 a&nbsp;<a href=\"https:\/\/brozpetr.blog.respekt.cz\/prijdou-zaby-aneb-jak-jsme-si-vybudovali-zahradni-jezirko\/\">nav\u00edc funguje jako v\u00fdznamn\u00fd prvek obohacuj\u00edc\u00ed m\u00edstn\u00ed biodiverzitu<\/a>. Umo\u017e\u0148uje toti\u017e v zahrad\u011b \u017eivot druh\u016fm, kter\u00e9 nutn\u011b pot\u0159ebuj\u00ed vodn\u00ed plochu. Vyjma p\u0159\u00edjemn\u00e9ho chladu v jeho bl\u00edzkosti se tak m\u016f\u017eete t\u011b\u0161it na mno\u017estv\u00ed v\u00e1\u017eek, \u0161\u00eddel, ale t\u0159eba i \u017eab! Nav\u00edc z\u00edsk\u00e1te plochu, kde m\u016f\u017eete shroma\u017e\u010fovat de\u0161\u0165ovou vodu a t\u00edm ji zadr\u017eovat v na\u0161\u00ed krajin\u011b\u2026<\/p>\n\n<p>M\u00e1te dal\u0161\u00ed n\u00e1vrhy a rady, jak m\u016f\u017eeme jako jednotlivci bojovat s nastupuj\u00edc\u00edm suchem? Napi\u0161te je do koment\u00e1\u0159\u016f! R\u00e1da se nech\u00e1m inspirovat.<\/p>\n\n<hr class=\"wp-block-separator has-text-color has-background has-allports-background-color has-allports-color is-style-wide\"\/>\n\n<p class=\"has-small-font-size\">MAGDALENA DAVIS &#8211; <a href=\"https:\/\/twitter.com\/ZelenaDavis\">twitter<\/a><\/p>\n\n<p class=\"has-small-font-size\">Narozena 17. dubna 1976, sv\u00e9 d\u011btstv\u00ed pro\u017eila ve st\u0159edo\u010desk\u00e9m Mn\u00ed\u0161ku pod Brdy. Po studiu dob\u0159\u00ed\u0161sk\u00e9ho gymn\u00e1zia se zamilovala do oboru biologie, kter\u00fd ode\u0161la studovat na P\u0159\u00edrodov\u011bdeckou fakultu Univerzity Karlovy. Po absolvov\u00e1n\u00ed magistersk\u00e9ho studia z\u00edskala stipendium na University of Western Australia v australsk\u00e9m Perthu, kde n\u00e1sledn\u011b z\u00edskala doktorsk\u00fd titul. Ne\u017e se stala politi\u010dkou, p\u016fsobila jako biolo\u017eka a n\u00e1sledn\u011b mana\u017eerka v soukrom\u00e9 konzulta\u010dn\u00ed firm\u011b specializuj\u00edc\u00ed se na \u017eivotn\u00ed prost\u0159ed\u00ed. Do politiky se aktivn\u011b zapojila v roce 2014, kdy kandidovala do zastupitelstva rodn\u00e9ho Mn\u00ed\u0161ku pod Brdy a um\u00edstila se jako prvn\u00ed n\u00e1hradnice. Zastupitelkou se stala v roce 2016 po rezignaci jedn\u00e9 ze stranick\u00fdch kolegy\u0148. Od roku 2015 je \u010dlenkou Strany zelen\u00fdch, od ledna 2018 byla jej\u00ed prvn\u00ed m\u00edstop\u0159edsedkyn\u00ed, na\u010de\u017e se v lednu 2020 stala spolup\u0159edsedkyn\u00ed Zelen\u00fdch. V roce 2018 obh\u00e1jila zastupitelsk\u00fd mand\u00e1t v Mn\u00ed\u0161ku pod Brdy a stala se starostkou.<\/p>\n<div class=\"EmptyMessage\">Block content is empty. Check the block&#8217;s settings or remove it.<\/div>","protected":false},"excerpt":{"rendered":"<p>Ti z v\u00e1s, kdo si \u010detli m\u016fj&nbsp;minul\u00fd blogov\u00fd p\u0159\u00edsp\u011bvek, v\u011bd\u00ed o m\u00fdch obav\u00e1ch ze sucha, kter\u00e9 na na\u0161\u00ed zemi kv\u016fli glob\u00e1ln\u00ed zm\u011bn\u011b klimatu brzy tvrd\u011b dopadne. V blogu jsem nast\u00ednila,&hellip;<\/p>\n","protected":false},"author":31,"featured_media":6451,"comment_status":"open","ping_status":"closed","sticky":false,"template":"","format":"standard","meta":{"ep_exclude_from_search":false,"p4_og_title":"Praktick\u00fd n\u00e1vod, jak se (nejen) v dob\u011b koronavirov\u00e9 p\u0159ipravit na sucho","p4_og_description":"<p>Nem\u00e1 smysl si nalh\u00e1vat, \u017ee boj se suchem lze vyhr\u00e1t bez zm\u011bny st\u00e1tn\u00ed politiky. Dokud nap\u0159\u00edklad st\u00e1t neza\u010dne p\u0159\u00edsn\u011b regulovat mno\u017estv\u00ed pesticid\u016f vyu\u017e\u00edvan\u00fdch v zem\u011bd\u011blstv\u00ed, na\u0161e\u00a0<a href=\"https:\/\/nazory.aktualne.cz\/komentare\/sucho-uz-v-dubnu-vodu-v-krajine-neumime-zadrzet\/r~ddd9bd6a7e7411ea9c800cc47ab5f122\/\">krajina nikdy neob\u017eivne<\/a>\u00a0a nebude zadr\u017eovat vodu. Postup sucha je ale mo\u017en\u00e9 zbrzdit odpov\u011bdn\u00fdm p\u0159\u00edstupem ka\u017ed\u00e9ho z n\u00e1s. A kdo v\u00ed - t\u0159eba pr\u00e1v\u011b t\u00edm z\u00edsk\u00e1me \u010das pro dal\u0161\u00ed generaci politick\u00fdch l\u00eddr\u016f, kte\u0159\u00ed situaci zm\u011bn\u00ed k lep\u0161\u00edmu. N\u00ed\u017ee proto nab\u00edz\u00edm n\u011bkolik p\u0159\u00edklad\u016f, jak m\u016f\u017eeme jako jednotlivci ke zlep\u0161en\u00ed situace p\u0159isp\u011bt.<\/p>","p4_og_image":"https:\/\/www.greenpeace.org\/static\/planet4-czech-republic-stateless\/2020\/04\/54597452-gp0sts84u.jpg","p4_og_image_id":"6451","p4_seo_canonical_url":"","p4_campaign_name":"not set","p4_local_project":"not set","p4_basket_name":"not set","p4_department":"","footnotes":""},"categories":[2],"tags":[20,22],"p4-page-type":[16],"class_list":["post-6450","post","type-post","status-publish","format-standard","has-post-thumbnail","hentry","category-priroda","tag-zmena-klimatu","tag-setrimeplanetu","p4-page-type-clanek"],"_links":{"self":[{"href":"https:\/\/www.greenpeace.org\/czech\/wp-json\/wp\/v2\/posts\/6450","targetHints":{"allow":["GET"]}}],"collection":[{"href":"https:\/\/www.greenpeace.org\/czech\/wp-json\/wp\/v2\/posts"}],"about":[{"href":"https:\/\/www.greenpeace.org\/czech\/wp-json\/wp\/v2\/types\/post"}],"author":[{"embeddable":true,"href":"https:\/\/www.greenpeace.org\/czech\/wp-json\/wp\/v2\/users\/31"}],"replies":[{"embeddable":true,"href":"https:\/\/www.greenpeace.org\/czech\/wp-json\/wp\/v2\/comments?post=6450"}],"version-history":[{"count":5,"href":"https:\/\/www.greenpeace.org\/czech\/wp-json\/wp\/v2\/posts\/6450\/revisions"}],"predecessor-version":[{"id":15716,"href":"https:\/\/www.greenpeace.org\/czech\/wp-json\/wp\/v2\/posts\/6450\/revisions\/15716"}],"wp:featuredmedia":[{"embeddable":true,"href":"https:\/\/www.greenpeace.org\/czech\/wp-json\/wp\/v2\/media\/6451"}],"wp:attachment":[{"href":"https:\/\/www.greenpeace.org\/czech\/wp-json\/wp\/v2\/media?parent=6450"}],"wp:term":[{"taxonomy":"category","embeddable":true,"href":"https:\/\/www.greenpeace.org\/czech\/wp-json\/wp\/v2\/categories?post=6450"},{"taxonomy":"post_tag","embeddable":true,"href":"https:\/\/www.greenpeace.org\/czech\/wp-json\/wp\/v2\/tags?post=6450"},{"taxonomy":"p4-page-type","embeddable":true,"href":"https:\/\/www.greenpeace.org\/czech\/wp-json\/wp\/v2\/p4-page-type?post=6450"}],"curies":[{"name":"wp","href":"https:\/\/api.w.org\/{rel}","templated":true}]}}