{"id":774,"date":"2018-01-24T00:00:00","date_gmt":"2018-01-23T22:00:00","guid":{"rendered":"https:\/\/www.greenpeace.org\/czech\/uncategorized\/774\/exkluzivni-zabery-z-antarktidy-organizace-greenpeace-vyslala-ponorku-k-morskemu-dnu\/"},"modified":"2019-11-06T10:38:22","modified_gmt":"2019-11-06T08:38:22","slug":"exkluzivni-zabery-z-antarktidy-organizace-greenpeace-vyslala-ponorku-k-morskemu-dnu","status":"publish","type":"post","link":"https:\/\/www.greenpeace.org\/czech\/tiskova-zprava\/774\/exkluzivni-zabery-z-antarktidy-organizace-greenpeace-vyslala-ponorku-k-morskemu-dnu\/","title":{"rendered":"Exkluzivn\u00ed z\u00e1b\u011bry z Antarktidy. Organizace Greenpeace vyslala ponorku k mo\u0159sk\u00e9mu dnu"},"content":{"rendered":"<div class=\"leader\">\n<p>Ponorka Greenpeace se pod\u00edvala do m\u00edst, kam p\u0159edt\u00edm \u017e\u00e1dn\u00fd \u010dlov\u011bk nevkro\u010dil. V\u011bdeck\u00fd t\u00fdm nato\u010dil unik\u00e1tn\u00ed z\u00e1b\u011bry ekosyst\u00e9mu na dn\u011b Weddelova mo\u0159e u b\u0159eh\u016f Antarktidy. Expedice podle v\u011bdc\u016f objevila, \u017ee mo\u0159sk\u00e9 dno p\u0159ekypuje \u017eivotem a \u017ee m\u00edstn\u00ed ekosyst\u00e9m pat\u0159\u00ed k t\u011bm snadno zraniteln\u00fdm \u010dinnost\u00ed \u010dlov\u011bka. Podle Greenpeace je to jasn\u00fd d\u016fkaz, \u017ee by ve Weddelov\u011b mo\u0159i m\u011bla vzniknout rozs\u00e1hl\u00e1 mo\u0159sk\u00e1 rezervace.<\/p>\n<p><img decoding=\"async\" src=\"https:\/\/www.greenpeace.org\/static\/planet4-czech-republic-stateless\/2018\/10\/51d91b15-51d91b15-gp0strh56_low_res_with_credit_line.jpg\" alt=\"Dr. Susanne Lockhart, Antarctic biologist, and submarine pilot John Hocevar, Director of Oceans for Greenpeace USA sitting in a two person submarine. Greenpeace is conducting submarine-based scientific research to strengthen the proposal to create the largest protected area on the planet, an Antarctic Ocean Sanctuary.\" \/><\/p>\n<p>Greenpeace m\u00e1 u b\u0159eh\u016f Antarktidy lo\u010f Arctic Sunrise, kter\u00e1 v\u011bt\u0161inou br\u00e1zd\u00ed pol\u00e1rn\u00ed oblasti na severn\u00ed polokouli. Organizace po\u017eaduje vytvo\u0159en\u00ed rezervace, kter\u00e1 by pokryla 1,8 milion\u016f \u010dtvere\u010dn\u00edch kilometr\u016f, a stala by se tak nejv\u011bt\u0161\u00edm chr\u00e1n\u011bn\u00fdm \u00fazem\u00edm na sv\u011bt\u011b. <a href=\"https:\/\/act.greenpeace.org\/page\/18377\/petition\/1?utm_source=social_media&amp;utm_medium=post&amp;utm_campaign=18GLB08_Antarctic&amp;utm_term=img_start\" target=\"_blank\" rel=\"noopener noreferrer\" data-saferedirecturl=\"https:\/\/www.google.com\/url?hl=en&amp;q=https:\/\/act.greenpeace.org\/page\/18377\/petition\/1?utm_source%3Dsocial_media%26utm_medium%3Dpost%26utm_campaign%3D18GLB08_Antarctic%26utm_term%3Dimg_start&amp;source=gmail&amp;ust=1516878176636000&amp;usg=AFQjCNGadC0C6AQAmtUmC9Zsk2Fn13wBqg\">Glob\u00e1ln\u00ed v\u00fdzvu Greenpeace<\/a>, kter\u00e1 po\u017eaduje v\u011bt\u0161\u00ed ochranu Weddelova mo\u0159e, ji\u017e podepsalo p\u0159es p\u016fl milionu lid\u00ed. O vytvo\u0159en\u00ed rezervace rozhodne Komise pro zachov\u00e1n\u00ed \u017eiv\u00fdch mo\u0159sk\u00fdch zdroj\u016f Antarktidy v \u0159\u00edjnu leto\u0161n\u00edho roku. Arctic Sunrise proto z\u016fstane v oblasti cel\u00e9 t\u0159i m\u011bs\u00edce, aby zkoumala m\u00edstn\u00ed ekosyst\u00e9my, m\u011b\u0159ila mno\u017estv\u00ed plastu ve vod\u011b a mapovala praktiky ryb\u00e1\u0159sk\u00fdch lod\u00ed.<\/p>\n<p><strong>John Hocevar, mo\u0159sk\u00fd biolog z Greenpeace US, kter\u00fd \u0159\u00eddil ponorku, \u0159\u00edk\u00e1:<\/strong><br \/>\n<em>\u201cNa\u0161e prvn\u00ed ponory v Ji\u017en\u00edm oce\u00e1nu byly \u00fa\u017easn\u00e9. Vid\u011bli jsme tam tolik \u017eivota, tolik diverzity. \u017dij\u00ed zde r\u016fzn\u00e9 druhy mo\u0159sk\u00fdch hub, kor\u00e1l\u016f, sumek, hv\u011bzdic a dal\u0161\u00edch ostnoko\u017ec\u016f v\u010detn\u011b \u017eivouc\u00edch fos\u00edli\u00ed \u2013 lilijic. Cel\u00e9 dno bylo pokryt\u00e9 kobercem z \u017eivo\u010dich\u016f. V m\u00ed\u0159e, kterou jsem v\u00e1\u017en\u011b ne\u010dekal. Na\u0161e pr\u00e1ce \u2013 douf\u00e1m \u2013 ukazuje, \u017ee je pot\u0159eba tento vz\u00e1cn\u00fd ekosyst\u00e9m ochr\u00e1nit.\u201d <\/em><\/p>\n<p><em><img decoding=\"async\" src=\"https:\/\/www.greenpeace.org\/static\/planet4-czech-republic-stateless\/2018\/10\/a4345611-a4345611-gp0strhpg_low_res_with_credit_line.jpg\" alt=\"A sample of the Antarctic feather star, Promachocrinus kerguelensis, from ~300 m, Kinnes Cove, Antarctic Sound found at approximately 300 meters depth at Kinnes Cove in the Antarctic Sound. Greenpeace is conducting submarine-based scientific research to strengthen the proposal to create the largest protected area on the planet, an Antarctic Ocean Sanctuary.\" \/><\/em><\/p>\n<p><strong>Susanne Lockhart, expertka na bentick\u00e9 ekosyst\u00e9my, kter\u00e1 se tak\u00e9 pot\u00e1p\u011bla, \u0159\u00edk\u00e1: <\/strong><br class=\"m_-6491175684090343091gmail-kix-line-break\" \/><em>\u201cZa\u010dali jsme s prvn\u00ed f\u00e1z\u00ed na\u0161eho v\u00fdzkumu. Ale u\u017e te\u010f jsme objevili jasn\u00e9 zn\u00e1mky toho, \u017ee se jedn\u00e1 o zraniteln\u00fd mo\u0159sk\u00fd ekosyst\u00e9m. Budeme nad\u00e1le zkoumat mo\u0159sk\u00e9 dno, abychom popsali, kter\u00e9 oblasti by m\u011bly b\u00fdt prioritn\u011b chr\u00e1n\u011bny p\u0159ed pr\u016fmyslov\u00fdm rybolovem. Z\u00e1rove\u0148 na\u0161e data poslou\u017e\u00ed jako d\u016fkazy pro komisi rozhoduj\u00edc\u00ed o budoucnosti Ji\u017en\u00edho ledov\u00e9ho oce\u00e1nu.\u201d<\/em><\/p>\n<p><strong>Z\u00e1b\u011bry z ponoru na mo\u0159sk\u00e9 dno:<br \/>\n<\/strong><a href=\"http:\/\/media.greenpeace.org\/archive\/Greenpeace-submarine-captures-rare-footage-of-the-Antarctic-Seafloor-27MZIFJXE2O0F.html\" target=\"_blank\" rel=\"noopener noreferrer\" data-saferedirecturl=\"https:\/\/www.google.com\/url?hl=en&amp;q=http:\/\/media.greenpeace.org\/archive\/Greenpeace-submarine-captures-rare-footage-of-the-Antarctic-Seafloor-27MZIFJXE2O0F.html&amp;source=gmail&amp;ust=1516878176636000&amp;usg=AFQjCNF05QzGRKGJmIXRtLo66oBbNZCa_A\">http:\/\/media.greenpeace.org\/archive\/Greenpeace-submarine-captures-rare-footage-of-the-Antarctic-Seafloor-27MZIFJXE2O0F.html<br \/>\n<\/a>\u010di <a href=\"https:\/\/wetransfer.com\/downloads\/05af2598236a13c678aa60bbf6b8d17c20180123221048\/8a64fe\" target=\"_blank\" rel=\"noopener noreferrer\" data-saferedirecturl=\"https:\/\/www.google.com\/url?hl=en&amp;q=https:\/\/wetransfer.com\/downloads\/05af2598236a13c678aa60bbf6b8d17c20180123221048\/8a64fe&amp;source=gmail&amp;ust=1516878176636000&amp;usg=AFQjCNHmh_TIrb3nh8UqbpBPPAsv5_-KsA\">https:\/\/wetransfer.com\/downloads\/05af2598236a13c678aa60bbf6b8d17c20180123221048\/8a64fe<\/a><\/p>\n<p><strong>Fotografie z expedice:<\/strong><\/p>\n<p dir=\"ltr\" style=\"display: inline !important;\"><a href=\"http:\/\/media.greenpeace.org\/collection\/27MZIFJX9IE3D\" target=\"_blank\" rel=\"noopener noreferrer\" data-saferedirecturl=\"https:\/\/www.google.com\/url?hl=en&amp;q=http:\/\/media.greenpeace.org\/collection\/27MZIFJX9IE3D&amp;source=gmail&amp;ust=1516878176636000&amp;usg=AFQjCNFfcboWze5C9C1FKJ4KCDXC-0Ahjw\">http:\/\/media.greenpeace.org\/collection\/27MZIFJX9IE3D<\/a><\/p>\n<\/div>\n","protected":false},"excerpt":{"rendered":"<div>\n\tPonorka Greenpeace se pod\u00edvala do m\u00edst, kam p\u0159edt\u00edm \u017e\u00e1dn\u00fd \u010dlov\u011bk nevkro\u010dil. V\u011bdeck\u00fd t\u00fdm nato\u010dil unik\u00e1tn\u00ed z\u00e1b\u011bry ekosyst\u00e9mu na dn\u011b Weddelova mo\u0159e u b\u0159eh\u016f Antarktidy. Expedice podle v\u011bdc\u016f objevila, \u017ee mo\u0159sk\u00e9 dno p\u0159ekypuje \u017eivotem a \u017ee m\u00edstn\u00ed ekosyst\u00e9m pat\u0159\u00ed k t\u011bm snadno zraniteln\u00fdm \u010dinnost\u00ed \u010dlov\u011bka. Podle Greenpeace je to jasn\u00fd d\u016fkaz, \u017ee by ve Weddelov\u011b mo\u0159i m\u011bla vzniknout rozs\u00e1hl\u00e1 mo\u0159sk\u00e1 rezervace.\n<\/div>\n","protected":false},"author":29,"featured_media":775,"comment_status":"open","ping_status":"open","sticky":false,"template":"","format":"standard","meta":{"ep_exclude_from_search":false,"p4_og_title":"","p4_og_description":"","p4_og_image":"","p4_og_image_id":"","p4_seo_canonical_url":"","p4_campaign_name":"","p4_local_project":"","p4_basket_name":"","p4_department":"","footnotes":""},"categories":[2],"tags":[18],"p4-page-type":[14],"class_list":["post-774","post","type-post","status-publish","format-standard","has-post-thumbnail","hentry","category-priroda","tag-oceany","p4-page-type-tiskova-zprava"],"_links":{"self":[{"href":"https:\/\/www.greenpeace.org\/czech\/wp-json\/wp\/v2\/posts\/774","targetHints":{"allow":["GET"]}}],"collection":[{"href":"https:\/\/www.greenpeace.org\/czech\/wp-json\/wp\/v2\/posts"}],"about":[{"href":"https:\/\/www.greenpeace.org\/czech\/wp-json\/wp\/v2\/types\/post"}],"author":[{"embeddable":true,"href":"https:\/\/www.greenpeace.org\/czech\/wp-json\/wp\/v2\/users\/29"}],"replies":[{"embeddable":true,"href":"https:\/\/www.greenpeace.org\/czech\/wp-json\/wp\/v2\/comments?post=774"}],"version-history":[{"count":2,"href":"https:\/\/www.greenpeace.org\/czech\/wp-json\/wp\/v2\/posts\/774\/revisions"}],"predecessor-version":[{"id":4847,"href":"https:\/\/www.greenpeace.org\/czech\/wp-json\/wp\/v2\/posts\/774\/revisions\/4847"}],"wp:featuredmedia":[{"embeddable":true,"href":"https:\/\/www.greenpeace.org\/czech\/wp-json\/wp\/v2\/media\/775"}],"wp:attachment":[{"href":"https:\/\/www.greenpeace.org\/czech\/wp-json\/wp\/v2\/media?parent=774"}],"wp:term":[{"taxonomy":"category","embeddable":true,"href":"https:\/\/www.greenpeace.org\/czech\/wp-json\/wp\/v2\/categories?post=774"},{"taxonomy":"post_tag","embeddable":true,"href":"https:\/\/www.greenpeace.org\/czech\/wp-json\/wp\/v2\/tags?post=774"},{"taxonomy":"p4-page-type","embeddable":true,"href":"https:\/\/www.greenpeace.org\/czech\/wp-json\/wp\/v2\/p4-page-type?post=774"}],"curies":[{"name":"wp","href":"https:\/\/api.w.org\/{rel}","templated":true}]}}