{"id":788,"date":"2017-11-27T00:00:00","date_gmt":"2017-11-26T22:00:00","guid":{"rendered":"https:\/\/www.greenpeace.org\/czech\/uncategorized\/788\/glyfosat-evropske-staty-odhlasovaly-prodlouzeni-o-dalsich-pet-let-bez-omezeni\/"},"modified":"2022-01-12T14:16:11","modified_gmt":"2022-01-12T13:16:11","slug":"glyfosat-evropske-staty-odhlasovaly-prodlouzeni-o-dalsich-pet-let-bez-omezeni","status":"publish","type":"post","link":"https:\/\/www.greenpeace.org\/czech\/tiskova-zprava\/788\/glyfosat-evropske-staty-odhlasovaly-prodlouzeni-o-dalsich-pet-let-bez-omezeni\/","title":{"rendered":"Glyfos\u00e1t: Evropsk\u00e9 st\u00e1ty odhlasovaly prodlou\u017een\u00ed o dal\u0161\u00edch p\u011bt let bez omezen\u00ed"},"content":{"rendered":"<div class=\"leader\">\u010clensk\u00e9 st\u00e1ty EU pr\u00e1v\u011b v tzv. odvolac\u00ed komisi odhlasovaly n\u00e1vrh Evropsk\u00e9 komise prodlou\u017eit povolen\u00ed glyfos\u00e1tu na p\u011bt let bez dal\u0161\u00edch omezen\u00ed, a to navzdory doporu\u010den\u00ed Evropsk\u00e9ho parlamentu, nesouhlasu \u0159ady evropsk\u00fdch st\u00e1t\u016f a hlasu v\u011bdc\u016f i ve\u0159ejnosti. Glyfos\u00e1t se bude d\u00e1l moci pou\u017e\u00edvat jak v zem\u011bd\u011blstv\u00ed na likvidaci plevele a dosou\u0161en\u00ed plodin, tak na ve\u0159ejn\u00fdch prostranstv\u00edch. Za promarn\u011bnou p\u0159\u00edle\u017eitost skoncovat s nebezpe\u010dn\u00fdm herbicidem odpov\u00edd\u00e1 i ministr zem\u011bd\u011blstv\u00ed Mari\u00e1n Jure\u010dka.<\/p>\n<p>Pro hlasovalo 18 st\u00e1t\u016f v\u010detn\u011b \u010cesk\u00e9 republiky, proti bylo dev\u011bt zem\u00ed \u2013 Francie, Rakousko, Belgie, \u0158ecko, Lucembursko, Chorvatsko, It\u00e1lie, Kypr a Malta. Kl\u00ed\u010dov\u00e9 bylo hlasov\u00e1n\u00ed N\u011bmecka pro prodlou\u017een\u00ed. Dosud bylo N\u011bm\u011bcko proti nebo v hlasov\u00e1n\u00ed absentovalo. N\u00e1vrh tak z\u00edskal kvalifikovanou v\u011bt\u0161inu, tj. minim\u00e1ln\u011b 55 % st\u00e1t\u016f reprezentuj\u00edc\u00edch 65 % evropsk\u00e9 populace. Komise ozn\u00e1mila, \u017ee odhlasovan\u00e9 rozhodnut\u00ed p\u0159ijme p\u0159ed 15. prosincem, kdy registrace glyfos\u00e1tu kon\u010d\u00ed.<\/p>\n<p><img decoding=\"async\" src=\"https:\/\/www.greenpeace.org\/static\/planet4-czech-republic-stateless\/2018\/10\/e7e334f6-e7e334f6-gp0str9j0_low_res_with_credit_line.jpg\" alt=\"\" \/><\/p>\n<p>Ministr Marian Jure\u010dka podpo\u0159il prodlou\u017een\u00ed navzdory podez\u0159en\u00edm ze z\u00e1va\u017en\u00fdch dopad\u016f na zdrav\u00ed a \u017eivotn\u00ed prost\u0159ed\u00ed, p\u0159\u00e1n\u00edm ve\u0159ejnosti i sv\u00fdm vlastn\u00edm slov\u016fm o nutnosti glyfos\u00e1t omezit [1]. Nyn\u00ed m\u00e1 p\u0159\u00edle\u017eitost tak u\u010dinit. Spolu s ministry zdravotnictv\u00ed a \u017eivotn\u00edho prost\u0159ed\u00ed by m\u011bl zak\u00e1zat pou\u017e\u00edv\u00e1n\u00ed glyfos\u00e1tu na ve\u0159ejn\u00fdch prostranstv\u00edch, pro neprofesion\u00e1ln\u00ed pou\u017eit\u00ed a pro dosou\u0161en\u00ed plodin p\u0159ed sklizn\u00ed. M\u011bl by podniknout kroky k postupn\u00e9mu nahrazen\u00ed glyfos\u00e1tu v zem\u011bd\u011blstv\u00ed bezpe\u010dn\u011bj\u0161\u00edmi a \u0161etrn\u011bj\u0161\u00edmi technikami. Glyfos\u00e1t m\u016f\u017eeme v \u010cesk\u00e9 republice omezit nebo zak\u00e1zat i p\u0159esto, \u017ee povolen\u00ed v EU bude prodlou\u017eeno.<\/p>\n<p>Proti glyfos\u00e1tu, nejpou\u017e\u00edvan\u011bj\u0161\u00edmu herbicidu ve sv\u011bt\u011b i u n\u00e1s, kter\u00fd je podle Mezin\u00e1rodn\u00ed agentury pro v\u00fdzkum rakoviny pravd\u011bpodobn\u011b karcinogenn\u00ed a p\u0159edstavuje celou \u0159adu dal\u0161\u00edch rizik pro zdrav\u00ed i \u017eivotn\u00ed prost\u0159ed\u00ed [1], se postavilo 1,3 milionu Evropan\u016f [2]. P\u0159\u00edmo Marianu Jure\u010dkovi poslalo sv\u016fj podpis a osobn\u00ed vzkaz za omezen\u00ed glyfos\u00e1tu dva a p\u016fl tis\u00edce lid\u00ed ve v\u00fdzv\u011b <a href=\"http:\/\/www.parkybezchemie.cz\/\" target=\"_blank\" rel=\"noopener noreferrer\">www.parkybezchemie.cz<\/a>. Okam\u017eit\u00e9 omezen\u00ed a postupn\u00e9 ukon\u010den\u00ed do roku 2022 doporu\u010doval Evropsk\u00fd parlament a tak\u00e9 v\u00fdznamn\u00e9 evropsk\u00e9 st\u00e1ty, kter\u00e9 cht\u011bj\u00ed sv\u00e9 zem\u011bd\u011blstv\u00ed nasm\u011brovat udr\u017eiteln\u00fdm sm\u011brem.<\/p>\n<p><strong>Kl\u00e1ra Kyralov\u00e1, expertka Hnut\u00ed DUHA na potraviny a zem\u011bd\u011blstv\u00ed, \u0159ekla:<\/strong><br \/>\n<em>\u201cN\u011bkolikalet\u00fd proces rozhodov\u00e1n\u00ed o budoucnosti glyfos\u00e1tu skon\u010dil promarn\u011bnou \u0161anc\u00ed. Promarn\u011bnou \u0161anc\u00ed pro \u017eivotn\u00ed prost\u0159ed\u00ed, zdrav\u00ed lid\u00ed i zdrav\u00e9 a udr\u017eiteln\u00e9 zem\u011bd\u011blstv\u00ed. A tak\u00e9 pouze posunul probl\u00e9m o dal\u0161\u00edch p\u011bt let.\u201d<\/em><\/p>\n<p><em>\u201cP\u0159es prodlou\u017een\u00ed glyfos\u00e1tu v EU je pot\u0159eba za\u010d\u00edt s jeho omezov\u00e1n\u00edm a postupn\u00fdm nahrazov\u00e1n\u00edm bezpe\u010dn\u011bj\u0161\u00edmi technikami. V\u00fdznamn\u00e9 evropsk\u00e9 zem\u011b, Evropsk\u00fd parlament i \u0161irok\u00e1 ve\u0159ejnost daly jasn\u011b najevo, \u017ee glyfos\u00e1t necht\u011bj\u00ed. Ministr Jure\u010dka proto mus\u00ed dost\u00e1t sv\u00fdm slov\u016fm a glyfos\u00e1t za\u010d\u00edt nahrazovat, jinak budeme nejpozd\u011bji za p\u011bt let st\u00e1t p\u0159ed stejn\u00fdm nebo je\u0161t\u011b v\u011bt\u0161\u00edm probl\u00e9mem.\u201d<\/em><\/p>\n<p><strong>Jan Freidinger z Greenpeace \u010cR \u0159ekl: <\/strong><em><br \/>\n\u201eNikdo nem\u016f\u017ee s klidn\u00fdm sv\u011bdom\u00edm prohl\u00e1sit, \u017ee pou\u017e\u00edv\u00e1n\u00ed glyfos\u00e1tu je bezpe\u010dn\u00e9. Pro n\u011bkter\u00e9 je ale nadm\u00edru ziskov\u00e9. To je podle m\u011b hlavn\u00ed d\u016fvod, pro\u010d hlas Monsanta a dal\u0161\u00edch v\u00fdrobc\u016f byl siln\u011bj\u0161\u00ed ne\u017e hlasy milion\u016f Evropan\u016f, v\u011bdc\u016f i poslanc\u016f Evropsk\u00e9ho parlamentu. N\u00e1m v\u0161em tak z\u016fst\u00e1v\u00e1 nelehk\u00fd \u00fakol \u2013 zajistit, aby ochrana p\u0159\u00edrody a lidsk\u00e9ho zdrav\u00ed byly v\u017edy na prvn\u00edm m\u00edst\u011b.\u201c <\/em><\/p>\n<p><strong>Pozn\u00e1mky:<\/strong><\/p>\n<p>[1] <a href=\"http:\/\/ekolist.cz\/cz\/zpravodajstvi\/zpravy\/cr-podpori-prodlouzeni-evropske-licence-herbicidu-glyfosat\" target=\"_blank\" rel=\"noopener noreferrer\">http:\/\/ekolist.cz\/cz\/zpravodajstvi\/zpravy\/cr-podpori-prodlouzeni-evropske-licence-herbicidu-glyfosat<\/a> a <a href=\"https:\/\/twitter.com\/MJureka\/status\/732498631035518976\" target=\"_blank\" rel=\"noopener noreferrer\">https:\/\/twitter.com\/MJureka\/status\/732498631035518976<\/a><\/p>\n<p>[2] V\u00edce zde: <a href=\"http:\/\/hnutiduha.cz\/aktualne\/glyfosat-eu-ministr-marian-jurecka-bude-zitra-spolurozhodovat-o-dalsim-povoleni\" target=\"_blank\" rel=\"noopener noreferrer\">http:\/\/hnutiduha.cz\/aktualne\/glyfosat-eu-ministr-marian-jurecka-bude-zitra-spolurozhodovat-o-dalsim-povoleni<\/a><\/p>\n<p>[3] <a href=\"http:\/\/www.greenpeace.org\/czech\/cz\/blogy\/toxicke-znecisteni\/budoucnost-bez-glyfosatu-se-blizi\/blog\/59776\/\" target=\"_blank\" rel=\"noopener noreferrer\">http:\/\/www.greenpeace.org\/czech\/cz\/blogy\/toxicke-znecisteni\/budoucnost-bez-glyfosatu-se-blizi\/blog\/59776\/<\/a><\/p>\n<\/div>\n","protected":false},"excerpt":{"rendered":"<div>\n\t\u010clensk\u00e9 st\u00e1ty EU pr\u00e1v\u011b v tzv. odvolac\u00ed komisi odhlasovaly n\u00e1vrh Evropsk\u00e9 komise prodlou\u017eit povolen\u00ed glyfos\u00e1tu na p\u011bt let bez dal\u0161\u00edch omezen\u00ed, a to navzdory doporu\u010den\u00ed Evropsk\u00e9ho parlamentu, nesouhlasu \u0159ady evropsk\u00fdch st\u00e1t\u016f a hlasu v\u011bdc\u016f i ve\u0159ejnosti. Glyfos\u00e1t se bude d\u00e1l moci pou\u017e\u00edvat jak v zem\u011bd\u011blstv\u00ed na likvidaci plevele a dosou\u0161en\u00ed plodin, tak na ve\u0159ejn\u00fdch prostranstv\u00edch. Za promarn\u011bnou p\u0159\u00edle\u017eitost skoncovat s nebezpe\u010dn\u00fdm herbicidem odpov\u00edd\u00e1 i ministr zem\u011bd\u011blstv\u00ed Mari\u00e1n Jure\u010dka.\n<\/div>\n","protected":false},"author":29,"featured_media":789,"comment_status":"open","ping_status":"open","sticky":false,"template":"","format":"standard","meta":{"ep_exclude_from_search":false,"p4_og_title":"","p4_og_description":"","p4_og_image":"","p4_og_image_id":"","p4_seo_canonical_url":"","p4_campaign_name":"not set","p4_local_project":"not set","p4_basket_name":"not set","p4_department":"","footnotes":""},"categories":[3],"tags":[23],"p4-page-type":[14],"class_list":["post-788","post","type-post","status-publish","format-standard","has-post-thumbnail","hentry","category-nas-svet","tag-bez-chemie","p4-page-type-tiskova-zprava"],"_links":{"self":[{"href":"https:\/\/www.greenpeace.org\/czech\/wp-json\/wp\/v2\/posts\/788","targetHints":{"allow":["GET"]}}],"collection":[{"href":"https:\/\/www.greenpeace.org\/czech\/wp-json\/wp\/v2\/posts"}],"about":[{"href":"https:\/\/www.greenpeace.org\/czech\/wp-json\/wp\/v2\/types\/post"}],"author":[{"embeddable":true,"href":"https:\/\/www.greenpeace.org\/czech\/wp-json\/wp\/v2\/users\/29"}],"replies":[{"embeddable":true,"href":"https:\/\/www.greenpeace.org\/czech\/wp-json\/wp\/v2\/comments?post=788"}],"version-history":[{"count":3,"href":"https:\/\/www.greenpeace.org\/czech\/wp-json\/wp\/v2\/posts\/788\/revisions"}],"predecessor-version":[{"id":15975,"href":"https:\/\/www.greenpeace.org\/czech\/wp-json\/wp\/v2\/posts\/788\/revisions\/15975"}],"wp:featuredmedia":[{"embeddable":true,"href":"https:\/\/www.greenpeace.org\/czech\/wp-json\/wp\/v2\/media\/789"}],"wp:attachment":[{"href":"https:\/\/www.greenpeace.org\/czech\/wp-json\/wp\/v2\/media?parent=788"}],"wp:term":[{"taxonomy":"category","embeddable":true,"href":"https:\/\/www.greenpeace.org\/czech\/wp-json\/wp\/v2\/categories?post=788"},{"taxonomy":"post_tag","embeddable":true,"href":"https:\/\/www.greenpeace.org\/czech\/wp-json\/wp\/v2\/tags?post=788"},{"taxonomy":"p4-page-type","embeddable":true,"href":"https:\/\/www.greenpeace.org\/czech\/wp-json\/wp\/v2\/p4-page-type?post=788"}],"curies":[{"name":"wp","href":"https:\/\/api.w.org\/{rel}","templated":true}]}}