{"id":810,"date":"2018-05-28T00:00:00","date_gmt":"2018-05-27T22:00:00","guid":{"rendered":"https:\/\/www.greenpeace.org\/czech\/uncategorized\/810\/eu-obetuje-v-boji-s-plastovym-znecistenim-jednorazove-kelimky-brcka-i-uchostoury\/"},"modified":"2025-11-13T10:06:40","modified_gmt":"2025-11-13T09:06:40","slug":"eu-obetuje-v-boji-s-plastovym-znecistenim-jednorazove-kelimky-brcka-i-uchostoury","status":"publish","type":"post","link":"https:\/\/www.greenpeace.org\/czech\/tiskova-zprava\/810\/eu-obetuje-v-boji-s-plastovym-znecistenim-jednorazove-kelimky-brcka-i-uchostoury\/","title":{"rendered":"EU ob\u011btuje v boji s plastov\u00fdm zne\u010di\u0161t\u011bn\u00edm jednor\u00e1zov\u00e9 kel\u00edmky, br\u010dka i ucho\u0161\u0165oury"},"content":{"rendered":"<div class=\"leader\">Evropsk\u00e1 komise zve\u0159ejnila n\u00e1vrh nov\u00e9 sm\u011brnice, kter\u00e1 m\u00e1 omezit dopady plastov\u00e9ho zne\u010di\u0161t\u011bn\u00ed. Mimo jin\u00e9 navrhuje z\u00e1kaz n\u011bkter\u00fdch jednor\u00e1zov\u00fdch plast\u016f, jakou jsou p\u0159\u00edbory, br\u010dka \u010di tal\u00ed\u0159e, pro n\u011b\u017e ji\u017e dnes existuj\u00ed dostupn\u00e9 \u0161etrn\u011bj\u0161\u00ed alternativy. Ne\u017e vstoup\u00ed sm\u011brnice v platnost, mus\u00ed ji schv\u00e1lit \u010dlensk\u00e9 st\u00e1ty EU a Evropsk\u00fd parlament.<\/div>\n<div class=\"leader\">\n<p>Komise n\u00e1vrhem nov\u00e9 legislativy reaguje na alarmuj\u00edc\u00ed v\u011bdeck\u00e1 data o <a href=\"http:\/\/www.greenpeace.org\/czech\/cz\/blogy\/Oceany\/plasty-vraci-uder\/blog\/61543\/\">mno\u017estv\u00ed a v\u0161udyp\u0159\u00edtomnosti<\/a> plastov\u00e9ho zne\u010di\u0161t\u011bn\u00ed. Za omezen\u00ed jednor\u00e1zov\u00fdch plast\u016f se nav\u00edc po cel\u00e9 Evrop\u011b vyslovily statis\u00edce lid\u00ed. Jen v \u010cesku v\u00fdzvu evropsk\u00fdm ministr\u016fm <a href=\"http:\/\/www.greenpeace.org\/czech\/cz\/press\/Omezit-plastovy-odpad-chce-45-tisic-lidi\/\">Plast je past<\/a> podepsalo do konce lo\u0148sk\u00e9ho listopadu t\u00e9m\u011b\u0159 50 tis\u00edc lid\u00ed.<\/p>\n<p><img decoding=\"async\" src=\"https:\/\/www.greenpeace.org\/static\/planet4-czech-republic-stateless\/2018\/10\/9c26f8c5-9c26f8c5-derrchiw0aajehn.jpg\" alt=\"\" width=\"600\" \/><\/p>\n<p>Nov\u00e1 sm\u011brnice m\u00e1 za c\u00edl p\u0159edch\u00e1zet a redukovat dopady ur\u010dit\u00fdch plast\u016f na \u017eivotn\u00ed prost\u0159ed\u00ed, p\u0159edev\u0161\u00edm pak na mo\u0159e a oce\u00e1ny. Za t\u00edmto \u00fa\u010delem p\u0159in\u00e1\u0161\u00ed r\u016fzn\u00e1 opat\u0159en\u00ed \u0159e\u0161\u00edc\u00ed problematiku jednor\u00e1zov\u00fdch plast\u016f \u2013 od z\u00e1kaz\u016f plast\u016f p\u0159es jejich redukci a lep\u0161\u00ed zna\u010den\u00ed a\u017e po roz\u0161\u00ed\u0159enou odpov\u011bdnost v\u00fdrobc\u016f za obaly jejich v\u00fdrobk\u016f.<\/p>\n<p><strong>Jan Freidinger z Greenpeace k n\u00e1vrhu \u0159\u00edk\u00e1:<br \/>\n<\/strong><em>\u201cPlastov\u00e9 zne\u010di\u0161t\u011bn\u00ed je v\u0161ude kolem n\u00e1s a \u0159e\u0161en\u00ed si \u017e\u00e1d\u00e1 razantn\u00ed opat\u0159en\u00ed, v\u010detn\u011b z\u00e1kaz\u016f zbyte\u010dn\u00fdch a snadno nahraditeln\u00fdch jednor\u00e1zov\u00fdch plast\u016f. N\u00e1vrh opat\u0159en\u00ed proto v\u00edt\u00e1me a v\u011b\u0159\u00edme, \u017ee stejn\u011b se zachovaj\u00ed i z\u00e1stupci pr\u016fmyslu a \u010de\u0161t\u00ed politici. Naopak vyz\u00fdv\u00e1me \u010desk\u00e9 europoslance a \u010deskou vl\u00e1du, aby se zasadila o dopln\u011bn\u00ed sm\u011brnice o celoevropsk\u00e9 z\u00e1vazn\u00e9 c\u00edle na omezen\u00ed jednor\u00e1zov\u00fdch j\u00eddeln\u00edch box\u016f a plastov\u00fdch kel\u00edmk\u016f.\u201d <\/em><\/p>\n<p>Hlavn\u00ed navrhovan\u00e1 opat\u0159en\u00ed:<\/p>\n<ul>\n<li><strong>Z\u00e1kaz n\u011bkter\u00fdch plastov\u00fdch v\u00fdrobk\u016f:<\/strong> Pokud existuj\u00ed dostupn\u00e9 a cenov\u011b p\u0159ijateln\u00e9 alternativy, bude prodej plastov\u00fdch v\u00fdrobk\u016f na jedno pou\u017eit\u00ed zak\u00e1z\u00e1n. Z\u00e1kaz se bude vztahovat na plastov\u00e9 vatov\u00e9 ty\u010dinky, p\u0159\u00edbory, tal\u00ed\u0159e, br\u010dka, m\u00edch\u00e1tka a ty\u010dky k balonk\u016fm, kter\u00e9 budou muset b\u00fdt vyrobeny v\u00fdlu\u010dn\u011b z udr\u017eiteln\u011bj\u0161\u00edch materi\u00e1l\u016f. N\u00e1pojov\u00e9 obaly na jedno pou\u017eit\u00ed obsahuj\u00edc\u00ed plasty budou na trhu povoleny pouze v p\u0159\u00edpad\u011b, \u017ee jejich uz\u00e1v\u011bry a v\u00ed\u010dka z\u016fstanou p\u0159ipevn\u011bny k n\u00e1dob\u011b.<\/li>\n<li><strong>C\u00edle sn\u00ed\u017een\u00ed spot\u0159eby:<\/strong> \u010clensk\u00e9 st\u00e1ty budou muset omezit pou\u017e\u00edv\u00e1n\u00ed plastov\u00fdch n\u00e1dob na potraviny a n\u00e1pojov\u00fdch kel\u00edmk\u016f. Mohou nap\u0159\u00edklad stanovit vnitrost\u00e1tn\u00ed c\u00edle pro sni\u017eov\u00e1n\u00ed spot\u0159eby, poskytovat v m\u00edst\u011b prodeje alternativn\u00ed produkty nebo zajistit, aby plastov\u00e9 v\u00fdrobky na jedno pou\u017eit\u00ed nebyly nab\u00edzeny bezplatn\u011b.<\/li>\n<li><strong>Povinnosti pro v\u00fdrobce:<\/strong> V\u00fdrobci se budou pod\u00edlet na n\u00e1kladech spojen\u00fdch s nakl\u00e1d\u00e1n\u00edm s odpady, s \u00faklidem a tak\u00e9 s osv\u011btov\u00fdmi opat\u0159en\u00edmi, pokud jde o n\u00e1doby na potraviny, s\u00e1\u010dky a obaly (nap\u0159. od bramborov\u00fdch lup\u00ednk\u016f a cukrovinek), n\u00e1pojov\u00e9 obaly a kel\u00edmky, tab\u00e1kov\u00e9 v\u00fdrobky s filtry (nap\u0159. cigaretov\u00e9 nedopalky), vlh\u010den\u00e9 ubrousky, balonky a lehk\u00e9 plastov\u00e9 ta\u0161ky. Dostanou tak\u00e9 pob\u00eddky k v\u00fdvoji m\u00e9n\u011b zne\u010di\u0161\u0165uj\u00edc\u00edch alternativ k t\u011bmto produkt\u016fm.<\/li>\n<li><strong>C\u00edle v oblasti sb\u011bru:<\/strong> \u010clensk\u00e9 st\u00e1ty budou povinny do roku 2025 zajistit sb\u011br 90 % jednor\u00e1zov\u00fdch plastov\u00fdch lahv\u00ed od n\u00e1poj\u016f, nap\u0159\u00edklad prost\u0159ednictv\u00edm syst\u00e9m\u016f vratn\u00fdch z\u00e1loh.<\/li>\n<li><strong>Po\u017eadavky na ozna\u010dov\u00e1n\u00ed:<\/strong> N\u011bkter\u00e9 produkty budou muset m\u00edt jasn\u00e9 a standardizovan\u00e9 ozna\u010den\u00ed, kter\u00e9 bude obsahovat n\u00e1vod, jak se m\u00e1 odpad odstra\u0148ovat, a informace o negativn\u00edm dopadu v\u00fdrobk\u016f na \u017eivotn\u00ed prost\u0159ed\u00ed a o p\u0159\u00edtomnosti plast\u016f v nich. Jedn\u00e1 se o hygienick\u00e9 vlo\u017eky, vlh\u010den\u00e9 ubrousky \u010di balonky.<\/li>\n<li><strong>Osv\u011btov\u00e1 opat\u0159en\u00ed:<\/strong> \u010clensk\u00e9 st\u00e1ty budou povinny zvy\u0161ovat informovanost spot\u0159ebitel\u016f o negativn\u00edch dopadech vyhazov\u00e1n\u00ed plast\u016f na jedno pou\u017eit\u00ed a rybolovn\u00fdch za\u0159\u00edzen\u00ed a tak\u00e9 o dostupn\u00fdch syst\u00e9mech pro op\u011btovn\u00e9 pou\u017eit\u00ed a mo\u017enostech nakl\u00e1d\u00e1n\u00ed s odpady ze v\u0161ech t\u011bchto v\u00fdrobk\u016f.<\/li>\n<\/ul>\n<p>Detailn\u00ed informace o sm\u011brnici naleznete <a href=\"http:\/\/europa.eu\/rapid\/press-release_IP-18-3927_cs.htm\">zde<\/a>, text sm\u011brnice <a href=\"https:\/\/www.greenpeace.org\/static\/planet4-czech-republic-stateless\/2018\/10\/c0f33faa-c0f33faa-single-use_plastics_proposal.pdf\">zde<\/a>.<\/p>\n<p><strong>Kontakty:<\/strong><\/p>\n<ul>\n<li><strong>Jan Freidinger<\/strong>, koordin\u00e1tor kampan\u011b Plast je past, 734 620 843, <a href=\"mailto:jan.freidinger@greenpeace.org\" target=\"_blank\" rel=\"noopener noreferrer\">jan.freidinger@greenpeace.org<\/a><script type=\"text\/javascript\"><!-- document.write(dc('Eoi_1', '68_56_09_47_54_0F_1A_07_46_0D_0B_09_0D_18_06_0D_0D_1A_0F_28_1A_0D_0F_06_01_0C_01_0D_1A_0E_46_06_09_02_56_4A_0F_1A_07_46_0D_0B_09_0D_18_06_0D_0D_1A_0F_28_1A_0D_0F_06_01_0C_01_0D_1A_0E_46_06_09_02_52_07_1C_04_01_09_05_4A_55_0E_0D_1A_00_48_09_54'));\/\/--><\/script>.<\/li>\n<\/ul>\n<\/div>\n","protected":false},"excerpt":{"rendered":"<p>Evropsk\u00e1 komise zve\u0159ejnila n\u00e1vrh nov\u00e9 sm\u011brnice, kter\u00e1 m\u00e1 omezit dopady plastov\u00e9ho zne\u010di\u0161t\u011bn\u00ed. Mimo jin\u00e9 navrhuje z\u00e1kaz n\u011bkter\u00fdch jednor\u00e1zov\u00fdch plast\u016f, jakou jsou p\u0159\u00edbory, br\u010dka \u010di tal\u00ed\u0159e, pro n\u011b\u017e ji\u017e dnes existuj\u00ed dostupn\u00e9 \u0161etrn\u011bj\u0161\u00ed alternativy. Ne\u017e vstoup\u00ed sm\u011brnice v platnost, mus\u00ed ji schv\u00e1lit \u010dlensk\u00e9 st\u00e1ty EU  a Evropsk\u00fd parlament.\n<\/p><\/div>\n","protected":false},"author":29,"featured_media":811,"comment_status":"open","ping_status":"open","sticky":false,"template":"","format":"standard","meta":{"ep_exclude_from_search":false,"p4_og_title":"","p4_og_description":"","p4_og_image":"","p4_og_image_id":"","p4_seo_canonical_url":"","p4_campaign_name":"","p4_local_project":"","p4_basket_name":"","p4_department":"","footnotes":""},"categories":[3],"tags":[21],"p4-page-type":[14],"class_list":["post-810","post","type-post","status-publish","format-standard","has-post-thumbnail","hentry","category-nas-svet","tag-plast-je-past","p4-page-type-tiskova-zprava"],"_links":{"self":[{"href":"https:\/\/www.greenpeace.org\/czech\/wp-json\/wp\/v2\/posts\/810","targetHints":{"allow":["GET"]}}],"collection":[{"href":"https:\/\/www.greenpeace.org\/czech\/wp-json\/wp\/v2\/posts"}],"about":[{"href":"https:\/\/www.greenpeace.org\/czech\/wp-json\/wp\/v2\/types\/post"}],"author":[{"embeddable":true,"href":"https:\/\/www.greenpeace.org\/czech\/wp-json\/wp\/v2\/users\/29"}],"replies":[{"embeddable":true,"href":"https:\/\/www.greenpeace.org\/czech\/wp-json\/wp\/v2\/comments?post=810"}],"version-history":[{"count":3,"href":"https:\/\/www.greenpeace.org\/czech\/wp-json\/wp\/v2\/posts\/810\/revisions"}],"predecessor-version":[{"id":23134,"href":"https:\/\/www.greenpeace.org\/czech\/wp-json\/wp\/v2\/posts\/810\/revisions\/23134"}],"wp:featuredmedia":[{"embeddable":true,"href":"https:\/\/www.greenpeace.org\/czech\/wp-json\/wp\/v2\/media\/811"}],"wp:attachment":[{"href":"https:\/\/www.greenpeace.org\/czech\/wp-json\/wp\/v2\/media?parent=810"}],"wp:term":[{"taxonomy":"category","embeddable":true,"href":"https:\/\/www.greenpeace.org\/czech\/wp-json\/wp\/v2\/categories?post=810"},{"taxonomy":"post_tag","embeddable":true,"href":"https:\/\/www.greenpeace.org\/czech\/wp-json\/wp\/v2\/tags?post=810"},{"taxonomy":"p4-page-type","embeddable":true,"href":"https:\/\/www.greenpeace.org\/czech\/wp-json\/wp\/v2\/p4-page-type?post=810"}],"curies":[{"name":"wp","href":"https:\/\/api.w.org\/{rel}","templated":true}]}}