{"id":822,"date":"2015-05-26T00:00:00","date_gmt":"2015-05-25T22:00:00","guid":{"rendered":"https:\/\/www.greenpeace.org\/czech\/uncategorized\/822\/toxicke-uhli-zdravotni-naklady-slabych-emisnich-limitu-eu\/"},"modified":"2019-11-06T10:38:25","modified_gmt":"2019-11-06T08:38:25","slug":"toxicke-uhli-zdravotni-naklady-slabych-emisnich-limitu-eu","status":"publish","type":"post","link":"https:\/\/www.greenpeace.org\/czech\/publikace\/822\/toxicke-uhli-zdravotni-naklady-slabych-emisnich-limitu-eu\/","title":{"rendered":"Toxick\u00e9 uhl\u00ed: zdravotn\u00ed n\u00e1klady slab\u00fdch emisn\u00edch limit\u016f EU"},"content":{"rendered":"<h2>Infolist pro m\u00e9dia<\/h2>\n<div class=\"leader\">\n<p>Evropsk\u00e1 unie v sou\u010dasn\u00e9 dob\u011b p\u0159ipravuje nov\u00e9 normy pro zne\u010di\u0161t\u011bn\u00ed z uheln\u00fdch elektr\u00e1ren v EU. Tento proces je jedine\u010dnou p\u0159\u00edle\u017eitost\u00ed, jak omezit toxick\u00e9 emise, na jejich\u017e n\u00e1sledky v Evrop\u011b ka\u017edoro\u010dn\u011b um\u00edraj\u00ed des\u00edtky tis\u00edc lid\u00ed. Greenpeace ov\u0161em ji\u017e v b\u0159eznu odhalilo, \u017ee Evropsk\u00e1 unie v podstat\u011b p\u0159enechala p\u0159\u00edpravu nov\u00fdch pravidel pro zne\u010di\u0161t\u011bn\u00ed (tzv. BREF, tedy referen\u010dn\u00edch dokument\u016f nejlep\u0161\u00edch dostupn\u00fdch technik BAT) z\u00e1stupc\u016fm pr\u016fmyslu, jejich\u017e \u010dinnost maj\u00ed regulovat. V d\u016fsledku toho hroz\u00ed, \u017ee nov\u00e9 emisn\u00ed limity, kter\u00e9 nakonec EU schv\u00e1l\u00ed, budou mimo\u0159\u00e1dn\u011b slab\u00e9 \u2013 m\u00edrn\u011bj\u0161\u00ed, ne\u017e v \u010c\u00edn\u011b, Spojen\u00fdch St\u00e1tech \u010di Japonsku.<\/p>\n<p><img loading=\"lazy\" decoding=\"async\" class=\"alignleft\" style=\"margin: 5px; float: left;\" src=\"https:\/\/www.greenpeace.org\/static\/planet4-czech-republic-stateless\/2018\/10\/77c1586c-77c1586c-bref-health-report-titulka.jpg\" alt=\"\" width=\"578\" height=\"815\" \/><\/p>\n<p>&nbsp;<\/p>\n<p>&nbsp;<\/p>\n<p>&nbsp;<\/p>\n<p>&nbsp;<\/p>\n<p>&nbsp;<\/p>\n<p>&nbsp;<\/p>\n<p>&nbsp;<\/p>\n<p>&nbsp;<\/p>\n<p>&nbsp;<\/p>\n<p>&nbsp;<\/p>\n<p>&nbsp;<\/p>\n<p>&nbsp;<\/p>\n<p>&nbsp;<\/p>\n<p>&nbsp;<\/p>\n<p>&nbsp;<\/p>\n<p>&nbsp;<\/p>\n<p>&nbsp;<\/p>\n<p>&nbsp;<\/p>\n<p>&nbsp;<\/p>\n<p>&nbsp;<\/p>\n<p>Nedostate\u010dn\u011b p\u0159\u00edsn\u00e9 emisn\u00ed limity by mohly v obdob\u00ed mezi roky 2020 a 2029 v\u00e9st k 71 000 p\u0159ed\u010dasn\u00fdch \u00famrt\u00ed, kter\u00fdm by bylo mo\u017en\u00e9 p\u0159edej\u00edt p\u0159i pou\u017eit\u00ed skute\u010dn\u011b nejlep\u0161\u00edch dostupn\u00fdch technik (ji\u017e dnes pou\u017e\u00edvan\u00fdch v praxi). Jedn\u00e1 se zejm\u00e9na o zbyte\u010dn\u00e1 \u00famrt\u00ed kv\u016fli zv\u00fd\u0161en\u00e9mu riziku mrtvice, srde\u010dn\u00edch onemocn\u011bn\u00ed, rakoviny plic a dal\u0161\u00edch nemoc\u00ed souvisej\u00edc\u00edch se zne\u010di\u0161t\u011bn\u00edm ovzdu\u0161\u00ed [4]. Zne\u010di\u0161t\u011bn\u00ed zp\u016fsoben\u00e9 spalov\u00e1n\u00edm uhl\u00ed by krom toho vyvolalo stovky tis\u00edc smrt\u00ed nekon\u010d\u00edc\u00edch p\u0159\u00edpad\u016f srde\u010dn\u00edch onemocn\u011bn\u00ed a nemoc\u00ed d\u00fdchac\u00edch cest jako jsou chronick\u00e1 bronchitida nebo astma. V\u00fdrazn\u011b posti\u017eeny by byly d\u011bti. Vypl\u00fdv\u00e1 to z anal\u00fdzy \u201eZdravotn\u00ed a ekonomick\u00e9 dopady r\u016fzn\u00fdch variant emisn\u00ed limit\u016f pro uheln\u00e9 elektr\u00e1rny v EU\u201c [5], kterou nechaly zpracovat nevl\u00e1dn\u00ed organizace Greenpeace a EEB.<\/p>\n<p>Cel\u00fd infolist zde:<\/p>\n<p><a href=\"https:\/\/www.greenpeace.org\/static\/planet4-czech-republic-stateless\/2018\/10\/23f870a5-23f870a5-toxicke-uhli-infolist.pdf\" target=\"_blank\" rel=\"noopener noreferrer\">Toxick\u00e9 uhl\u00ed: zdravotn\u00ed dopady slab\u00fdch emisn\u00edch limit\u016f EU<\/a><\/p>\n<\/div>\n","protected":false},"excerpt":{"rendered":"<div>\n\tEvropsk\u00e1 unie v sou\u010dasn\u00e9 dob\u011b p\u0159ipravuje nov\u00e9 normy pro zne\u010di\u0161t\u011bn\u00ed z uheln\u00fdch elektr\u00e1ren v EU. Tento proces je jedine\u010dnou p\u0159\u00edle\u017eitost\u00ed, jak omezit toxick\u00e9 emise, na jejich\u017e n\u00e1sledky v Evrop\u011b ka\u017edoro\u010dn\u011b um\u00edraj\u00ed des\u00edtky tis\u00edc lid\u00ed. Greenpeace ov\u0161em ji\u017e v b\u0159eznu odhalilo, \u017ee Evropsk\u00e1 unie v podstat\u011b p\u0159enechala p\u0159\u00edpravu nov\u00fdch pravidel pro zne\u010di\u0161t\u011bn\u00ed (tzv. BREF, tedy referen\u010dn\u00edch dokument\u016f nejlep\u0161\u00edch dostupn\u00fdch technik BAT) z\u00e1stupc\u016fm pr\u016fmyslu, jejich\u017e \u010dinnost maj\u00ed regulovat. V d\u016fsledku toho hroz\u00ed, \u017ee nov\u00e9 emisn\u00ed limity, kter\u00e9 nakonec EU schv\u00e1l\u00ed, budou mimo\u0159\u00e1dn\u011b slab\u00e9 \u2013 m\u00edrn\u011bj\u0161\u00ed, ne\u017e v \u010c\u00edn\u011b, Spojen\u00fdch St\u00e1tech \u010di Japonsku.\n<\/div>\n","protected":false},"author":29,"featured_media":823,"comment_status":"open","ping_status":"open","sticky":false,"template":"","format":"standard","meta":{"ep_exclude_from_search":false,"p4_og_title":"","p4_og_description":"","p4_og_image":"","p4_og_image_id":"","p4_seo_canonical_url":"","p4_campaign_name":"","p4_local_project":"","p4_basket_name":"","p4_department":"","footnotes":""},"categories":[2],"tags":[19],"p4-page-type":[15],"class_list":["post-822","post","type-post","status-publish","format-standard","has-post-thumbnail","hentry","category-priroda","tag-ovzdusi","p4-page-type-publikace"],"_links":{"self":[{"href":"https:\/\/www.greenpeace.org\/czech\/wp-json\/wp\/v2\/posts\/822","targetHints":{"allow":["GET"]}}],"collection":[{"href":"https:\/\/www.greenpeace.org\/czech\/wp-json\/wp\/v2\/posts"}],"about":[{"href":"https:\/\/www.greenpeace.org\/czech\/wp-json\/wp\/v2\/types\/post"}],"author":[{"embeddable":true,"href":"https:\/\/www.greenpeace.org\/czech\/wp-json\/wp\/v2\/users\/29"}],"replies":[{"embeddable":true,"href":"https:\/\/www.greenpeace.org\/czech\/wp-json\/wp\/v2\/comments?post=822"}],"version-history":[{"count":4,"href":"https:\/\/www.greenpeace.org\/czech\/wp-json\/wp\/v2\/posts\/822\/revisions"}],"predecessor-version":[{"id":4853,"href":"https:\/\/www.greenpeace.org\/czech\/wp-json\/wp\/v2\/posts\/822\/revisions\/4853"}],"wp:featuredmedia":[{"embeddable":true,"href":"https:\/\/www.greenpeace.org\/czech\/wp-json\/wp\/v2\/media\/823"}],"wp:attachment":[{"href":"https:\/\/www.greenpeace.org\/czech\/wp-json\/wp\/v2\/media?parent=822"}],"wp:term":[{"taxonomy":"category","embeddable":true,"href":"https:\/\/www.greenpeace.org\/czech\/wp-json\/wp\/v2\/categories?post=822"},{"taxonomy":"post_tag","embeddable":true,"href":"https:\/\/www.greenpeace.org\/czech\/wp-json\/wp\/v2\/tags?post=822"},{"taxonomy":"p4-page-type","embeddable":true,"href":"https:\/\/www.greenpeace.org\/czech\/wp-json\/wp\/v2\/p4-page-type?post=822"}],"curies":[{"name":"wp","href":"https:\/\/api.w.org\/{rel}","templated":true}]}}