{"id":858,"date":"2018-01-04T00:00:00","date_gmt":"2018-01-03T22:00:00","guid":{"rendered":"https:\/\/www.greenpeace.org\/czech\/uncategorized\/858\/norsky-soud-uznal-pravo-na-zivotni-prostredi-ale-licence-na-tezbu-ropy-nezrusil\/"},"modified":"2019-11-06T10:38:23","modified_gmt":"2019-11-06T08:38:23","slug":"norsky-soud-uznal-pravo-na-zivotni-prostredi-ale-licence-na-tezbu-ropy-nezrusil","status":"publish","type":"post","link":"https:\/\/www.greenpeace.org\/czech\/tiskova-zprava\/858\/norsky-soud-uznal-pravo-na-zivotni-prostredi-ale-licence-na-tezbu-ropy-nezrusil\/","title":{"rendered":"Norsk\u00fd soud uznal pr\u00e1vo na \u017eivotn\u00ed prost\u0159ed\u00ed, ale licence na t\u011b\u017ebu ropy nezru\u0161il"},"content":{"rendered":"<div class=\"leader\">\n<p>Norsk\u00fd soud, kter\u00fd se zab\u00fdval \u017ealobou Greenpeace a dal\u0161\u00edch organizac\u00ed na rozhodnut\u00ed norsk\u00e9 vl\u00e1dy vydat licence na nov\u00e1 ropn\u00e1 nalezi\u0161t\u011b, dnes dosp\u011bl k verdiktu. Soud sice prohl\u00e1sil, \u017ee norsk\u00e1 vl\u00e1da mus\u00ed p\u0159i sv\u00e9 \u010dinnosti dodr\u017eovat \u00fastavn\u00ed pr\u00e1vo budouc\u00edch generac\u00ed na zdrav\u00e9 \u017eivotn\u00ed prost\u0159ed\u00ed, v p\u0159\u00edpad\u011b nov\u00fdch ropn\u00fdch licenc\u00ed v\u0161ak podle n\u011bj vl\u00e1da \u00fastavu neporu\u0161ila.<\/p>\n<p><strong>\u0158editel Greenpeace Norsko Truls Gulowsen, \u0159ekl:<br \/>\n<\/strong><em>\u201cParagraf o \u017eivotn\u00edm prost\u0159ed\u00ed v na\u0161\u00ed \u00fastav\u011b byl poprv\u00e9 potvrzen i p\u0159i re\u00e1ln\u00e9 soudn\u00ed p\u0159i, ov\u0161em to, \u017ee soud neuznal pod\u00edl Norska na ni\u010den\u00ed zemsk\u00e9ho klimatu, je velk\u00fdm zklam\u00e1n\u00edm. I p\u0159es dne\u0161n\u00ed ne\u00fasp\u011bch si mysl\u00edm, \u017ee lid\u00e9 budou \u010dast\u011bji zpochyb\u0148ovat \u0161patn\u00e1 rozhodnut\u00ed sv\u00fdch vl\u00e1d a do\u017eadovat se jejich n\u00e1pravy st\u00e1le \u010dast\u011bji.\u201d<\/em><\/p>\n<p><em><img decoding=\"async\" src=\"https:\/\/www.greenpeace.org\/static\/planet4-czech-republic-stateless\/2018\/10\/9164f327-9164f327-gp0stqy4x_pressmedia.jpg\" alt=\"\" width=\"600\" \/><\/em><\/p>\n<p>Do zm\u00edn\u011bn\u00e9 \u017ealoby se v roli vedlej\u0161\u00edho \u00fa\u010dastn\u00edka p\u0159idalo p\u0159es p\u016fl milionu lid\u00ed z r\u016fzn\u00fdch zem\u00ed sv\u011bta, v\u010detn\u011b \u010cesk\u00e9 republiky.<\/p>\n<\/div>\n","protected":false},"excerpt":{"rendered":"<div>\n\tNorsk\u00fd soud, kter\u00fd se zab\u00fdval \u017ealobou Greenpeace a dal\u0161\u00edch organizac\u00ed na rozhodnut\u00ed norsk\u00e9 vl\u00e1dy vydat licence na nov\u00e1 ropn\u00e1 nalezi\u0161t\u011b, dnes dosp\u011bl k verdiktu. Soud sice prohl\u00e1sil, \u017ee norsk\u00e1 vl\u00e1da mus\u00ed p\u0159i sv\u00e9 \u010dinnosti dodr\u017eovat \u00fastavn\u00ed pr\u00e1vo budouc\u00edch generac\u00ed na zdrav\u00e9 \u017eivotn\u00ed prost\u0159ed\u00ed, v p\u0159\u00edpad\u011b nov\u00fdch ropn\u00fdch licenc\u00ed v\u0161ak podle n\u011bj vl\u00e1da \u00fastavu neporu\u0161ila.\n<\/div>\n","protected":false},"author":29,"featured_media":859,"comment_status":"open","ping_status":"open","sticky":false,"template":"","format":"standard","meta":{"ep_exclude_from_search":false,"p4_og_title":"","p4_og_description":"","p4_og_image":"","p4_og_image_id":"","p4_seo_canonical_url":"","p4_campaign_name":"","p4_local_project":"","p4_basket_name":"","p4_department":"","footnotes":""},"categories":[2],"tags":[18,25],"p4-page-type":[14],"class_list":["post-858","post","type-post","status-publish","format-standard","has-post-thumbnail","hentry","category-priroda","tag-oceany","tag-konec-doby-fosilni","p4-page-type-tiskova-zprava"],"_links":{"self":[{"href":"https:\/\/www.greenpeace.org\/czech\/wp-json\/wp\/v2\/posts\/858","targetHints":{"allow":["GET"]}}],"collection":[{"href":"https:\/\/www.greenpeace.org\/czech\/wp-json\/wp\/v2\/posts"}],"about":[{"href":"https:\/\/www.greenpeace.org\/czech\/wp-json\/wp\/v2\/types\/post"}],"author":[{"embeddable":true,"href":"https:\/\/www.greenpeace.org\/czech\/wp-json\/wp\/v2\/users\/29"}],"replies":[{"embeddable":true,"href":"https:\/\/www.greenpeace.org\/czech\/wp-json\/wp\/v2\/comments?post=858"}],"version-history":[{"count":1,"href":"https:\/\/www.greenpeace.org\/czech\/wp-json\/wp\/v2\/posts\/858\/revisions"}],"predecessor-version":[{"id":860,"href":"https:\/\/www.greenpeace.org\/czech\/wp-json\/wp\/v2\/posts\/858\/revisions\/860"}],"wp:featuredmedia":[{"embeddable":true,"href":"https:\/\/www.greenpeace.org\/czech\/wp-json\/wp\/v2\/media\/859"}],"wp:attachment":[{"href":"https:\/\/www.greenpeace.org\/czech\/wp-json\/wp\/v2\/media?parent=858"}],"wp:term":[{"taxonomy":"category","embeddable":true,"href":"https:\/\/www.greenpeace.org\/czech\/wp-json\/wp\/v2\/categories?post=858"},{"taxonomy":"post_tag","embeddable":true,"href":"https:\/\/www.greenpeace.org\/czech\/wp-json\/wp\/v2\/tags?post=858"},{"taxonomy":"p4-page-type","embeddable":true,"href":"https:\/\/www.greenpeace.org\/czech\/wp-json\/wp\/v2\/p4-page-type?post=858"}],"curies":[{"name":"wp","href":"https:\/\/api.w.org\/{rel}","templated":true}]}}