{"id":931,"date":"2018-01-30T16:21:00","date_gmt":"2018-01-30T14:21:00","guid":{"rendered":"https:\/\/www.greenpeace.org\/czech\/uncategorized\/931\/recyklovani-problem-plastoveho-znecisteni-nevyresi\/"},"modified":"2019-11-06T10:38:22","modified_gmt":"2019-11-06T08:38:22","slug":"recyklovani-problem-plastoveho-znecisteni-nevyresi","status":"publish","type":"post","link":"https:\/\/www.greenpeace.org\/czech\/clanek\/931\/recyklovani-problem-plastoveho-znecisteni-nevyresi\/","title":{"rendered":"Recyklov\u00e1n\u00ed probl\u00e9m plastov\u00e9ho zne\u010di\u0161t\u011bn\u00ed nevy\u0159e\u0161\u00ed"},"content":{"rendered":"<div class=\"post-content\">\n<div><strong>Plasty jsou \u00fapln\u011b v\u0161ude. Doslova. A te\u010f se o nich kone\u010dn\u011b za\u010d\u00edn\u00e1 mluvit. Nemus\u00edte b\u00fdt v\u011bdec, aby v\u00e1m bylo jasn\u00e9, \u017ee plastov\u00e9 zne\u010di\u0161t\u011bn\u00ed je pro na\u0161e \u017eivotn\u00ed prost\u0159ed\u00ed v\u00e1\u017en\u00fd probl\u00e9m. Ka\u017ed\u00fd rok skon\u010d\u00ed v oce\u00e1nech \u00a0a\u017e 12 mili\u00f3n\u016f tun plast\u016f, kter\u00e9 se dost\u00e1vaj\u00ed do v\u0161ech z\u00e1kout\u00ed na\u0161ich oce\u00e1n\u016f i do potravn\u00edho \u0159et\u011bzce mo\u0159sk\u00fdch \u017eivo\u010dich\u016f i lid\u00ed.<\/strong>Lid\u00e9 po cel\u00e9m sv\u011bt\u011b u\u017e nyn\u00ed pracuj\u00ed na tom, abychom se zm\u011bnili ze spole\u010dnosti, kter\u00e1 jen produkuje plasty, kter\u00e9 jednou pou\u017eije, zmuchl\u00e1 a zahod\u00ed. Pomoci mohou jak <a href=\"https:\/\/www.plastjepast.cz\/tipy\/20-tipu-jak-zit-bez-plastu\/\">zm\u011bny v osobn\u00edm \u017eivot\u011b<\/a> \u010di v dom\u00e1cnostech, <a href=\"https:\/\/www.seznamzpravy.cz\/clanek\/greenpeace-sochou-zablokovalo-sidlo-coca-coly-jeji-lahve-znecistuji-oceany-29913\">tlak na firmy<\/a>, kter\u00e9 vyr\u00e1b\u011bj\u00ed \u010di pou\u017e\u00edvaj\u00ed plasty na jedno pou\u017eit\u00ed, nebo konkr\u00e9tn\u00ed zm\u011bna v obchodech a slu\u017eb\u00e1ch, kter\u00e9 za\u010dnou pou\u017e\u00edvat omyvateln\u00e9 materi\u00e1ly na v\u00edce pou\u017eit\u00ed (nap\u0159. kovov\u00e1 br\u010dka na v\u00edce pou\u017eit\u00ed), \u0161etrn\u011bj\u0161\u00ed alternativy k jednor\u00e1zov\u00fdm plast\u016fm (kompostovateln\u00e1 br\u010dka z pap\u00edru) nebo <a href=\"http:\/\/bezobalu.org\/\">dokonce bezobalov\u00e1 \u0159e\u0161en\u00ed<\/a> (zapome\u0148te na br\u010dka, opravdu je pot\u0159ebujete?).<\/p>\n<p>Hnut\u00ed <a href=\"http:\/\/plastjepast.cz\/\">#PlastJePast<\/a> se rozjelo a u\u017e ho nic nezastav\u00ed!<\/p>\n<p><img loading=\"lazy\" decoding=\"async\" src=\"https:\/\/www.greenpeace.org\/static\/planet4-czech-republic-stateless\/2018\/10\/9b07f1da-9b07f1da-140759_253926.jpg\" alt=\"\" width=\"600\" height=\"400\" \/><\/p>\n<p>Cel\u00e1 Evropa m\u016f\u017ee ji\u017e brzy zam\u00e1vat s jednor\u00e1zov\u00fdmi plasty.<\/p>\n<p>V prosinci minul\u00e9ho roku jsme ministrovi \u017eivotn\u00edho prost\u0159ed\u00ed Richardu Brabcovi <a href=\"http:\/\/www.greenpeace.org\/czech\/cz\/press\/Omezit-plastovy-odpad-chce-45-tisic-lidi\/\">p\u0159edali petici<\/a>, kterou podepsalo p\u0159es 45 tis\u00edc lid\u00ed. Po\u017eadovali jsme, aby se p\u0159i vyjedn\u00e1v\u00e1n\u00ed nov\u00fdch pravidel Evropsk\u00e9 unie aktivn\u011b stav\u011bl proti plastu a za principy cirkul\u00e1rn\u00ed ekonomiky. V\u00fdsledn\u00e9 hlasov\u00e1n\u00ed pak <a href=\"http:\/\/www.greenpeace.org\/czech\/cz\/blogy\/Dalsi-temata\/zakony-na-plasty\/blog\/61001\/\">uk\u00e1zalo pozitivn\u00ed sm\u011br<\/a>, kter\u00fdm se cht\u011bj\u00ed evropsk\u00e9 st\u00e1ty vydat. Te\u010f v lednu ov\u0161em na jejich z\u00e1klad\u011b Evropsk\u00e1 unie vydala <a href=\"https:\/\/www.greenpeace.org\/static\/planet4-czech-republic-stateless\/2018\/10\/d4b0ec10-d4b0ec10-plastics-strategy.pdf\">Evropskou plastovou strategii<\/a>. Dokument, kter\u00fd vytvo\u0159ila Evropsk\u00e1 komise, mus\u00ed b\u00fdt brzy p\u0159etaven do konkr\u00e9tn\u00edch zm\u011bn. Z\u00e1le\u017eet bude na jednotliv\u00fdch st\u00e1tech a hlavn\u011b lidech, kte\u0159\u00ed mus\u00ed politiky ke zm\u011bn\u00e1m p\u0159im\u011bt.<\/p>\n<p>Evropsk\u00e1 unie je po \u010c\u00edn\u011b druh\u00fdm nejv\u011bt\u0161\u00edm producentem plastu. Statistiky jsou d\u011bsiv\u00e9:<\/p>\n<ul>\n<li>V EU se ka\u017ed\u00fd rok vyrob\u00ed 25,8 milion\u016f tun plast\u016f, z nich\u017e 70 % jde na skl\u00e1dky nebo do spaloven.<\/li>\n<li>Ze zem\u00ed EU se ka\u017ed\u00fd rok dostane do oce\u00e1n\u016f 150 \u2013 500 000 tun plastu.<\/li>\n<li>V zem\u00edch EU se do \u017eivotn\u00edho prost\u0159ed\u00ed uvoln\u00ed 75 \u2013 300 000 tun mikroplast\u016f.<\/li>\n<\/ul>\n<p>Mus\u00edme rychle zm\u011bnit tahle \u010d\u00edsla a na prvn\u00ed pohled to vypad\u00e1, \u017ee nov\u00e1 strategie to v\u00ed. Kdy\u017e se ale do n\u00ed za\u010dteme, u\u017e to tak slavn\u011b nevypad\u00e1.<\/p>\n<p>Jsou tam ov\u0161em skv\u011bl\u00e9 n\u00e1pady \u2013 t\u0159eba \u017ee k mikroplast\u016fm (v\u010detn\u011b t\u011bch v kosmetick\u00fdch produktech) bude Evropsk\u00e1 unie nov\u011b p\u0159istupovat jako k toxick\u00e9mu zne\u010di\u0161t\u011bn\u00ed. To je skv\u011bl\u00e9! A tak\u00e9 se zde tvrd\u00ed, \u017ee do roku 2030 bude 100 % v\u0161ech plastov\u00fdch obal\u016f na evropsk\u00e9m trhu znovu pou\u017eiteln\u00e9 nebo recyklovateln\u00e9, s t\u00edm, \u017ee prvn\u00ed z\u00e1kony, kter\u00e9 budou tuto zm\u011bnu \u0159e\u0161it, se objev\u00ed ji\u017e v leto\u0161n\u00edm roce. Hodn\u011b sl\u00edbn\u00e9\u2026<\/p>\n<p>Ale cel\u00fd ten text se op\u011bt p\u0159\u00edli\u0161 to\u010d\u00ed kolem recyklace, zat\u00edmco pas\u00e1\u017ee o omezen\u00ed odpadu \u010di jeho nov\u00e9m, smyslupln\u00e9m vyu\u017eit\u00ed zde t\u00e9m\u011b\u0159 nenajdeme. Nikdy se n\u00e1m nepoda\u0159\u00ed vy\u0159e\u0161it probl\u00e9m plastov\u00e9ho zne\u010di\u0161t\u011bn\u00ed, pokud nebudeme \u0159e\u0161it jeho pravou p\u0159\u00ed\u010dinu \u2013 nekontrolovanou v\u00fdrobu jednor\u00e1zov\u00e9ho plastu, kter\u00fdm n\u00e1s velk\u00e9 firmy p\u0159\u00edmo zasyp\u00e1vaj\u00ed. Alternativy p\u0159itom existuj\u00ed a jsou na vzestupu. Do m\u011bst v\u0161ude po sv\u011bt\u011b se nap\u0159\u00edklad vracej\u00ed p\u00edtka a bezobalov\u00e9 obchody \u010di opravny zbo\u017e\u00ed jsou op\u011bt m\u00f3dn\u00ed. Bez podpory politik\u016f se ale z t\u011bchto trend\u016f mainstream nestane.<\/p>\n<p>Tak\u017ee te\u010f mus\u00edme hledat zp\u016fsoby, jak urychlit zm\u011bny v z\u00e1konech a dotla\u010dit na\u0161e vl\u00e1dy k tomu, aby p\u0159ijala \u00fa\u010dinn\u00e1 opat\u0159en\u00ed na omezen\u00ed plastov\u00e9ho odpadu \u2013 t\u0159eba i z\u00e1kaz jednor\u00e1zov\u00fdch plast\u016f, pokud to bude nutn\u00e9. M\u00e1me te\u010f obrovskou p\u0159\u00edle\u017eitost nejen v Evrop\u011b, ale i v dal\u0161\u00edch regionech za\u010d\u00edt tento probl\u00e9m \u0159e\u0161it.<br \/>\nZa\u010dn\u011bte <a href=\"https:\/\/www.plastjepast.cz\/tipy\/20-tipu-jak-zit-bez-plastu\/\">omezovat plast s n\u00e1mi<\/a>!<br \/>\nProto\u017ee <a href=\"https:\/\/www.plastjepast.cz\/\">#PlastJePast<\/a>.<\/p>\n<p><em>Elvira Jim\u00e9nez vede plastovou kampa\u0148 v Greenpeace \u0160pan\u011blsko.<\/em><\/p>\n<\/div>\n<\/div>\n","protected":false},"excerpt":{"rendered":"<p>Plasty jsou \u00fapln\u011b v\u0161ude. Doslova. A te\u010f se o nich kone\u010dn\u011b za\u010d\u00edn\u00e1 mluvit. Nemus\u00edte b\u00fdt v\u011bdec, aby v\u00e1m bylo jasn\u00e9, \u017ee plastov\u00e9 zne\u010di\u0161t\u011bn\u00ed je pro na\u0161e \u017eivotn\u00ed prost\u0159ed\u00ed v\u00e1\u017en\u00fd probl\u00e9m. Ka\u017ed\u00fd rok skon\u010d\u00ed v oce\u00e1nech \u00a0a\u017e 12 mili\u00f3n\u016f tun plast\u016f, kter\u00e9 se dost\u00e1vaj\u00ed do v\u0161ech z\u00e1kout\u00ed na\u0161ich oce\u00e1n\u016f i do potravn\u00edho \u0159et\u011bzce mo\u0159sk\u00fdch \u017eivo\u010dich\u016f i lid\u00ed.<\/p>\n","protected":false},"author":29,"featured_media":932,"comment_status":"open","ping_status":"open","sticky":false,"template":"","format":"standard","meta":{"ep_exclude_from_search":false,"p4_og_title":"","p4_og_description":"","p4_og_image":"","p4_og_image_id":"","p4_seo_canonical_url":"","p4_campaign_name":"","p4_local_project":"","p4_basket_name":"","p4_department":"","footnotes":""},"categories":[3],"tags":[21],"p4-page-type":[16],"class_list":["post-931","post","type-post","status-publish","format-standard","has-post-thumbnail","hentry","category-nas-svet","tag-plast-je-past","p4-page-type-clanek"],"_links":{"self":[{"href":"https:\/\/www.greenpeace.org\/czech\/wp-json\/wp\/v2\/posts\/931","targetHints":{"allow":["GET"]}}],"collection":[{"href":"https:\/\/www.greenpeace.org\/czech\/wp-json\/wp\/v2\/posts"}],"about":[{"href":"https:\/\/www.greenpeace.org\/czech\/wp-json\/wp\/v2\/types\/post"}],"author":[{"embeddable":true,"href":"https:\/\/www.greenpeace.org\/czech\/wp-json\/wp\/v2\/users\/29"}],"replies":[{"embeddable":true,"href":"https:\/\/www.greenpeace.org\/czech\/wp-json\/wp\/v2\/comments?post=931"}],"version-history":[{"count":1,"href":"https:\/\/www.greenpeace.org\/czech\/wp-json\/wp\/v2\/posts\/931\/revisions"}],"predecessor-version":[{"id":934,"href":"https:\/\/www.greenpeace.org\/czech\/wp-json\/wp\/v2\/posts\/931\/revisions\/934"}],"wp:featuredmedia":[{"embeddable":true,"href":"https:\/\/www.greenpeace.org\/czech\/wp-json\/wp\/v2\/media\/932"}],"wp:attachment":[{"href":"https:\/\/www.greenpeace.org\/czech\/wp-json\/wp\/v2\/media?parent=931"}],"wp:term":[{"taxonomy":"category","embeddable":true,"href":"https:\/\/www.greenpeace.org\/czech\/wp-json\/wp\/v2\/categories?post=931"},{"taxonomy":"post_tag","embeddable":true,"href":"https:\/\/www.greenpeace.org\/czech\/wp-json\/wp\/v2\/tags?post=931"},{"taxonomy":"p4-page-type","embeddable":true,"href":"https:\/\/www.greenpeace.org\/czech\/wp-json\/wp\/v2\/p4-page-type?post=931"}],"curies":[{"name":"wp","href":"https:\/\/api.w.org\/{rel}","templated":true}]}}