{"id":954,"date":"2018-08-24T12:22:00","date_gmt":"2018-08-24T10:22:00","guid":{"rendered":"https:\/\/www.greenpeace.org\/czech\/uncategorized\/954\/jak-jsme-rozvirili-stojate-vody-v-plastovych-lahvich-v-brnenskem-obchodaku\/"},"modified":"2019-11-06T10:38:14","modified_gmt":"2019-11-06T08:38:14","slug":"jak-jsme-rozvirili-stojate-vody-v-plastovych-lahvich-v-brnenskem-obchodaku","status":"publish","type":"post","link":"https:\/\/www.greenpeace.org\/czech\/clanek\/954\/jak-jsme-rozvirili-stojate-vody-v-plastovych-lahvich-v-brnenskem-obchodaku\/","title":{"rendered":"Jak jsme rozv\u00ed\u0159ili stojat\u00e9 vody v plastov\u00fdch lahv\u00edch v brn\u011bnsk\u00e9m obcho\u010f\u00e1ku"},"content":{"rendered":"<div class=\"post-content\">\n<p><strong>P\u0159ed p\u00e1r dny m\u011b s p\u0159\u00edtelkyn\u00ed oslovil kamar\u00e1d, \u017ee se dozv\u011bd\u011bl o kampani Plast je past, kterou spustilo hnut\u00ed Greenpeace. \u017de pr\u00fd bychom se mohli sej\u00edt v obchod\u011b a spole\u010dn\u011b nakoupit, co si b\u011b\u017en\u011b kupujeme, a u pokladen to v\u0161e rozbalit z t\u011bch zbyte\u010dn\u00fdch jednor\u00e1zov\u00fdch obal\u016f a nasypat si to do sv\u00fdch vlastn\u00edch. Byli jsme z toho nad\u0161en\u00ed, a tak jsme obvolali kamar\u00e1dy a zn\u00e1m\u00e9 a domluvili si hned na dal\u0161\u00ed den sch\u016fzku. Tam n\u00e1s napadlo, \u017ee ud\u011bl\u00e1me v\u0161echno trochu jinak.<\/strong><\/p>\n<p>\u0158ekli jsme si, \u017ee kdy\u017e je smyslem upozornit na nadbyte\u010dnost plast\u016f, mohli bychomzbo\u017e\u00ed v obchod\u011b polepit n\u00e1lepkami, kter\u00e9 na to poukazuj\u00ed. Z\u00e1rove\u0148 jsme se necht\u011bli vzd\u00e1t n\u00e1padu Greenpeace na osvobozen\u00ed potravin z plastov\u00fdch obal\u016f p\u0159\u00edmo v obchod\u011b, a tak jsme si \u0159ekli, \u017ee tuto performanci ud\u011bl\u00e1me v mal\u00e9m \u2013 ka\u017ed\u00fd z n\u00e1s si koup\u00ed jeden v\u00fdrobek a pak ho za pokladnou p\u0159esype do sv\u00e9ho obalu.<\/p>\n<p><img decoding=\"async\" src=\"https:\/\/www.greenpeace.org\/static\/planet4-czech-republic-stateless\/2018\/10\/1a30e246-1a30e246-143589_260775.jpg\" alt=\"\" \/><\/p>\n<p>Domluvili jsme se, \u017ee vyrob\u00edme n\u00e1lepky v r\u016fzn\u00fdch variant\u00e1ch. Jedny \u0159\u00edkaly \u201eToto je zbyte\u010dn\u00fd obal\u201c a lepily jsme je na produkty, kter\u00e9 si bez plastu snadno porad\u00ed. Dal\u0161\u00ed vzkaz sd\u011bloval \u201eJ\u00e1 obal nepot\u0159ebuji\u201c a lepil se pov\u011bt\u0161inou na ovoce a zeleninu, kter\u00e9 u\u017e maj\u00ed sv\u016fj p\u0159irozen\u00fd obal. T\u0159et\u00ed n\u00e1lepka se vzkazem \u201eP\u0159ines si s\u00e1\u010dek z domu\u201c upozor\u0148ovala na mo\u017enost don\u00e9st si sv\u016fj vlastn\u00ed znovupou\u017eiteln\u00fd obal z domu.<\/p>\n<p>Dal\u0161\u00ed den jsme se v\u0161ichni potkali p\u0159ed supermarkem Albert. Bylo n\u00e1s dvakr\u00e1t v\u00edce, ne\u017e jsme p\u016fvodn\u011b \u010dekali. Dokonce jsme se ani v\u0161ichni po\u0159\u00e1dn\u011b neznali, ale spojoval n\u00e1s stejn\u00fd c\u00edl. Promysleli jsme posledn\u00ed detaily, zvolili si taktiku, rozdali si samolepky a rozhodli se, na kter\u00e9 produkty budeme p\u0159ednostn\u011b c\u00edlit.<\/p>\n<p><img decoding=\"async\" src=\"https:\/\/www.greenpeace.org\/static\/planet4-czech-republic-stateless\/2018\/10\/6ba542e2-6ba542e2-143590_260777.jpg\" alt=\"\" \/><\/p>\n<p>Kdy\u017e na\u0161e trojice \u2013 moje p\u0159\u00edtelkyn\u011b, j\u00e1 a n\u00e1\u0161 kamar\u00e1d \u2013 vstoupila do prodejny, zjistili jsme, \u017ee u reg\u00e1l\u016f, kter\u00e9 jsme si zvolili, pr\u00e1v\u011b zam\u011bstnanci prodejny p\u0159erovn\u00e1vaj\u00ed zbo\u017e\u00ed. Nehled\u011b na to jsme za\u010dali s polepov\u00e1n\u00edm, jako by se nic ned\u011blo. Na reakce jsme nemuseli \u010dekat dlouho. V\u011bt\u0161ina zam\u011bstnanky\u0148 sice utrousila, \u017ee se jich na\u0161e aktivita net\u00fdk\u00e1, jedna z nich se pustila do debaty s na\u0161\u00edm kamar\u00e1dem. Po\u017e\u00e1dala ho, aby lepen\u00ed ukon\u010dil, jeliko\u017e si na to nevy\u017e\u00e1dal povolen\u00ed, ov\u0161em se smyslem akce a s t\u00edm, \u017ee je v obchod\u011b spousta zbyte\u010dn\u00e9ho plastu, souhlasila. Ne\u017e skon\u010dil jejich rozhovor, ostatn\u00ed polepili n\u00e1lepkami t\u00e9m\u011b\u0159 celou sekci Ovoce \u2013 Zelenina. Naproti tomu chlad\u00edc\u00ed reg\u00e1l s masn\u00fdmi produkty byl br\u00e1n\u011bn mnohem intenzivn\u011bji. Dvojici kamar\u00e1d\u016f odtamtud poslali pry\u010d, a tak museli j\u00edt o reg\u00e1l vedle.<\/p>\n<p style=\"text-align: center;\"><a href=\"https:\/\/www.greenpeace.org\/static\/planet4-czech-republic-stateless\/2018\/10\/452b545c-452b545c-stitky_7037_mm.pdf\"><strong>Poj\u010fte do toho s n\u00e1mi. Vylepte samolepky ve sv\u00e9m supermarketu.<\/strong><\/a><\/p>\n<p>I kdyby ne\u0161la akce tak hladce a zam\u011bstnanci by zakro\u010dili proti n\u00e1m aktivn\u011bji, bylo by velmi t\u011b\u017ek\u00e9 n\u00e1m v aktivit\u011b zabr\u00e1nit, proto\u017ee n\u00e1s bylo dostate\u010dn\u00e9 mno\u017estv\u00ed, abychom se mohli rozpt\u00fdlit po cel\u00e9m obchod\u011b. Za kr\u00e1tkou dobu jsme stihli polepit sekci balen\u00fdch s\u00fdr\u016f, pe\u010diva, PET lahv\u00ed, ovoce, zeleniny, pochutin i vybran\u00e9 drogerie. Od nakupuj\u00edc\u00edch jsme se b\u011bhem doby lepen\u00ed setkali vesm\u011bs s pozitivn\u00edmi reakcemi, dokonce si n\u011bkte\u0159\u00ed svoje pytl\u00edky a ta\u0161ky p\u0159inesli z domu a ukazovali n\u00e1m je.<\/p>\n<p><img decoding=\"async\" src=\"https:\/\/www.greenpeace.org\/static\/planet4-czech-republic-stateless\/2018\/10\/222cda48-222cda48-143591_260779.jpg\" alt=\"\" \/><\/p>\n<p>Nakonec jsme ode\u0161li a sp\u00ed\u0161 ne\u017e n\u00e1kup jsme si odn\u00e1\u0161eli radost. Spousta lid\u00ed si mysl\u00ed, \u017ee takov\u00e9 akce nemaj\u00ed smysl, \u017ee jsme \u201emal\u00ed p\u00e1ni\u201c a \u017ee v\u0161em jde tak akor\u00e1t o co nejlevn\u011bj\u0161\u00ed n\u00e1kup. Ta p\u016flhodina v supermarketu ale ukazuje , \u017ee to nen\u00ed pravda. Hodn\u011b lid\u00ed se nehodl\u00e1 sm\u00ed\u0159it s t\u00edm, aby korporace diktovaly, \u017ee ka\u017ed\u00e9 sousto mus\u00ed b\u00fdt zabalen\u00e9 ve vlastn\u00edm kousku plastov\u00e9ho odpadu. Vid\u00edme, \u017ee nejsme prvn\u00ed, a nejsme ani posledn\u00ed. Jsme sou\u010d\u00e1st\u00ed procesu zm\u011bny. Sv\u011bt se sice v odpadu u\u017e top\u00ed, ale lid\u00e9 si to za\u010d\u00ednaj\u00ed nejen uv\u011bdomovat \u2013 za\u010d\u00ednaj\u00ed i konat. V rozmanitosti c\u00edl\u016f a strategi\u00ed se skr\u00fdv\u00e1 tak\u00e9 \u010d\u00e1st \u00fasp\u011bchu. Budeme c\u00edlit na v\u0161echny sou\u010d\u00e1sti v\u00fdrobn\u011b-spot\u0159ebitelsk\u00e9ho \u0159et\u011bzce: na v\u00fdrobce, dodavatele, prodejce i z\u00e1kazn\u00edky. Tak\u00e9 na politiky a na nejr\u016fzn\u011bj\u0161\u00ed instituce. A zrovna st\u0159eda byla skv\u011bl\u00fd den na to, abychom naru\u0161ili status quo a rozv\u00ed\u0159ili stojat\u00e9 vody v plastov\u00fdch lahv\u00edch v na\u0161em obcho\u010f\u00e1ku.<\/p>\n<p><strong>Bu\u010fme v\u0161ichni sou\u010d\u00e1st\u00ed p\u0159echodu k budoucnosti, kde sv\u011bt nen\u00ed jedn\u00edm velk\u00fdm odpadkov\u00fdm ko\u0161em!<\/strong><\/p>\n<p><strong><img decoding=\"async\" src=\"https:\/\/www.greenpeace.org\/static\/planet4-czech-republic-stateless\/2018\/10\/94074807-94074807-143592_260781.jpg\" alt=\"\" \/><\/strong><\/p>\n<p><em>Maro\u0161 Pr\u010dina je \u010dlen nov\u011b vznikl\u00e9ho kolektivu ASAPP \u2013 Autonomn\u00ed skupina aktivist\u016f proti plastu. Autorkou fotek je Majda Sl\u00e1mov\u00e1.<\/em><\/p>\n<\/div>\n","protected":false},"excerpt":{"rendered":"<p>P\u0159ed p\u00e1r dny m\u011b s p\u0159\u00edtelkyn\u00ed oslovil kamar\u00e1d, \u017ee se dozv\u011bd\u011bl o kampani Plast je past, kterou spustilo\u00a0hnut\u00ed Greenpeace. \u017de pr\u00fd bychom se mohli sej\u00edt v obchod\u011b a spole\u010dn\u011b nakoupit, co si b\u011b\u017en\u011b kupujeme, a u pokladen to v\u0161e rozbalit z t\u011bch zbyte\u010dn\u00fdch jednor\u00e1zov\u00fdch obal\u016f a nasypat si to do sv\u00fdch vlastn\u00edch. Byli jsme z toho nad\u0161en\u00ed, a tak jsme obvolali kamar\u00e1dy a zn\u00e1m\u00e9 a domluvili si hned na dal\u0161\u00ed den sch\u016fzku. Tam n\u00e1s napadlo, \u017ee ud\u011bl\u00e1me v\u0161echno trochu jinak.<\/p>\n","protected":false},"author":29,"featured_media":958,"comment_status":"open","ping_status":"open","sticky":false,"template":"","format":"standard","meta":{"ep_exclude_from_search":false,"p4_og_title":"","p4_og_description":"","p4_og_image":"","p4_og_image_id":"","p4_seo_canonical_url":"","p4_campaign_name":"","p4_local_project":"","p4_basket_name":"","p4_department":"","footnotes":""},"categories":[3],"tags":[21,24],"p4-page-type":[16],"class_list":["post-954","post","type-post","status-publish","format-standard","has-post-thumbnail","hentry","category-nas-svet","tag-plast-je-past","tag-aktivni-spolecnost","p4-page-type-clanek"],"_links":{"self":[{"href":"https:\/\/www.greenpeace.org\/czech\/wp-json\/wp\/v2\/posts\/954","targetHints":{"allow":["GET"]}}],"collection":[{"href":"https:\/\/www.greenpeace.org\/czech\/wp-json\/wp\/v2\/posts"}],"about":[{"href":"https:\/\/www.greenpeace.org\/czech\/wp-json\/wp\/v2\/types\/post"}],"author":[{"embeddable":true,"href":"https:\/\/www.greenpeace.org\/czech\/wp-json\/wp\/v2\/users\/29"}],"replies":[{"embeddable":true,"href":"https:\/\/www.greenpeace.org\/czech\/wp-json\/wp\/v2\/comments?post=954"}],"version-history":[{"count":2,"href":"https:\/\/www.greenpeace.org\/czech\/wp-json\/wp\/v2\/posts\/954\/revisions"}],"predecessor-version":[{"id":1791,"href":"https:\/\/www.greenpeace.org\/czech\/wp-json\/wp\/v2\/posts\/954\/revisions\/1791"}],"wp:featuredmedia":[{"embeddable":true,"href":"https:\/\/www.greenpeace.org\/czech\/wp-json\/wp\/v2\/media\/958"}],"wp:attachment":[{"href":"https:\/\/www.greenpeace.org\/czech\/wp-json\/wp\/v2\/media?parent=954"}],"wp:term":[{"taxonomy":"category","embeddable":true,"href":"https:\/\/www.greenpeace.org\/czech\/wp-json\/wp\/v2\/categories?post=954"},{"taxonomy":"post_tag","embeddable":true,"href":"https:\/\/www.greenpeace.org\/czech\/wp-json\/wp\/v2\/tags?post=954"},{"taxonomy":"p4-page-type","embeddable":true,"href":"https:\/\/www.greenpeace.org\/czech\/wp-json\/wp\/v2\/p4-page-type?post=954"}],"curies":[{"name":"wp","href":"https:\/\/api.w.org\/{rel}","templated":true}]}}