{"id":1034,"date":"2016-08-05T00:00:00","date_gmt":"2016-08-04T22:00:00","guid":{"rendered":"https:\/\/www.greenpeace.org\/denmark\/div\/sejr-for-amazonas-regnskoven-oedelaeggende-mega-daemning-i-brasilien-stoppet\/"},"modified":"2023-01-20T11:43:53","modified_gmt":"2023-01-20T10:43:53","slug":"sejr-for-amazonas-regnskoven-oedelaeggende-mega-daemning-i-brasilien-stoppet","status":"publish","type":"post","link":"https:\/\/www.greenpeace.org\/denmark\/nyhed\/natur\/sejr-for-amazonas-regnskoven-oedelaeggende-mega-daemning-i-brasilien-stoppet\/","title":{"rendered":"Sejr for Amazonas-regnskoven: \u00d8del\u00e6ggende mega-d\u00e6mning i Brasilien stoppet"},"content":{"rendered":"\n<p class=\"wp-block-paragraph\"><strong>Mens verdens opm\u00e6rksomhed retter sig mod \u00e5bningen af OL i Brasilien, er jublen allerede brudt ud et andet sted i landet, hvor det oprindelige munduruku-folk i over 30 \u00e5r har k\u00e6mpet imod byggeriet af et gigantisk d\u00e6mningsprojekt i hjertet af Amazonas-regnskoven.<\/strong><\/p>\n\n<figure class=\"wp-block-image size-full is-resized\"><img loading=\"lazy\" decoding=\"async\" title=\"Greenpeace Joins the Munduruku to Protest Damming of Tapaj\u00f3s RiverMunduruku protestam contra hidrel\u00e9tricas no Rio Tapaj\u00f3s\" src=\"https:\/\/www.greenpeace.org\/static\/planet4-denmark-stateless\/2018\/10\/7fa21602-7fa21602-tapajos-3.jpg\" alt=\"Greenpeace Brazil activists have joined forces with Munduruku Indigenous leaders to protest the Brazilian government&#039;s plans to build a mega dam complex in the Tapaj\u00f3s River, in the heart of the Brazilian Amazon. Activists joined the Munduruku on a sacred section of the Tapaj\u00f3s River to send a clear message to the world: &quot;Damn the dam. Keep the Tapaj\u00f3s River alive&quot;. Together, they unfurled a 20X30 meter banner demanding an end to the Tapaj\u00f3s dams project. The protest coincides with International Day of Forests, celebrated globally on 21 March. Sawr\u00e9 Muybu Indigenous Land - Itaituba, Par\u00e1, Brazil.\nPara marcar o Dia Internacional das Florestas (21 de mar\u00e7o), lideran\u00e7as Munduruku foram at\u00e9 um trecho do rio Tapaj\u00f3s considerado sagrado pelo povo para passar um recado para o mundo: \u201cBarre a barragem. Mantenha o Rio Tapaj\u00f3s vivo\u201d. Segurando faixas em diversas l\u00ednguas, eles protestaram, ao lado de ativistas do Greenpeace, contra a constru\u00e7\u00e3o de barragens no rio que sustenta sua cultura e modo de vida. Ao todo, h\u00e1 43 hidrel\u00e9tricas previstas para a bacia do Tapaj\u00f3s, sendo cinco j\u00e1 planejadas. A maior delas \u00e9 a de S\u00e3o Luiz do Tapaj\u00f3s, pr\u00f3xima a Itaituba, no Par\u00e1, que, se constru\u00edda, vai afetar a vida de povos ind\u00edgenas e ribeirinhos, al\u00e9m de destruir uma \u00e1rea de intensa biodiversidade na Amaz\u00f4nia. Terra Ind\u00edgena Sawr\u00e9 Muybu - Itaituba, Par\u00e1. 18\/03\/2016. Foto: Rog\u00e9rio Assis\/Greenpeace.\" class=\"wp-image-1035\" width=\"731\" height=\"486\" srcset=\"https:\/\/www.greenpeace.org\/static\/planet4-denmark-stateless\/2018\/10\/7fa21602-7fa21602-tapajos-3-300x200.jpg 300w, https:\/\/www.greenpeace.org\/static\/planet4-denmark-stateless\/2018\/10\/7fa21602-7fa21602-tapajos-3-510x340.jpg 510w\" sizes=\"auto, (max-width: 731px) 100vw, 731px\" \/><\/figure>\n\n<p class=\"wp-block-paragraph\">Brasiliens statslige milj\u00f8agentur (IBAMA) har netop meldt ud, at de ikke vil give milj\u00f8tilladelsen, der skal ligge til grund for byggeriet af en stor d\u00e6mning, som er en del af d\u00e6mningskomplekset. Dermed kan munduruku-folket \u00e5nde lettet op, da faren for at 2.200 km2 regnskov \u2013 et omr\u00e5de p\u00e5 st\u00f8rrelse med Fyn \u2013 blev delvist oversv\u00f8mmet og \u00f8delagt nu er drevet over.<\/p>\n\n<p class=\"wp-block-paragraph\">Munduruku-folkets kultur og livsgrundlag er afh\u00e6ngig af Tapaj\u00f3s-floden og regnskoven, der giver dem mad, medicin og drikkevand.<\/p>\n\n<p class=\"wp-block-paragraph\">\u201cMunduruku-folket er utrolig glad for denne nyhed, og nu vil vi forts\u00e6tte kampen for at stoppe andre d\u00e6mninger p\u00e5 vores flod,\u201d siger siger Arnaldo Kab\u00e1 Munduruku, h\u00f8vding og talsmand for munduruku-folket.<\/p>\n\n<h3 class=\"wp-block-heading\">Ny fremtidsudsigt uden oversv\u00f8mmelse og tvangsflytninger<\/h3>\n\n<p class=\"wp-block-paragraph\">Beslutningen v\u00e6kker ogs\u00e5 gl\u00e6de hos Greenpeace, der st\u00e5r ved munduruku-folkets side i kampen mod d\u00e6mningsprojektet.<\/p>\n\n<p class=\"wp-block-paragraph\">\u201cStoppet for byggeriet af d\u00e6mningen er en stor lettelse for de lokale folk ved floden, der ellers kunne g\u00e5 en fremtid i m\u00f8de med oversv\u00f8mmelse og tvangsflytninger. Det er ogs\u00e5 en stor sejr for regnskoven og klimaet. Sammen med munduruku-folket har Greenpeace k\u00e6mpet for at stoppe den enorme d\u00e6mning, og st\u00f8tten er vokset i hele verden med mere end 1,2 millioner personer, der har skrevet under p\u00e5 dette krav. Det viser, at det nytter at h\u00e6ve stemmen og kr\u00e6ve forandringer, ogs\u00e5 n\u00e5r milj\u00f8truslen er langt fra ens eget hjem,\u201d siger Julie Koch, kampagnechef hos Greenpeace i Danmark.<\/p>\n\n<p class=\"wp-block-paragraph\">De mange st\u00f8tter har v\u00e6ret med til at l\u00e6gge pres p\u00e5 bl.a. det tyske selskab Siemens for at f\u00e5 dem til at stoppe deltagelsen i byggeriet af d\u00e6mningerne p\u00e5 Tapaj\u00f3s-floden.<\/p>\n\n<h3 class=\"wp-block-heading\">D\u00e6mningerne er en d\u00e5rlig energil\u00f8sning<\/h3>\n\n<p class=\"wp-block-paragraph\">Brasiliens forfatning forbyder tvangsforflytninger af oprindelige folk fra deres jord, og derudover er oprindelige folks rettigheder beskyttet if\u00f8lge ILO\u2019s Konvention 169, som Brasilien har ratificeret. De brasilianske myndigheder har imidlertid indtil videre trukket den officielle anerkendelse af munduruku-folkets ejerskab til omr\u00e5det i langdrag.<\/p>\n\n<p class=\"wp-block-paragraph\">\u201cOgs\u00e5 klimam\u00e6ssigt er vandkraftv\u00e6rker i s\u00e5rbare \u00f8kosystemer som Amazonas en rigtig d\u00e5rlig energil\u00f8sning. D\u00e6mningerne vil oversv\u00f8mme og medf\u00f8re \u00f8del\u00e6ggelse af et enormt regnskovsomr\u00e5de, og det vil f\u00f8re til store udslip af drivhusgasser til atmosf\u00e6ren. Regnskoven binder enorme m\u00e6ngder af kulstof, som frigives n\u00e5r skoven forsvinder,\u201d siger Julie Koch.<\/p>\n\n<p class=\"wp-block-paragraph\">Den annullerede d\u00e6mning var den f\u00f8rste og st\u00f8rste i r\u00e6kken af i alt 43 planlagte d\u00e6mninger p\u00e5 Tapaj\u00f3s-floden, som Greenpeace fortsat arbejder for at stoppe.<\/p>\n<div class=\"EmptyMessage\">Block content is empty. Check the block&#8217;s settings or remove it.<\/div>","protected":false},"excerpt":{"rendered":"<p>Mens verdens opm\u00e6rksomhed retter sig mod \u00e5bningen af OL i Brasilien, er jublen allerede brudt ud et andet sted i landet, hvor det oprindelige munduruku-folk i over 30 \u00e5r har k\u00e6mpet imod byggeriet af et gigantisk d\u00e6mningsprojekt i hjertet af Amazonas-regnskoven.<\/p>\n","protected":false},"author":35,"featured_media":1035,"comment_status":"open","ping_status":"open","sticky":false,"template":"","format":"standard","meta":{"_acf_changed":false,"ep_exclude_from_search":false,"p4_og_title":"","p4_og_description":"","p4_og_image":"","p4_og_image_id":"","p4_seo_canonical_url":"","p4_campaign_name":"not set","p4_local_project":"not set","p4_basket_name":"not set","p4_department":"","footnotes":""},"categories":[18],"tags":[28,56,68,61,55,51],"p4-page-type":[16],"class_list":["post-1034","post","type-post","status-publish","format-standard","has-post-thumbnail","hentry","category-natur","tag-skovrydning","tag-amazonas","tag-sejre","tag-menneskerettigheder","tag-truededyrearter","tag-okosystem","p4-page-type-nyhed"],"acf":[],"_links":{"self":[{"href":"https:\/\/www.greenpeace.org\/denmark\/wp-json\/wp\/v2\/posts\/1034","targetHints":{"allow":["GET"]}}],"collection":[{"href":"https:\/\/www.greenpeace.org\/denmark\/wp-json\/wp\/v2\/posts"}],"about":[{"href":"https:\/\/www.greenpeace.org\/denmark\/wp-json\/wp\/v2\/types\/post"}],"author":[{"embeddable":true,"href":"https:\/\/www.greenpeace.org\/denmark\/wp-json\/wp\/v2\/users\/35"}],"replies":[{"embeddable":true,"href":"https:\/\/www.greenpeace.org\/denmark\/wp-json\/wp\/v2\/comments?post=1034"}],"version-history":[{"count":6,"href":"https:\/\/www.greenpeace.org\/denmark\/wp-json\/wp\/v2\/posts\/1034\/revisions"}],"predecessor-version":[{"id":54525,"href":"https:\/\/www.greenpeace.org\/denmark\/wp-json\/wp\/v2\/posts\/1034\/revisions\/54525"}],"wp:featuredmedia":[{"embeddable":true,"href":"https:\/\/www.greenpeace.org\/denmark\/wp-json\/wp\/v2\/media\/1035"}],"wp:attachment":[{"href":"https:\/\/www.greenpeace.org\/denmark\/wp-json\/wp\/v2\/media?parent=1034"}],"wp:term":[{"taxonomy":"category","embeddable":true,"href":"https:\/\/www.greenpeace.org\/denmark\/wp-json\/wp\/v2\/categories?post=1034"},{"taxonomy":"post_tag","embeddable":true,"href":"https:\/\/www.greenpeace.org\/denmark\/wp-json\/wp\/v2\/tags?post=1034"},{"taxonomy":"p4-page-type","embeddable":true,"href":"https:\/\/www.greenpeace.org\/denmark\/wp-json\/wp\/v2\/p4-page-type?post=1034"}],"curies":[{"name":"wp","href":"https:\/\/api.w.org\/{rel}","templated":true}]}}