{"id":1062,"date":"2018-08-23T14:44:00","date_gmt":"2018-08-23T12:44:00","guid":{"rendered":"https:\/\/www.greenpeace.org\/denmark\/div\/ellemann-jensen-mangler-at-kaempe-den-vigtigste-kamp\/"},"modified":"2024-02-09T14:35:20","modified_gmt":"2024-02-09T13:35:20","slug":"ellemann-jensen-mangler-at-kaempe-den-vigtigste-kamp","status":"publish","type":"post","link":"https:\/\/www.greenpeace.org\/denmark\/nyhed\/landbrug\/ellemann-jensen-mangler-at-kaempe-den-vigtigste-kamp\/","title":{"rendered":"Ellemann-Jensen mangler at k\u00e6mpe den vigtigste kamp"},"content":{"rendered":"<p><b>Med Jakob Ellemann-Jensen som milj\u00f8- og f\u00f8devareminister er milj\u00f8politikken blevet gr\u00f8nnere, men ministeren undlader fortsat at tage kampen op mod den danske k\u00f8dindustri.<\/b><\/p>\n<p><img decoding=\"async\" id=\"ctl00_cphContentArea_epiEntryContent_ctl00_ctl02_Image1\" class=\"Thumbnail aligncenter\" style=\"border-width: 0px;\" src=\"https:\/\/www.greenpeace.org\/static\/planet4-denmark-stateless\/2018\/10\/a480cb33-a480cb33-k\u00f8d-foto.jpg\" alt=\"\" \/><\/p>\n<p>Da Jakob Ellemann-Jensens navn kom op af hatten som ny milj\u00f8- og f\u00f8devareminister, var vores f\u00f8rste opfordring, at han ville k\u00e6mpe mod den indbyggede mods\u00e6tning, der kan ligge i at repr\u00e6sentere b\u00e5de milj\u00f8et og f\u00f8devareproduktionen og ikke lade den industrielle del af erhvervene diktere Danmarks milj\u00f8politik \u2013 som det desv\u00e6rre i h\u00f8j grad var tilf\u00e6ldet under forg\u00e6ngeren Esben Lunde Larsen.<\/p>\n<p>Vi tog derfor naturligvis gl\u00e6delig notits af, at Ellemann-Jensen i sin f\u00f8rste tale som minister \u2013 ved overdragelsen i ministeriet \u2013 gjorde klart, at han s\u00e5 sig selv som \u201cminister for milj\u00f8 og for f\u00f8devarer \u2013 i d\u00e9n r\u00e6kkef\u00f8lge.\u201d 100 dage senere st\u00e5r det klart, at der rent faktisk er sket positive tiltag i Milj\u00f8- og F\u00f8devareministeriet, men p\u00e5 samme tid er \u2018business as usual\u2019 inden for det konventionelle landbrug desv\u00e6rre ikke for alvor blevet udfordret.<\/p>\n<p>Hvis man vitterligt vil s\u00e6tte milj\u00f8et f\u00f8rst, er det afg\u00f8rende at begynde et opg\u00f8r med Danmarks rolle som verdens st\u00f8rste k\u00f8dproducent per indbygger.<\/p>\n<h3>Kr\u00e6vende og forurenende<\/h3>\n<p>Den danske k\u00f8dproduktion st\u00e5r for knap 20 procent af Danmarks udledning af drivhusgasser, er ekstremt pladskr\u00e6vende, har et kolossalt vandforbrug, og dyrene st\u00e5r for en betydelig forurening. Halvdelen af Danmarks areal bruges i dag til at dyrke foder til dyr, hvilket indskr\u00e6nker pladsen til rigtig natur, skove og h\u00f8j biodiversitet betydeligt.<\/p>\n<p>I stedet b\u00f8r dygtige danske landm\u00e6nd udvikle teknologier, dyrkningsmetoder og sorter til plantebaseret mad til mennesker. Her ligger fremtiden for dansk landbrug, og den erkendelse er vores nye minister tydeligvis endnu ikke n\u00e5et frem til.<\/p>\n<h3>Ministeren kigger fortsat v\u00e6k<\/h3>\n<p>Tv\u00e6rtimod st\u00f8tter ministeren fortsat k\u00f8dindustrien med hundredevis af millioner skattekroner til for eksempel renoveringer af stalde, og han jublede sammen med k\u00f8dgiganten Danish Crown, da de f\u00f8rste containere fyldt med p\u00f8lser og skinke i juni blev sendt til Kina.<\/p>\n<p>Ministeren m\u00f8dte i juni personligt op p\u00e5 en dansk folkeskole for at promovere nyt undervisningsmateriale, der blandt andet skal overbevise skoleb\u00f8rn om, at dyrevelf\u00e6rden er tiptop i industristaldene, hvor en to meter lang so holdes indesp\u00e6rret i en sn\u00e6ver fikseringsboks p\u00e5 2,1 meter.<\/p>\n<h3>Absurd og vildledende<\/h3>\n<p>Ellemann-Jensen videref\u00f8rer desv\u00e6rre ogs\u00e5 med ildhu sin forg\u00e6ngers opfindelse \u201cWorld Food Summit\u201d, der afholdes i slutningen af n\u00e6ste uge. Her inviterer Danmark politikere og eksperter fra hele verden til K\u00f8benhavn for at diskutere \u201cfremtidens b\u00e6redygtige f\u00f8devareproduktion\u201d, uden at den helt n\u00f8dvendige omstilling fra k\u00f8d til planter har fundet vej til programmet. En lettere absurd og vildledende forestilling.<\/p>\n<p>Ministeren st\u00f8tter ogs\u00e5 landbrugets ide om at hegne vort land ind mod syd for at beskytte svineindustrien mod afrikansk svinepest, selv om smitten snarere kan komme ind i Danmark via udenlandske chauff\u00f8rers henkastede mad eller via de mange svinef\u00e6cesbef\u00e6ngte dyretransporter, der vender tilbage til Danmark fra for eksempel pestramte Polen.<\/p>\n<h3>St\u00f8tte til de forkerte<\/h3>\n<p>Ikke mindst accepterer ministeren tilsyneladende, at EU\u2019s landbrugsst\u00f8tte fortsat skal forgylde k\u00f8dproducenterne ved at blive tildelt efter, hvor meget jord man ejer, uden skelen til, hvad man producerer, og hvor meget man forurener. Her kan Ellemann-Jensen dog stadig n\u00e5 at melde sig p\u00e5 det progressive hold i de forest\u00e5ende EU-forhandlinger. Hvis han alts\u00e5 \u00f8nsker det.<\/p>\n<p>P\u00e5 den negative side har vi alts\u00e5 efter 100 dage en minister, der tilsyneladende arbejder for bedre milj\u00f8 og klima, men som helt undlader at plukke den mest lavth\u00e6ngende frugt af alle \u2013 nemlig at p\u00e5begynde en markant reduktion af den kolossale danske produktion og eksport af k\u00f8d.<\/p>\n<h3><strong>Visse gode retninger<\/strong><\/h3>\n<p>Som n\u00e6vnt er der ogs\u00e5 kommet gode kurs\u00e6ndringer fra den nye minister. Han skal roses for at afsl\u00e5 at give danske landm\u00e6nd dispensation til at bejdse vinterrapsfr\u00f8 med neonikotinoider \u2013 pesticider, der skader bier og andre insekter. Vi h\u00e5ber, at det er f\u00f8rste skridt i retning af, at ministeren st\u00f8tter et generelt forbud, s\u00e5 Danmark ikke igen sammen med lande som Rum\u00e6nien, Tjekkiet og Ungarn stemmer imod et generelt EU-forbud, som det senest skete i april med tre neonikotinoider.<\/p>\n<p>Ministeren skal ogs\u00e5 roses for at forbyde brug af spr\u00f8jtegifte i nyplantet skov, der f\u00e5r offentlig st\u00f8tte, ligesom vi anerkender hans indsats for at ville reducere brugen af antibiotika i svinestaldene.<\/p>\n<p>Greenpeace bifalder ogs\u00e5 ministerens indsats for at forbedre kontrollen med dyretransporter, og at han har givet ekstra millioner til genopretning af s\u00e5rbare naturomr\u00e5der som enge og moser.<\/p>\n<p>Det er ogs\u00e5 positivt, at ministeren har forbudt spr\u00f8jtning med glyphosat efter f\u00f8rste spiring p\u00e5 marker, hvor der dyrkes f\u00f8devarer (som for eksempel br\u00f8dkorn). Det var dog en gratis omgang for ministeren, for der eksisterede allerede en frivillig aftale med erhvervet om at undlade dette. Samtidig er det langtfra tilstr\u00e6kkeligt, at forbuddet kun g\u00e6lder de under ti procent af Danmarks areal, hvor der dyrkes mad til mennesker; det b\u00f8r naturligvis ogs\u00e5 g\u00e6lde den halvdel af landets areal, hvor der dyrkes dyrefoder.<\/p>\n<h3>Oml\u00e6g dansk k\u00f8dkultur<\/h3>\n<p>Senest har ministeren bedyret, at han vil bek\u00e6mpe \u2018fake news\u2019 om kostr\u00e5d. Det er en god ide, og vi opfordrer ministeren til blandt andet at aflive myten om, at mennesket ikke kan leve uden animalske f\u00f8devarer. Der findes mange sunde, st\u00e6rke danskere, der aldrig har spist hverken k\u00f8d eller mejeriprodukter.<\/p>\n<p>Alt i alt har ministerskiftet alts\u00e5 haft en smule gr\u00f8n afsmitning p\u00e5 den politik, regeringen f\u00f8rer igennem Milj\u00f8- og F\u00f8devareministeriet. Nu er det afg\u00f8rende, at ministeren tager fat p\u00e5 den vigtigste kamp, nemlig at begynde at oml\u00e6gge dansk landbrug fra at b\u00e6re den blodr\u00f8de f\u00f8rertr\u00f8je i k\u00f8dproduktion til den gr\u00f8nne ditto i plantebaseret mad.<\/p>\n<p><em>Artiklen er bragt hos <a href=\"https:\/\/www.altinget.dk\/miljoe\/artikel\/greenpeace-ellemann-jensen-mangler-at-kaempe-den-vigtigste-kamp\">Altinget<\/a> (23. august), der s\u00e6tter Jakob Ellemann-Jensens f\u00f8rste 100 dage som milj\u00f8mnister til debat.<br \/>\n<\/em><\/p>\n","protected":false},"excerpt":{"rendered":"<p>Med Jakob Ellemann-Jensen som milj\u00f8- og f\u00f8devareminister er milj\u00f8politikken blevet gr\u00f8nnere, men ministeren undlader fortsat at tage kampen op mod den danske k\u00f8dindustri.<\/p>\n","protected":false},"author":28,"featured_media":1064,"comment_status":"open","ping_status":"open","sticky":false,"template":"","format":"standard","meta":{"ep_exclude_from_search":false,"p4_og_title":"","p4_og_description":"","p4_og_image":"","p4_og_image_id":"","p4_seo_canonical_url":"","p4_campaign_name":"","p4_local_project":"","p4_basket_name":"","p4_department":"","footnotes":""},"categories":[3],"tags":[26,62],"p4-page-type":[16],"class_list":["post-1062","post","type-post","status-publish","format-standard","has-post-thumbnail","hentry","category-landbrug","tag-koedproduktion","tag-fremtidenslandbrug","p4-page-type-nyhed"],"_links":{"self":[{"href":"https:\/\/www.greenpeace.org\/denmark\/wp-json\/wp\/v2\/posts\/1062","targetHints":{"allow":["GET"]}}],"collection":[{"href":"https:\/\/www.greenpeace.org\/denmark\/wp-json\/wp\/v2\/posts"}],"about":[{"href":"https:\/\/www.greenpeace.org\/denmark\/wp-json\/wp\/v2\/types\/post"}],"author":[{"embeddable":true,"href":"https:\/\/www.greenpeace.org\/denmark\/wp-json\/wp\/v2\/users\/28"}],"replies":[{"embeddable":true,"href":"https:\/\/www.greenpeace.org\/denmark\/wp-json\/wp\/v2\/comments?post=1062"}],"version-history":[{"count":7,"href":"https:\/\/www.greenpeace.org\/denmark\/wp-json\/wp\/v2\/posts\/1062\/revisions"}],"predecessor-version":[{"id":1528,"href":"https:\/\/www.greenpeace.org\/denmark\/wp-json\/wp\/v2\/posts\/1062\/revisions\/1528"}],"wp:featuredmedia":[{"embeddable":true,"href":"https:\/\/www.greenpeace.org\/denmark\/wp-json\/wp\/v2\/media\/1064"}],"wp:attachment":[{"href":"https:\/\/www.greenpeace.org\/denmark\/wp-json\/wp\/v2\/media?parent=1062"}],"wp:term":[{"taxonomy":"category","embeddable":true,"href":"https:\/\/www.greenpeace.org\/denmark\/wp-json\/wp\/v2\/categories?post=1062"},{"taxonomy":"post_tag","embeddable":true,"href":"https:\/\/www.greenpeace.org\/denmark\/wp-json\/wp\/v2\/tags?post=1062"},{"taxonomy":"p4-page-type","embeddable":true,"href":"https:\/\/www.greenpeace.org\/denmark\/wp-json\/wp\/v2\/p4-page-type?post=1062"}],"curies":[{"name":"wp","href":"https:\/\/api.w.org\/{rel}","templated":true}]}}