{"id":1066,"date":"2016-11-28T18:55:00","date_gmt":"2016-11-28T17:55:00","guid":{"rendered":"https:\/\/www.greenpeace.org\/denmark\/div\/hvor-bliver-havisen-af\/"},"modified":"2023-01-12T17:43:53","modified_gmt":"2023-01-12T16:43:53","slug":"hvor-bliver-havisen-af","status":"publish","type":"post","link":"https:\/\/www.greenpeace.org\/denmark\/nyhed\/klimaforandringer\/hvor-bliver-havisen-af\/","title":{"rendered":"Hvor bliver havisen af?"},"content":{"rendered":"<p>Der sker us\u00e6dvanlige ting p\u00e5 klodens to poler for tiden. Forandringerne er voldsomme og ganske m\u00e6rkv\u00e6rdige. De seneste \u00e5r har budt p\u00e5 et utal af foruroligende rekorder, men ser man p\u00e5 blot de seneste to m\u00e5neder, er der s\u00e6rlig grund til at sp\u00e6rre \u00f8jnene op.<\/p>\n<blockquote class=\"twitter-tweet\" style=\"display: block; margin: 1em 40px !important 1em 40px !important;\" data-lang=\"en\">\n<p dir=\"ltr\" lang=\"en\">Your daily reminder\u2014until this makes front page news\u2014that what\u2019s happening right now at our planet\u2019s poles is *not* normal. <a href=\"https:\/\/t.co\/1VK0BgcuS8\">pic.twitter.com\/1VK0BgcuS8<\/a><\/p>\n<p>\u2014 Eric Holthaus (@EricHolthaus) <a href=\"https:\/\/twitter.com\/EricHolthaus\/status\/800067428419940352\">November 19, 2016<\/a><\/p><\/blockquote>\n<p>&nbsp;<\/p>\n<div class=\"events-box big-box left\">\n<div class=\"frame\"><a class=\"open-img EnlargeImage\" title=\"\" href=\"https:\/\/www.greenpeace.org\/static\/planet4-denmark-stateless\/2018\/10\/Cxpo6ZuVEAAu79K.jpeg\"><br \/>\n<img decoding=\"async\" id=\"ctl00_cphContentArea_epiEntryContent_ctl00_ctl04_Image1\" class=\"Thumbnail\" style=\"border-width: 0px;\" src=\"https:\/\/www.greenpeace.org\/static\/planet4-denmark-stateless\/2018\/10\/9c07c267-9c07c267-cxpo6zuveaau79k.jpg\" alt=\"\" \/><\/a><br \/>\nGrafen taler et tydeligt sprog \u2013 havisen er galt afmarcheret. Ja, det er klimaforandringer, der er den grundl\u00e6ggende \u00e5rsag. Og ja, det skyldes i h\u00f8j grad afbr\u00e6ndingen af fossile br\u00e6ndsler. Men hvad er det egentligt, der sker? Her har jeg samlet bud p\u00e5 forklaringer fra forskellige eksperter.<\/p>\n<h3>Arktis<\/h3>\n<p>Det er is\u00e6r i Arktis, at der er noget helt us\u00e6dvanligt p\u00e5 f\u00e6rde. Her p\u00e5 toppen af kloden, dannes og smelter havis hvert \u00e5r. Havisen i Arktis f\u00f8lger en \u00e5rlig cyklus, hvor isen n\u00e5r sin maksimale udbredelse i marts og sin minimale udbredelse i september. Vinter og sommer p\u00e5 den nordlige halvkugle, som vi kender det.<\/p>\n<div class=\"events-box big-box left\">\n<div class=\"frame\"><a class=\"open-img EnlargeImage\" title=\"\" href=\"https:\/\/www.greenpeace.org\/static\/planet4-denmark-stateless\/2018\/10\/b6b350a7-b6b350a7-seaiceoctober.png\"><br \/>\n<img decoding=\"async\" id=\"ctl00_cphContentArea_epiEntryContent_ctl00_ctl06_Image1\" class=\"Thumbnail\" style=\"border-width: 0px;\" src=\"https:\/\/www.greenpeace.org\/static\/planet4-denmark-stateless\/2018\/10\/b6b350a7-b6b350a7-seaiceoctober.png\" alt=\"\" \/><\/a><\/div>\n<div class=\"events-content no-title\">Havisens udbredelse i oktober 2016. Is\u00e6r farvande nord for Rusland er fri for havis.<\/div>\n<\/div>\n<p>Efter den \u00e5rlige minimumsudbredelse i september i \u00e5r begyndte havet i Arktis som forventet at fryse til igen. Men kun for en kort bem\u00e6rkning, s\u00e5 gik det f\u00f8rst i st\u00e5, for s\u00e5 endda at smelte en smule, hvorefter udbredelsen igen tog til. Temperaturer p\u00e5 op mod 20\u00b0C over normalen er observeret. \u201dAldrig set f\u00f8r\u201d, \u201dvanvittigt\u201d og \u201dskr\u00e6mmende\u201d, er nogle af de gloser, som forskellige forskere v\u00e6lger at beskrive f\u00e6nomenet med. Forklaringerne er flere.<\/p>\n<p>Som Jason Box, <a style=\"text-decoration: none;\" href=\"http:\/\/jasonbox.net\/\" target=\"_blank\" rel=\"noopener noreferrer\">professor fra GEUS<\/a>, g\u00f8r her klart, er der ikke er tale om identiske temperaturer over hele Arktis:<\/p>\n<blockquote class=\"twitter-tweet\" style=\"display: block; margin: 1em 40px !important 1em 40px !important;\" data-lang=\"en\">\n<p dir=\"ltr\" lang=\"en\">Sea ice loss to blame, STUNNING past 26 day AVERAGE: Arctic seas 9 to 19 C above normal, N America 1 to 9 C above. Eurasia 1 to 9 C below. <a href=\"https:\/\/t.co\/x0MbxI1lqt\">pic.twitter.com\/x0MbxI1lqt<\/a><\/p>\n<p>\u2014 Jason Box (@climate_ice) <a href=\"https:\/\/twitter.com\/climate_ice\/status\/802467624105877504\">November 26, 2016<\/a><\/p><\/blockquote>\n<p>Overordnet set er klimaforandringer \u00e5rsag til det store tab af havis i Arktis, men mere regionale vejrf\u00e6nomener spiller ogs\u00e5 en rolle. Karahavet nord for Rusland er s\u00e6rligt interessant i denne sammenh\u00e6ng:<\/p>\n<p>\u201d\u00c5rsagen til d\u00e9t der sker nu skal findes i mangel p\u00e5 dannelse af havis i Karahavet,\u201d fort\u00e6ller Mark Brandon, der er polar oceanograf ved Open University i London. \u201dMen, det er faktisk meget koldt over det nordlige Rusland lige nu. Og n\u00e5r den kolde luft endelig m\u00f8der det \u00e5bne hav, vil det hurtigt fryse til,\u201d forudser han.<\/p>\n<p>Hvordan de varme temperaturer er opst\u00e5et i Arktis er en kompliceret process. Professor Jennifer Francis fra Rutgers University <a style=\"text-decoration: none;\" href=\"https:\/\/www.theguardian.com\/environment\/2016\/nov\/22\/extraordinarily-hot-arctic-temperatures-alarm-scientists\" target=\"_blank\" rel=\"noopener noreferrer\">fort\u00e6ller<\/a>, at den store afsmeltning af havis i Arktis denne sommer har udlignet temperaturforskellen mellem det h\u00f8je nord og lavere breddegrader.<\/p>\n<p>\u201dDet har f\u00e5et jetstr\u00f8mmen til at b\u00f8lge og tilladt mere varme og fugt at blive tilf\u00f8rt arktiske breddegrader og forl\u00e6nget varmen. Det er en ond cirkel.\u201d<\/p>\n<p>\u201cIs er meget f\u00f8lsomt overfor vejret. Der er et enormt h\u00f8jtryk over Karahavet, Euroasien og Canada. Vi ser meget st\u00e6rke vinde, der bringer varm luft mod nord,\u201d forklarer Julienne Stroeve, professor ved University College London.<\/p>\n<p>Rasmus Tonboe fra DMI har yderligere en intereressant <a style=\"text-decoration: none;\" href=\"https:\/\/www.theguardian.com\/environment\/2016\/nov\/22\/extraordinarily-hot-arctic-temperatures-alarm-scientists\" target=\"_blank\" rel=\"noopener noreferrer\">forklaring<\/a>:<\/p>\n<p>\u201dFor seks m\u00e5neder siden begyndte isen at br\u00e6kke op us\u00e6dvanligt tidligt. Det \u00e5bne hav har absorberet sollys, hvilket er \u00e5rsagen til at Arktis er varmere i \u00e5r.\u201d<\/p>\n<p>\u201dHvad vi ser er b\u00e5de overraskende og alarmerende. Det er hurtigere end modellerne forudsiger. Det er alarmerende, fordi det har konsekvenser.\u201d<\/p>\n<p>If\u00f8lge <a style=\"text-decoration: none;\" href=\"https:\/\/nsidc.org\/arcticseaicenews\/\" target=\"_blank\" rel=\"noopener noreferrer\">National Snow and Ice Data Center<\/a>, har Karahavet, Barentshavet, Beauforthavet og Tjukterhavet alle oplevet h\u00f8je vandtemperaturer ved havoverfladen.<\/p>\n<p>Hedeb\u00f8lgen i Arktis kan resultere i \u201den b\u00f8lgende jetstr\u00f8m med en h\u00f8jere sandsynlighed for kold luft, der sendes mod syd,\u201d fort\u00e6ller Julienne Stroeve til Greenpeace. Her er de kolde temperaturer i Sibirien og Nordeuropa samt rekordh\u00f8je m\u00e6ngder snefald v\u00e6rd at bem\u00e6rke.<\/p>\n<p>Som polar oceanografen Mark Brandon n\u00e6vner, vil den kolde luft fra Sibirien ramme det \u00e5bne hav inden l\u00e6nge, og dannelsen af havis vil atter tage til. De t\u00e5rnh\u00f8je temperaturer er ogs\u00e5 faldet igen. Men den forsinkede dannelse af havis kan f\u00e5 konsekvenser i det nye \u00e5r.<\/p>\n<p>\u201dResultatet for regionen er tabet af nogle ugers dannelse af havis, som vil ende med at v\u00e6re tyndere, og det kan f\u00f8re til overraskelser n\u00e6ste \u00e5r,\u201d forudser han.<\/p>\n<p>Julienne Stroeve peger p\u00e5, at 2017 muligvis kan blive \u00e5ret, hvor den triste rekord fra 2012 bliver overg\u00e5et. Her n\u00e5ede havisen i Arktis sin mindste udbredelse, som satellitter har observeret siden 1979.<\/p>\n<h3>Antarktis<\/h3>\n<p>I mods\u00e6tning til i Arktis er det i \u00f8jeblikket for\u00e5r i Antarktis, men \u00e5rstiden er kommet tidligere end normalt.<\/p>\n<p>\u201dAntarktis udvikler sig ogs\u00e5 us\u00e6dvanligt lavt,\u201d fort\u00e6ller Julienne Stroeve.<\/p>\n<p>Mark Brandon p\u00e5peger, at november altid bringer \u201dstore, relative forandringer for havisen omkring Antarktis,\u201d men det sker tidligere end normalt.<\/p>\n<p>Antarktis adskiller sig fra Arktis p\u00e5 flere punkter. Sydpolen ligger p\u00e5 et kontinent, hvor Nordpolen er et ocean. Antarktis har imidlertid stadig havis, der omkranser kontinentet.<\/p>\n<p>\u201dProcesserne der driver disse lave betingelser er forskellige fra pol til pol, men i takt med at ozonhullet kommer sig, vil vi muligvis ogs\u00e5 opleve tab af havis i Antarktis,\u201d siger Stroeve.<\/p>\n<blockquote class=\"twitter-tweet\" style=\"display: block; margin: 1em 40px !important 1em 40px !important;\" data-lang=\"en\">\n<p dir=\"ltr\" lang=\"en\">Different dynamics for <a href=\"https:\/\/twitter.com\/hashtag\/Antarctic?src=hash\">#Antarctic<\/a> sea ice and also currently its melt season\u2026 A look from 10\/1-11\/20 at its record low sea ice\u2026 <a href=\"https:\/\/t.co\/QV9c1CC0hI\">pic.twitter.com\/QV9c1CC0hI<\/a><\/p>\n<p>\u2014 Zack Labe (@ZLabe) <a href=\"https:\/\/twitter.com\/ZLabe\/status\/800729148117221377\">November 21, 2016<\/a><\/p><\/blockquote>\n<div class=\"events-box big-box left\">\n<div class=\"frame\"><a class=\"open-img EnlargeImage\" title=\"\" href=\"https:\/\/www.greenpeace.org\/static\/planet4-denmark-stateless\/2018\/10\/95874c05-95874c05-antarctic_seaice.gif\"><br \/>\n<img decoding=\"async\" id=\"ctl00_cphContentArea_epiEntryContent_ctl00_ctl14_Image1\" class=\"Thumbnail\" style=\"border-width: 0px;\" src=\"https:\/\/www.greenpeace.org\/static\/planet4-denmark-stateless\/2018\/10\/95874c05-95874c05-antarctic_seaice.gif\" alt=\"\" \/><\/a><\/div>\n<\/div>\n<\/div>\n<\/div>\n<div class=\"EmptyMessage\">Block content is empty. Check the block&#8217;s settings or remove it.<\/div>","protected":false},"excerpt":{"rendered":"<p>Der sker us\u00e6dvanlige ting p\u00e5 klodens to poler for tiden. Forandringerne er voldsomme og ganske m\u00e6rkv\u00e6rdige. De seneste \u00e5r har budt p\u00e5 et utal af foruroligende rekorder, men ser man p\u00e5 blot de seneste to m\u00e5neder, er der s\u00e6rlig grund til at sp\u00e6rre \u00f8jnene op.<\/p>\n","protected":false},"author":27,"featured_media":1072,"comment_status":"open","ping_status":"open","sticky":false,"template":"","format":"standard","meta":{"ep_exclude_from_search":false,"p4_og_title":"","p4_og_description":"","p4_og_image":"","p4_og_image_id":"","p4_seo_canonical_url":"","p4_campaign_name":"","p4_local_project":"","p4_basket_name":"","p4_department":"","footnotes":""},"categories":[1],"tags":[24],"p4-page-type":[],"class_list":["post-1066","post","type-post","status-publish","format-standard","has-post-thumbnail","hentry","category-klimaforandringer","tag-klima"],"_links":{"self":[{"href":"https:\/\/www.greenpeace.org\/denmark\/wp-json\/wp\/v2\/posts\/1066","targetHints":{"allow":["GET"]}}],"collection":[{"href":"https:\/\/www.greenpeace.org\/denmark\/wp-json\/wp\/v2\/posts"}],"about":[{"href":"https:\/\/www.greenpeace.org\/denmark\/wp-json\/wp\/v2\/types\/post"}],"author":[{"embeddable":true,"href":"https:\/\/www.greenpeace.org\/denmark\/wp-json\/wp\/v2\/users\/27"}],"replies":[{"embeddable":true,"href":"https:\/\/www.greenpeace.org\/denmark\/wp-json\/wp\/v2\/comments?post=1066"}],"version-history":[{"count":8,"href":"https:\/\/www.greenpeace.org\/denmark\/wp-json\/wp\/v2\/posts\/1066\/revisions"}],"predecessor-version":[{"id":49894,"href":"https:\/\/www.greenpeace.org\/denmark\/wp-json\/wp\/v2\/posts\/1066\/revisions\/49894"}],"wp:featuredmedia":[{"embeddable":true,"href":"https:\/\/www.greenpeace.org\/denmark\/wp-json\/wp\/v2\/media\/1072"}],"wp:attachment":[{"href":"https:\/\/www.greenpeace.org\/denmark\/wp-json\/wp\/v2\/media?parent=1066"}],"wp:term":[{"taxonomy":"category","embeddable":true,"href":"https:\/\/www.greenpeace.org\/denmark\/wp-json\/wp\/v2\/categories?post=1066"},{"taxonomy":"post_tag","embeddable":true,"href":"https:\/\/www.greenpeace.org\/denmark\/wp-json\/wp\/v2\/tags?post=1066"},{"taxonomy":"p4-page-type","embeddable":true,"href":"https:\/\/www.greenpeace.org\/denmark\/wp-json\/wp\/v2\/p4-page-type?post=1066"}],"curies":[{"name":"wp","href":"https:\/\/api.w.org\/{rel}","templated":true}]}}