{"id":10934,"date":"2020-09-09T20:37:07","date_gmt":"2020-09-09T18:37:07","guid":{"rendered":"https:\/\/www.greenpeace.org\/denmark\/?p=10934"},"modified":"2023-11-21T14:47:49","modified_gmt":"2023-11-21T13:47:49","slug":"formanden-for-landbrug-foedevarer-vil-hellere-fjerne-klistermaerker-end-bismagen-af-skovrydning-fra-dansk-svinekoed","status":"publish","type":"post","link":"https:\/\/www.greenpeace.org\/denmark\/nyhed\/landbrug\/formanden-for-landbrug-foedevarer-vil-hellere-fjerne-klistermaerker-end-bismagen-af-skovrydning-fra-dansk-svinekoed\/","title":{"rendered":"Formanden for Landbrug &#038; F\u00f8devarer vil hellere fjerne klisterm\u00e6rker end bismagen af skovrydning fra dansk svinek\u00f8d"},"content":{"rendered":"\n<p><strong>Formanden for Landbrug &amp; F\u00f8devarer, Martin Merrild, tilbyder nu at give en h\u00e5nd til supermarkederne med at fjerne Greenpeace-klisterm\u00e6rkerne, der advarer forbrugerne om, at konventionelt dansk svinek\u00f8d kan have \u201cen bismag af br\u00e6ndt regnskov.\u201d<\/strong> &#8211; <strong>Det ville v\u00e6re bedre, hvis du s\u00f8rger for, at der ikke var grund til at s\u00e6tte m\u00e6rkerne p\u00e5, skriver Greenpeace i direkte svar. <\/strong><\/p>\n\n<figure class=\"wp-block-image size-large  caption-style-medium caption-alignment-center\"><img loading=\"lazy\" decoding=\"async\" width=\"1024\" height=\"768\" src=\"https:\/\/www.greenpeace.org\/static\/planet4-denmark-stateless\/2020\/09\/943b68f7-stickering-1-1024x768.jpg\" alt=\"\" class=\"wp-image-10935\" srcset=\"https:\/\/www.greenpeace.org\/static\/planet4-denmark-stateless\/2020\/09\/943b68f7-stickering-1-1024x768.jpg 1024w, https:\/\/www.greenpeace.org\/static\/planet4-denmark-stateless\/2020\/09\/943b68f7-stickering-1-300x225.jpg 300w, https:\/\/www.greenpeace.org\/static\/planet4-denmark-stateless\/2020\/09\/943b68f7-stickering-1-768x576.jpg 768w, https:\/\/www.greenpeace.org\/static\/planet4-denmark-stateless\/2020\/09\/943b68f7-stickering-1-1536x1152.jpg 1536w, https:\/\/www.greenpeace.org\/static\/planet4-denmark-stateless\/2020\/09\/943b68f7-stickering-1-2048x1536.jpg 2048w, https:\/\/www.greenpeace.org\/static\/planet4-denmark-stateless\/2020\/09\/943b68f7-stickering-1-1821x1366.jpg 1821w, https:\/\/www.greenpeace.org\/static\/planet4-denmark-stateless\/2020\/09\/943b68f7-stickering-1-453x340.jpg 453w\" sizes=\"auto, (max-width: 1024px) 100vw, 1024px\" \/><\/figure>\n\n<p>Aktivister og frivillige fra Greenpeace laver i denne uge forbrugeroplysning i supermarkeder i hele landet, hvor de m\u00e6rker pakker med konventionelt svinek\u00f8d med flammer og en advarsel om, at k\u00f8det kan have en bismag af br\u00e6ndt regnskov. Det g\u00f8r de for at skabe opm\u00e6rksomhed om, at danske svin fodres med sojaskr\u00e5, der kommer fra omr\u00e5der med h\u00f8j risiko for skovrydning, og hvor skovene, bl.a. Amazonas-regnskoven, bev\u00e6ger sig p\u00e5 gr\u00e6nsen mellem krise og katastrofe. Det er en sammenh\u00e6ng, som mange forbrugere ikke kender til.<\/p>\n\n<p>Vores forbrugeroplysningskampagne lader imidlertid til at have provokeret Danmarks st\u00f8rste landbrugslobbyorganisation, Landbrug &amp; F\u00f8devarer, hvis formand Martin Merrild i morges gik til tasterne og via Facebook sendte<a href=\"https:\/\/www.facebook.com\/MerrildFormand\/posts\/3240953972662661\"> et tilbud om hj\u00e6lp til supermarkederne<\/a>, der starter med ordene:&nbsp;<\/p>\n\n<p>\u201cHvis der er nogle supermarkeder, der skal have hj\u00e6lp til at fjerne alle de klisterm\u00e6rker, Greenpeace s\u00e6tter p\u00e5 danske f\u00f8devarer, s\u00e5 melder jeg mig gerne!\u201d&nbsp;<\/p>\n\n<p><strong>Vi har nu sendt dette svar til Martin Merrild:<\/strong><\/p>\n\n<p>K\u00e6re Martin Merrild<\/p>\n\n<p>Det er p\u00e6nt af dig at tilbyde supermarkederne hj\u00e6lp med at fjerne klisterm\u00e6rker. Men det ville v\u00e6re endnu bedre, hvis det erhverv, som du repr\u00e6senterer, ville s\u00f8rge for, at der ikke skulle v\u00e6re nogen grund til at s\u00e6tte advarsels-m\u00e6rkater om, at produktet har forbindelse til skovrydning, p\u00e5 dansk svinek\u00f8d.<\/p>\n\n<p>Vi anerkender bestemt v\u00e6rdien af Dansk Alliance for Ansvarlig Soja og ogs\u00e5, at s\u00e5 mange danske virksomheder efterh\u00e5nden har meldt sig ind i alliancen. Det viser jo tydeligt, at hele erhvervet anerkender, at der er et stort problem med det sojafoder, der importeres til dansk animalsk produktion. Vi har imidlertid desv\u00e6rre endnu til gode at se handlingsplaner fra erhvervet med et tilstr\u00e6kkeligt ambitionsniveau. Vi har fornylig i <a href=\"https:\/\/www.altinget.dk\/foedevarer\/artikel\/greenpeace-her-er-fem-ideer-til-mogens-jensens-sofa-handlingsplan\"><strong>dette indl\u00e6g i Altinget<\/strong><\/a><strong> <\/strong>beskrevet, hvad vi mener, regeringen og f\u00f8devareminister MogensJ ensen b\u00f8r g\u00f8re for at l\u00f8se problemet:&nbsp;<\/p>\n\n<h3 class=\"wp-block-heading\"><strong>Ikke godt nok, at landbruget vil tillade skovrydningssoja i endnu 5 \u00e5r<\/strong><\/h3>\n\n<p>Du skriver, at Landbrug &amp; F\u00f8devarer har sat som m\u00e5l, at \u201cal den soja, der er indk\u00f8bt til Danmark, er ansvarligt produceret, tredjepartsverificeret og afskovningsfri. [&#8230;] Senest i 2025 &#8211; og gerne f\u00f8r\u201d&nbsp;<\/p>\n\n<p>Med et m\u00e5l om f\u00f8rst at blive afskovningsfri i 2025 tillader I reelt, at skovrydningssoja havner i danske svinetrug 5 \u00e5r endnu. Samtidig l\u00e6gger I op til, at bruge \u201cmassebalance-princippet\u201d til at sikre \u201cansvarlig soja\u201d. Dvs. at I ikke arbejder for at sikre sporbarhed tilbage til producenten p\u00e5 den soja, der importeres til Danmark, men i stedet vil indk\u00f8be kreditter.&nbsp;<\/p>\n\n<p>Men kreditter sikrer IKKE, at den soja, der havner i Danmark er afskovningsfri, og der er derudover en r\u00e6kke problemer ved de certificeringsordninger, I \u00f8nsker at benytte. Vi redeg\u00f8r for nogle af problemerne i vores indl\u00e6g i Altinget (linket ovenfor).<\/p>\n\n<h3 class=\"wp-block-heading\"><strong>Vi skal ikke have flere dyr, end vi selv kan fodre<\/strong><\/h3>\n\n<p>Vi er glade for, at Landbrug &amp; F\u00f8devarer har sat fokus p\u00e5 udvikling af dansk proteinfoder, for det er den vej, vi skal. Ambitionen b\u00f8r v\u00e6re, at antallet af dyr i dansk landbrug ikke skal v\u00e6re st\u00f8rre end til det antal, vi selv kan fodre. For s\u00e5 l\u00e6nge vi har flere dyr, end vi har landbrugsareal til at fodre i Danmark, er vi med til at l\u00e6gge pres p\u00e5 landarealer og natur i andre lande. Vi ser derfor frem til, at I sk\u00e6rper jeres m\u00e5l for erstatning af sojaskr\u00e5 til at d\u00e6kke hele importen.<\/p>\n\n<p>Det er korrekt, at sojaproduktion kun i begr\u00e6nset omfang er direkte ansvarlig for skovrydning i Amazonas. Det skyldes det relativt succesfulde Amazon Soy Moratorium. Desv\u00e6rre er der opst\u00e5et en anden dynamik, som du ikke n\u00e6vner &#8211; nemlig at de ryddede arealer f\u00f8rst bliver brugt til kv\u00e6ggr\u00e6sning i nogle \u00e5r, hvorefter de oml\u00e6gges til sojamarker, og nye arealer ryddes til kv\u00e6gdrift. Sojaproduktion er dermed g\u00e5et fra at v\u00e6re en stor direkte til at v\u00e6re en stor indirekte drivkraft bag skovrydningen.<\/p>\n\n<figure class=\"wp-block-image size-large  caption-style-medium caption-alignment-center\"><img loading=\"lazy\" decoding=\"async\" width=\"800\" height=\"533\" src=\"https:\/\/www.greenpeace.org\/static\/planet4-denmark-stateless\/2020\/09\/9baa826a-soja-2.jpg\" alt=\"\" class=\"wp-image-10936\" srcset=\"https:\/\/www.greenpeace.org\/static\/planet4-denmark-stateless\/2020\/09\/9baa826a-soja-2.jpg 800w, https:\/\/www.greenpeace.org\/static\/planet4-denmark-stateless\/2020\/09\/9baa826a-soja-2-300x200.jpg 300w, https:\/\/www.greenpeace.org\/static\/planet4-denmark-stateless\/2020\/09\/9baa826a-soja-2-768x512.jpg 768w, https:\/\/www.greenpeace.org\/static\/planet4-denmark-stateless\/2020\/09\/9baa826a-soja-2-510x340.jpg 510w\" sizes=\"auto, (max-width: 800px) 100vw, 800px\" \/><figcaption class=\"wp-element-caption\">Afbr\u00e6ndingen og rydningen af Amazonas er igen i sommer er vokset til et uoverskueligt niveau. N\u00e5r skovomr\u00e5derne er br\u00e6ndt ned, overtages de i stort omfang af sojaproduktion og kv\u00e6gdrift. Som storimport\u00f8r af soja har dansk landbrug et medansvar. \u00a9 Greenpeace \/ Daniel Beltr\u00e1<\/figcaption><\/figure>\n\n<p>Du skriver, at I samarbejder med \u201cFEFAC om en st\u00e6rk, f\u00e6lles europ\u00e6isk stemme\u201d. Den Europ\u00e6iske Foderproducent Organisation, FEFAC, garanterer imidlertid ikke nogen standard for den europ\u00e6iske sojaimport, men kan blot komme med retningslinjer, som virksomheder s\u00e5 frivilligt kan v\u00e6lge at f\u00f8lge. Samarbejde i FEFAC giver derfor ingen garanti for, at den europ\u00e6iske sojaimport bliver afskovningsfri og b\u00e6redygtig.<\/p>\n\n<p><strong>Der skal andet til end business as usual<\/strong><\/p>\n\n<p>Du skriver ogs\u00e5, at dansk landbrug \u201ckun\u201d aftager 0,5% af den samlede globale sojaproduktion. Det er faktisk rigtig meget ifht. Danmarks st\u00f8rrelse. Vi er det land i EU, der har den st\u00f8rste sojafoderimport per indbygger, og den soja, vi importerer, beslagl\u00e6gger landomr\u00e5der svarende til hele Sj\u00e6lland, Falster og Langeland tilsammen udenfor Danmarks gr\u00e6nser. S\u00e5 jo, Danmark kan g\u00f8re en forskel p\u00e5 det her omr\u00e5de, men der skal andet til end business as usual krydret med den billigst mulige \u201cl\u00f8sningsmodel\u201d &#8211; at k\u00f8be nogle kreditter, som slet ikke l\u00f8ser det egentlige problem.<\/p>\n\n<p>Mvh. Greenpeace<\/p>\n\n<p><em>Kristine Clement er projektleder for landbrug og skov hos Greenpeace i Danmark<\/em><\/p>\n\t\t\t<section\n\t\t\tclass=\"boxout post-5487 \"\n\t\t\t\n\t\t>\n\t\t\t<a\n\t\t\t\tdata-ga-category=\"Take Action Boxout\"\n\t\t\t\tdata-ga-action=\"Image\"\n\t\t\t\tdata-ga-label=\"n\/a\"\n\t\t\t\tclass=\"cover-card-overlay\"\n\t\t\t\thref=\"https:\/\/www.greenpeace.org\/denmark\/vaer-med\/soja-kampagne\/\" \n\t\t\t><\/a>\n\t\t\t\t\t\t\t<img\n\t\t\t\t\t\tsrc=\"https:\/\/www.greenpeace.org\/static\/planet4-denmark-stateless\/2020\/06\/d18e3a98-backgroundimageallquestins.jpg\"\n\t\t\t\t\t\tsrcset=\"https:\/\/www.greenpeace.org\/static\/planet4-denmark-stateless\/2020\/06\/d18e3a98-backgroundimageallquestins-300x200.jpg 300w, https:\/\/www.greenpeace.org\/static\/planet4-denmark-stateless\/2020\/06\/d18e3a98-backgroundimageallquestins-768x513.jpg 768w, https:\/\/www.greenpeace.org\/static\/planet4-denmark-stateless\/2020\/06\/d18e3a98-backgroundimageallquestins-510x340.jpg 510w, https:\/\/www.greenpeace.org\/static\/planet4-denmark-stateless\/2020\/06\/d18e3a98-backgroundimageallquestins.jpg 800w\"\n\t\t\t\t\t\tsizes=\"(min-width: 1000px) 358px, (min-width: 780px) 313px, 88px\"\n\t\t\t\t\t\talt=\"\" title=\"\"\n\t\t\t\t\/>\n            \t\t\t<div class=\"boxout-content\">\n\t\t\t\t\t\t\t\t\t<a\n\t\t\t\t\t\tclass=\"boxout-heading medium\"\n\t\t\t\t\t\tdata-ga-category=\"Take Action Boxout\"\n\t\t\t\t\t\tdata-ga-action=\"Title\"\n\t\t\t\t\t\tdata-ga-label=\"n\/a\"\n\t\t\t\t\t\thref=\"https:\/\/www.greenpeace.org\/denmark\/vaer-med\/soja-kampagne\/\"\n\t\t\t\t\t\t\n\t\t\t\t\t>\n\t\t\t\t\t\tStop dansk import af soja, som truer skovene\ud83c\udf33\n\t\t\t\t\t<\/a>\n\t\t\t\t\t\t\t\t\t\t\t\t\t<p class=\"boxout-excerpt\">Landbrugsdyr bliver fodret med soja fra Sydamerika.<\/p>\n\t\t\t\t                                    <a\n                        class=\"btn btn-primary\"\n                        data-ga-category=\"Take Action Boxout\"\n                        data-ga-action=\"Call to Action\"\n                        data-ga-label=\"n\/a\"\n                        href=\"https:\/\/www.greenpeace.org\/denmark\/vaer-med\/soja-kampagne\/\"\n                        \n                    >\n                        V\u00e6r med\n                    <\/a>\n                \t\t\t<\/div>\n\t\t\t\t\t<\/section>\n\t","protected":false},"excerpt":{"rendered":"<p>Formanden for Landbrug &amp; F\u00f8devarer, Martin Merrild, tilbyder nu at give en h\u00e5nd til supermarkederne med at fjerne Greenpeace-klisterm\u00e6rkerne, der advarer forbrugerne om, at konventionelt dansk svinek\u00f8d kan have \u201cen&hellip;<\/p>\n","protected":false},"author":29,"featured_media":10935,"comment_status":"open","ping_status":"open","sticky":false,"template":"","format":"standard","meta":{"ep_exclude_from_search":false,"p4_og_title":"Formanden for Landbrug & F\u00f8devarer vil hellere fjerne klisterm\u00e6rker end bismagen af skovrydning fra dansk svinek\u00f8d","p4_og_description":"","p4_og_image":"https:\/\/www.greenpeace.org\/static\/planet4-denmark-stateless\/2020\/09\/943b68f7-stickering-1-scaled.jpg","p4_og_image_id":"10935","p4_seo_canonical_url":"https:\/\/www.greenpeace.org\/denmark\/nyhed\/landbrug\/formanden-for-landbrug-foedevarer-vil-hellere-fjerne-klistermaerker-end-bismagen-af-skovrydning-fra-dansk-svinekoed\/","p4_campaign_name":"not set","p4_local_project":"not set","p4_basket_name":"not set","p4_department":"","footnotes":""},"categories":[3],"tags":[26,30],"p4-page-type":[16],"class_list":["post-10934","post","type-post","status-publish","format-standard","has-post-thumbnail","hentry","category-landbrug","tag-koedproduktion","tag-aktivisme","p4-page-type-nyhed"],"_links":{"self":[{"href":"https:\/\/www.greenpeace.org\/denmark\/wp-json\/wp\/v2\/posts\/10934","targetHints":{"allow":["GET"]}}],"collection":[{"href":"https:\/\/www.greenpeace.org\/denmark\/wp-json\/wp\/v2\/posts"}],"about":[{"href":"https:\/\/www.greenpeace.org\/denmark\/wp-json\/wp\/v2\/types\/post"}],"author":[{"embeddable":true,"href":"https:\/\/www.greenpeace.org\/denmark\/wp-json\/wp\/v2\/users\/29"}],"replies":[{"embeddable":true,"href":"https:\/\/www.greenpeace.org\/denmark\/wp-json\/wp\/v2\/comments?post=10934"}],"version-history":[{"count":6,"href":"https:\/\/www.greenpeace.org\/denmark\/wp-json\/wp\/v2\/posts\/10934\/revisions"}],"predecessor-version":[{"id":58296,"href":"https:\/\/www.greenpeace.org\/denmark\/wp-json\/wp\/v2\/posts\/10934\/revisions\/58296"}],"wp:featuredmedia":[{"embeddable":true,"href":"https:\/\/www.greenpeace.org\/denmark\/wp-json\/wp\/v2\/media\/10935"}],"wp:attachment":[{"href":"https:\/\/www.greenpeace.org\/denmark\/wp-json\/wp\/v2\/media?parent=10934"}],"wp:term":[{"taxonomy":"category","embeddable":true,"href":"https:\/\/www.greenpeace.org\/denmark\/wp-json\/wp\/v2\/categories?post=10934"},{"taxonomy":"post_tag","embeddable":true,"href":"https:\/\/www.greenpeace.org\/denmark\/wp-json\/wp\/v2\/tags?post=10934"},{"taxonomy":"p4-page-type","embeddable":true,"href":"https:\/\/www.greenpeace.org\/denmark\/wp-json\/wp\/v2\/p4-page-type?post=10934"}],"curies":[{"name":"wp","href":"https:\/\/api.w.org\/{rel}","templated":true}]}}