{"id":11236,"date":"2020-10-12T14:48:00","date_gmt":"2020-10-12T12:48:00","guid":{"rendered":"https:\/\/www.greenpeace.org\/denmark\/?p=11236"},"modified":"2023-03-31T14:30:47","modified_gmt":"2023-03-31T12:30:47","slug":"regeringen-maa-tage-fat-i-elefanten-i-rummet-danmarks-triste-verdensrekord-i-koedproduktion","status":"publish","type":"post","link":"https:\/\/www.greenpeace.org\/denmark\/nyhed\/landbrug\/regeringen-maa-tage-fat-i-elefanten-i-rummet-danmarks-triste-verdensrekord-i-koedproduktion\/","title":{"rendered":"Regeringen m\u00e5 tage fat i elefanten i rummet &#8211; Danmarks triste verdensrekord i k\u00f8dproduktion"},"content":{"rendered":"\n<p><strong>16 m\u00e5neder efter det store klimavalg mangler vi stadig<\/strong> <strong>at se<\/strong> <strong>regeringen tage fat i landbrugets store k\u00f8dproduktion. Her ligger den store udfordring og samtidig ogs\u00e5 l\u00f8sning i forhold til at n\u00e5 vores klimam\u00e5l. Nu m\u00e5 vi se handling, l\u00f8d budskabet fra Kristine Clement, kampagneleder for landbrug og skov, til Operation Klimahandling<\/strong>. <strong>L\u00e6s hele talen her.<\/strong><\/p>\n\n<figure class=\"wp-block-image size-large  caption-style-medium caption-alignment-left\"><img loading=\"lazy\" decoding=\"async\" width=\"1024\" height=\"683\" src=\"https:\/\/www.greenpeace.org\/static\/planet4-denmark-stateless\/2020\/10\/8ca8b2f1-mg_6442full-1024x683.jpg\" alt=\"\" class=\"wp-image-11242\" srcset=\"https:\/\/www.greenpeace.org\/static\/planet4-denmark-stateless\/2020\/10\/8ca8b2f1-mg_6442full-1024x683.jpg 1024w, https:\/\/www.greenpeace.org\/static\/planet4-denmark-stateless\/2020\/10\/8ca8b2f1-mg_6442full-300x200.jpg 300w, https:\/\/www.greenpeace.org\/static\/planet4-denmark-stateless\/2020\/10\/8ca8b2f1-mg_6442full-768x512.jpg 768w, https:\/\/www.greenpeace.org\/static\/planet4-denmark-stateless\/2020\/10\/8ca8b2f1-mg_6442full-1536x1024.jpg 1536w, https:\/\/www.greenpeace.org\/static\/planet4-denmark-stateless\/2020\/10\/8ca8b2f1-mg_6442full-2048x1366.jpg 2048w, https:\/\/www.greenpeace.org\/static\/planet4-denmark-stateless\/2020\/10\/8ca8b2f1-mg_6442full-510x340.jpg 510w\" sizes=\"auto, (max-width: 1024px) 100vw, 1024px\" \/><figcaption class=\"wp-element-caption\">\u00a9Mathilde Grafstr\u00f6m\/Greenpeace<\/figcaption><\/figure>\n\n<p>Hvor er det godt at ser jer allesammen i dag!&nbsp;Vi st\u00e5r her foran Milj\u00f8- og F\u00f8devareministeriet, fordi der skal til at ske noget nu!&nbsp;Vi vil se klimahandling fra regeringen.&nbsp; Og i landbruget skal der virkelig tages fat.<\/p>\n\n<p>Damarks har en trist verdensrekord: Vi er verdens st\u00f8rste producent af k\u00f8d per indbygger.&nbsp;<\/p>\n\n<p>Det er den store elefant i rummet, som regeringen fors\u00f8ger at komme uden om at tage fat i, men som vi simpelthen bliver n\u00f8dt til at g\u00f8re noget ved.&nbsp;Vi skal have et landbrug med meget mindre k\u00f8dproduktion og mere fokus p\u00e5 at lave plantebaseret mad til mennesker.&nbsp; B\u00e5de for klimaets skyld &#8211; og s\u00e5 vi kan f\u00e5 mere natur og skov i Danmark.<\/p>\n\n<h3 class=\"wp-block-heading\"><strong>For langt fra klimalovens m\u00e5l &#8211; nu skal der s\u00e6ttes ind i landbruget<\/strong><\/h3>\n\n<p>Der er g\u00e5et 16 m\u00e5neder siden Danmarks historiske klimavalg. Og der er g\u00e5et 10 m\u00e5neder siden Folketinget med et massivt flertal vedtog en klimalov med et m\u00e5l om 70 procent reduktion af udledningen af drivhusgasser i 2030. 20 mio ton CO2 skal der reduceres \u2013 men indtil videre er det kun lykkedes regeringen at beslutte, hvor de 5 mio ton skal findes. <\/p>\n\n<p>S\u00e5 vi er mange, der mener, at regeringen er ved at have ualmindeligt travlt. Heldigvis ligger der stadig nogle omr\u00e5der foran regeringen, hvor der er mulighed for at finde store reduktioner&nbsp;\u2013 og hvor det ogs\u00e5 er fuldst\u00e6ndig n\u00f8dvendigt, hvis det skal lykkes at n\u00e5 m\u00e5let om de 70 procent. Og det skal det selvf\u00f8lgelig!<\/p>\n\n<figure class=\"wp-block-image size-large  caption-style-medium caption-alignment-left\"><img loading=\"lazy\" decoding=\"async\" width=\"683\" height=\"1024\" src=\"https:\/\/www.greenpeace.org\/static\/planet4-denmark-stateless\/2020\/10\/80c3aed6-mg_6521full-683x1024.jpg\" alt=\"\" class=\"wp-image-11253\" srcset=\"https:\/\/www.greenpeace.org\/static\/planet4-denmark-stateless\/2020\/10\/80c3aed6-mg_6521full-683x1024.jpg 683w, https:\/\/www.greenpeace.org\/static\/planet4-denmark-stateless\/2020\/10\/80c3aed6-mg_6521full-200x300.jpg 200w, https:\/\/www.greenpeace.org\/static\/planet4-denmark-stateless\/2020\/10\/80c3aed6-mg_6521full-768x1152.jpg 768w, https:\/\/www.greenpeace.org\/static\/planet4-denmark-stateless\/2020\/10\/80c3aed6-mg_6521full-1024x1536.jpg 1024w, https:\/\/www.greenpeace.org\/static\/planet4-denmark-stateless\/2020\/10\/80c3aed6-mg_6521full-1365x2048.jpg 1365w, https:\/\/www.greenpeace.org\/static\/planet4-denmark-stateless\/2020\/10\/80c3aed6-mg_6521full-911x1366.jpg 911w, https:\/\/www.greenpeace.org\/static\/planet4-denmark-stateless\/2020\/10\/80c3aed6-mg_6521full-227x340.jpg 227w, https:\/\/www.greenpeace.org\/static\/planet4-denmark-stateless\/2020\/10\/80c3aed6-mg_6521full-scaled.jpg 1707w\" sizes=\"auto, (max-width: 683px) 100vw, 683px\" \/><figcaption class=\"wp-element-caption\">\u00a9Mathilde Grafstr\u00f6m\/Greenpeace<\/figcaption><\/figure>\n\n<p>Et af dem er landbruget. Og det er derfor, vi st\u00e5r her foran netop dette ministerium i dag. Der er is\u00e6r to ting, som virkelig batter, n\u00e5r vi ser p\u00e5 landbruget: Den ene er at give Danmark landet tilbage ved at udtage landbrugsjord, der i dag bliver brugt til at dyrke foder til dyr og lade det blive til natur og skov. Vi foresl\u00e5r at \u00e6ndre anvendelsen af 1 mio hektar af det nuv\u00e6rende foderareal.<\/p>\n\n<h3 class=\"wp-block-heading\"><strong>Tag landbrugsjord ud &#8211; genrejs skov og skab plads til naturen igen<\/strong><\/h3>\n\n<p>Vi skal udtage landbrugsjord til at genrejse skov, til mere natur, til udtagning af lavbundsjorde. Og vi skal til l\u00e6gge om fra dyrkning af mad til dyr til dyrkning af mad til mennesker &#8211; og til meget mere \u00f8kologi<\/p>\n\n<p>Og endelig skal vi blive selvforsynende med proteinfoder til de dyr, vi stadig skal have i dansk landbrug &#8211; s\u00e5 vi kan komme af med importen af soja fra Sydamerika.<\/p>\n\n<p>Og Greenpeace er <em>ikke<\/em> de eneste, der siger, at det er n\u00f8dvendigt, at vi \u00e6ndrer, hvordan vi bruger vores jord i Danmark. Tidligere klimakommiss\u00e6r Connie Hedegaard og Aarhus Universitet har foresl\u00e5et, at vi l\u00e6gger en halv mio ha landbrugsjord om til natur med h\u00f8j biodiversitet. <\/p>\n\n<p>Og tidligere Overvismand og formand for Klimar\u00e5det Peter Birch S\u00f8rensen siger:<\/p>\n\n<p>\u201dFra et klima- og milj\u00f8synspunkt er der brug for \u00f8gede arealer til skovrejsning og beskyttelse af vigtige biotoper.&nbsp;Det foruds\u00e6tter, at landbrugsproduktionen beslagl\u00e6gger mindre plads, og det vil kr\u00e6ve en oml\u00e6gning fra animalsk over mod plantebaseret f\u00f8devareproduktion.\u201d<\/p>\n\n<figure class=\"wp-block-image size-large  caption-style-medium caption-alignment-left\"><img loading=\"lazy\" decoding=\"async\" width=\"1024\" height=\"683\" src=\"https:\/\/www.greenpeace.org\/static\/planet4-denmark-stateless\/2020\/10\/0a3a4c54-mg_6332full-1024x683.jpg\" alt=\"\" class=\"wp-image-11244\" srcset=\"https:\/\/www.greenpeace.org\/static\/planet4-denmark-stateless\/2020\/10\/0a3a4c54-mg_6332full-1024x683.jpg 1024w, https:\/\/www.greenpeace.org\/static\/planet4-denmark-stateless\/2020\/10\/0a3a4c54-mg_6332full-300x200.jpg 300w, https:\/\/www.greenpeace.org\/static\/planet4-denmark-stateless\/2020\/10\/0a3a4c54-mg_6332full-768x512.jpg 768w, https:\/\/www.greenpeace.org\/static\/planet4-denmark-stateless\/2020\/10\/0a3a4c54-mg_6332full-1536x1024.jpg 1536w, https:\/\/www.greenpeace.org\/static\/planet4-denmark-stateless\/2020\/10\/0a3a4c54-mg_6332full-2048x1366.jpg 2048w, https:\/\/www.greenpeace.org\/static\/planet4-denmark-stateless\/2020\/10\/0a3a4c54-mg_6332full-510x340.jpg 510w\" sizes=\"auto, (max-width: 1024px) 100vw, 1024px\" \/><figcaption class=\"wp-element-caption\">\u00a9Mathilde Grafstr\u00f6m\/Greenpeace<\/figcaption><\/figure>\n\n<h2 class=\"wp-block-heading\"><strong>Danmarks sojaimport til foder koster skov\u00f8del\u00e6ggelse<\/strong><\/h2>\n\n<p>Ca. halvdelen af hele Danmarks landareal bruges i dag til at dyrke foder til Danmarks millioner af svin og k\u00f8er.&nbsp;<\/p>\n\n<p>Danmark er blevet en k\u00f8dfabrik for verden, der eksporterer billigt k\u00f8d til Kina &#8211; og det er klimaet og milj\u00f8et, der betaler prisen. Og ikke nok med det. Dansk k\u00f8d- og m\u00e6lkeproduktion l\u00e6gger ogs\u00e5 beslag p\u00e5 meget store omr\u00e5der i andre lande. <\/p>\n\n<p>Ikke mindst i Sydamerika, hvor store skov- og naturomr\u00e5der med en helt enest\u00e5ende biodiversitet lige nu st\u00e5r i brand. Det g\u00e6lder Amazonas-regnskoven, det g\u00e6lder Brasiliens Cerrado, det g\u00e6lder verdens st\u00f8rste v\u00e5domr\u00e5de Pantanal ogs\u00e5 i Brasilien, og det g\u00e6lder Gran Chaco, som er et stort skovomr\u00e5de i det nordlige Argentina og Paraguay. Skovene br\u00e6nder for at skabe plads til landbrug til k\u00f8d- og foderproduktion. Og det foder \u2013 sojafoder &#8211; havner bl.a. i danske svinetrug og kv\u00e6gstalde.<\/p>\n\n<h3 class=\"wp-block-heading\"><strong>F\u00e6rre k\u00f8er og svin<\/strong><\/h3>\n\n<p>Og det bringer mig til den anden ting, som virkelig batter i forhold landbrugets klimaaftryk: F\u00e6rre k\u00f8er og svin.<strong>&nbsp;<\/strong>K\u00f8erne har et stort klimaaftryk, fordi de b\u00f8vser metan.&nbsp;Det er jeg sikker p\u00e5, de fleste af jer godt ved.<\/p>\n\n<p>K\u00f8d- og m\u00e6lkeproduktion har et alt for stort klimaaftryk sammenlignet med planteproduktion til mad til mennesker&nbsp;\u2013 b\u00e5de p\u00e5 grund af dyrenes ford\u00f8jelse og g\u00f8dning, og fordi det kr\u00e6ver s\u00e5 meget plads til foder.<\/p>\n\n<p>Hvis vi gradvist halverer antallet af landbrugsdyr i Danmark, kan vi slippe af med sojaimporten fra Sydamerika. Og ved at halvere antallet af landbrugsdyr og frig\u00f8re foderarealer til natur, skov og dyrkning af mere plantemad til mennesker kan vi spare klimaet for 8,2 mio tons CO2<strong> <\/strong>fra landbruget i 2030.<\/p>\n\n<p>Dansk landbrug kan faktisk lave mad til mange flere mennesker p\u00e5 meget mindre plads&nbsp;\u2013 og samtidig bringe regeringen 8,2 mio ton t\u00e6ttere p\u00e5 at finde de n\u00f8dvendige 20 mio ton i 2030 &#8211; <em>what\u2019s not to like?<\/em><\/p>\n\n<p>Desv\u00e6rre l\u00f8d det p\u00e5 Mette Frederiksens \u00e5bningstale til Folketinget i tirsdags, som om regeringen satser p\u00e5 at kunne g\u00f8re landbruget klimavenligt med nye stalde og \u00e6ndring i det foder dyrene f\u00e5r \u2013 s\u00e5 k\u00f8erne b\u00f8vser mindre.<\/p>\n\n<p>Og det er da fine sm\u00e5justeringer, men de leverer slet ikke, hvad der er brug for. Hvis vi skal n\u00e5 70%, kan vi ikke forts\u00e6tte business as usual med sm\u00e5justeringer.<\/p>\n\n<p>Der ligger et k\u00e6mpe potentiale for at handle for klimaet i landbruget. Vi kan udvikle landbruget i en gr\u00f8n og klimavenlig retning, som kan give os mere mad, masser af arbejdspladser og meget mere plads til natur og skov.<\/p>\n\n<p>Det h\u00e5ber vi, regeringen vil tage fat p\u00e5.<\/p>\n","protected":false},"excerpt":{"rendered":"<p>Hvor er det godt at ser jer allesammen i dag!\u00a0Vi st\u00e5r her foran milj\u00f8- og f\u00f8devareministeriet, fordi der skal til at ske noget nu!\u00a0Vi vil se klimahandling fra regeringen.\u00a0 Og&hellip;<\/p>\n","protected":false},"author":29,"featured_media":11242,"comment_status":"open","ping_status":"open","sticky":false,"template":"","format":"standard","meta":{"ep_exclude_from_search":false,"p4_og_title":"Regeringen m\u00e5 tage fat i elefanten i rummet - Danmarks triste verdensrekord i k\u00f8dproduktion","p4_og_description":"<p><strong data-rich-text-format-boundary=\"true\">16 m\u00e5neder efter det store klimavalg mangler vi stadig<\/strong> <strong>at se<\/strong> <strong>regeringen tage fat i landbrugets store k\u00f8dproduktion. Her ligger den store udfordring og samtidig ogs\u00e5 l\u00f8sning i forhold til at n\u00e5 vores klimam\u00e5l. Nu m\u00e5 vi se handling, l\u00f8d budskabet fra Kristine Clement, kampagneleder for landbrug og skov, til Operation Klimahandling<\/strong>. <strong>L\u00e6s hele talen her.<\/strong><\/p>","p4_og_image":"https:\/\/www.greenpeace.org\/static\/planet4-denmark-stateless\/2020\/10\/8ca8b2f1-mg_6442full-scaled.jpg","p4_og_image_id":"11242","p4_seo_canonical_url":"","p4_campaign_name":"not set","p4_local_project":"not set","p4_basket_name":"not set","p4_department":"","footnotes":""},"categories":[3],"tags":[26],"p4-page-type":[16],"class_list":["post-11236","post","type-post","status-publish","format-standard","has-post-thumbnail","hentry","category-landbrug","tag-koedproduktion","p4-page-type-nyhed"],"_links":{"self":[{"href":"https:\/\/www.greenpeace.org\/denmark\/wp-json\/wp\/v2\/posts\/11236","targetHints":{"allow":["GET"]}}],"collection":[{"href":"https:\/\/www.greenpeace.org\/denmark\/wp-json\/wp\/v2\/posts"}],"about":[{"href":"https:\/\/www.greenpeace.org\/denmark\/wp-json\/wp\/v2\/types\/post"}],"author":[{"embeddable":true,"href":"https:\/\/www.greenpeace.org\/denmark\/wp-json\/wp\/v2\/users\/29"}],"replies":[{"embeddable":true,"href":"https:\/\/www.greenpeace.org\/denmark\/wp-json\/wp\/v2\/comments?post=11236"}],"version-history":[{"count":13,"href":"https:\/\/www.greenpeace.org\/denmark\/wp-json\/wp\/v2\/posts\/11236\/revisions"}],"predecessor-version":[{"id":55962,"href":"https:\/\/www.greenpeace.org\/denmark\/wp-json\/wp\/v2\/posts\/11236\/revisions\/55962"}],"wp:featuredmedia":[{"embeddable":true,"href":"https:\/\/www.greenpeace.org\/denmark\/wp-json\/wp\/v2\/media\/11242"}],"wp:attachment":[{"href":"https:\/\/www.greenpeace.org\/denmark\/wp-json\/wp\/v2\/media?parent=11236"}],"wp:term":[{"taxonomy":"category","embeddable":true,"href":"https:\/\/www.greenpeace.org\/denmark\/wp-json\/wp\/v2\/categories?post=11236"},{"taxonomy":"post_tag","embeddable":true,"href":"https:\/\/www.greenpeace.org\/denmark\/wp-json\/wp\/v2\/tags?post=11236"},{"taxonomy":"p4-page-type","embeddable":true,"href":"https:\/\/www.greenpeace.org\/denmark\/wp-json\/wp\/v2\/p4-page-type?post=11236"}],"curies":[{"name":"wp","href":"https:\/\/api.w.org\/{rel}","templated":true}]}}