{"id":11249,"date":"2020-10-14T15:25:00","date_gmt":"2020-10-14T13:25:00","guid":{"rendered":"https:\/\/www.greenpeace.org\/denmark\/?p=11249"},"modified":"2025-07-02T09:28:13","modified_gmt":"2025-07-02T07:28:13","slug":"her-far-i-min-angst-tale-af-dramatiker-alexandra-moltke-johansen","status":"publish","type":"post","link":"https:\/\/www.greenpeace.org\/denmark\/nyhed\/greenpeace\/her-far-i-min-angst-tale-af-dramatiker-alexandra-moltke-johansen\/","title":{"rendered":"Her f\u00e5r I min angst &#8211; tale af dramatiker Alexandra Moltke Johansen"},"content":{"rendered":"\n<p>K\u00e6re Dan J\u00f8rgensen. K\u00e6re Lea Wermelin. K\u00e6re Mogens Jensen. K\u00e6re jer, der er m\u00f8dt op her i dag, uden sammenligning. Det er en \u00e6re at v\u00e6re i blandt jer. Jer, der er taget herind, fordi I stadig h\u00e5ber og ved, at et andet system er muligt.<\/p>\n\n<p>Jeg kunne sige meget om svin, jeg kunne tale l\u00e6nge om bier. Men jeg vil hellere fort\u00e6lle jer om mine b\u00f8rn. For lidt under et \u00e5r siden f\u00f8dte jeg min datter. Hun er mit andet barn, nu har jeg to: Bror og Petruska. Jeg kan huske, hvor lykkelig jeg var.<\/p>\n\n<p><strong>Se hele talen fra Operation Klimahandling her: <\/strong><\/p>\n\n<figure class=\"wp-block-embed is-type-video is-provider-youtube wp-block-embed-youtube wp-embed-aspect-16-9 wp-has-aspect-ratio\"><div class=\"wp-block-embed__wrapper\">\n<lite-youtube style=\"background-image: url('https:\/\/i.ytimg.com\/vi\/oJ3bxDIDRTo\/hqdefault.jpg');\" videoid=\"oJ3bxDIDRTo\" params=\"rel=0\"><\/lite-youtube>\n<\/div><\/figure>\n\n<p>At v\u00e5gne og have glemt at man har f\u00e5et en baby og s\u00e5 opdage det lille varme menneske, der ligger og sover ved siden af \u00e9n. Jeg var s\u00e5 lykkelig, at jeg t\u00e6nkte; s\u00e5dan her har ingen lov at have det. S\u00e5 stor en lykke har intet menneske krav p\u00e5. S\u00e5 begyndte jeg at l\u00e6se om klimaforandringerne.<\/p>\n\n<p>Jeg skulle skrive scener til et teaterstykke til unge mennesker om klimaforandringerne. Og den information der m\u00f8dte mig rystede min verden, den bliver aldrig den samme igen. En krise der f\u00f8r fremstod meget abstrakt og fjern blev rasende n\u00e6r.<\/p>\n\n<p>At v\u00e5gne og have glemt at katastrofen n\u00e6rmer sig og s\u00e5 opdage den angst, der ligger og tuder ved siden af \u00e9n. Den g\u00f8r mig rastl\u00f8s og ulykkelig. Jeg b\u00e6rer den i mine arme, hvor end jeg g\u00e5r hen, den kl\u00e6ber til mig og vil ikke l\u00f8sne grebet i min jakke.<\/p>\n\n<figure class=\"wp-block-image size-large  caption-style-medium caption-alignment-left\"><img loading=\"lazy\" decoding=\"async\" width=\"1024\" height=\"683\" src=\"https:\/\/www.greenpeace.org\/static\/planet4-denmark-stateless\/2020\/10\/47aa509d-mg_6560full-1024x683.jpg\" alt=\"\" class=\"wp-image-11264\" srcset=\"https:\/\/www.greenpeace.org\/static\/planet4-denmark-stateless\/2020\/10\/47aa509d-mg_6560full-1024x683.jpg 1024w, https:\/\/www.greenpeace.org\/static\/planet4-denmark-stateless\/2020\/10\/47aa509d-mg_6560full-300x200.jpg 300w, https:\/\/www.greenpeace.org\/static\/planet4-denmark-stateless\/2020\/10\/47aa509d-mg_6560full-768x512.jpg 768w, https:\/\/www.greenpeace.org\/static\/planet4-denmark-stateless\/2020\/10\/47aa509d-mg_6560full-1536x1024.jpg 1536w, https:\/\/www.greenpeace.org\/static\/planet4-denmark-stateless\/2020\/10\/47aa509d-mg_6560full-2048x1366.jpg 2048w, https:\/\/www.greenpeace.org\/static\/planet4-denmark-stateless\/2020\/10\/47aa509d-mg_6560full-510x340.jpg 510w\" sizes=\"auto, (max-width: 1024px) 100vw, 1024px\" \/><figcaption class=\"wp-element-caption\">Mathilde Grafstr\u00f6m\/Greenpeace<\/figcaption><\/figure>\n\n<p>I arbejdet med teaterstykket sendte vi sp\u00f8rgeskemaer ud til m\u00e5lgruppen for publikum. Her svarede unge meget pr\u00e6cist p\u00e5, hvilke konsekvenser klimaforandringerne har og vil f\u00e5. Men n\u00e5r vi spurgte dem, hvad man kunne g\u00f8re for at forhindre denne katastrofe, svarede de, at man skulle holde op med at smide skrald p\u00e5 gaden. At man skulle sortere sit affald. <\/p>\n\n<p>Ingen har fortalt de unge, at vi kan \u00e6ndre dette meningsl\u00f8se, rigide, brutale samfund strukturelt. Ingen har fortalt dem, at nogen har et ansvar for det, der vil ramme os alle. At vores politikere undlader at handle p\u00e5 trods af opbakning fra b\u00e5de v\u00e6lgere og virksomheder. Ingen har l\u00e6st op for dem af forfatter Asta Olivia Nordenhof, der skriver: Kapitalismen er en massakre. Kapitalismen er en massakre. Men vi er levende, og vi kan ende kapitalismen.<\/p>\n\n<figure class=\"wp-block-image size-large  caption-style-medium caption-alignment-left\"><img loading=\"lazy\" decoding=\"async\" width=\"1024\" height=\"683\" src=\"https:\/\/www.greenpeace.org\/static\/planet4-denmark-stateless\/2020\/10\/4cb0ff63-mg_6509full-1024x683.jpg\" alt=\"\" class=\"wp-image-11265\" srcset=\"https:\/\/www.greenpeace.org\/static\/planet4-denmark-stateless\/2020\/10\/4cb0ff63-mg_6509full-1024x683.jpg 1024w, https:\/\/www.greenpeace.org\/static\/planet4-denmark-stateless\/2020\/10\/4cb0ff63-mg_6509full-300x200.jpg 300w, https:\/\/www.greenpeace.org\/static\/planet4-denmark-stateless\/2020\/10\/4cb0ff63-mg_6509full-768x512.jpg 768w, https:\/\/www.greenpeace.org\/static\/planet4-denmark-stateless\/2020\/10\/4cb0ff63-mg_6509full-1536x1024.jpg 1536w, https:\/\/www.greenpeace.org\/static\/planet4-denmark-stateless\/2020\/10\/4cb0ff63-mg_6509full-2048x1366.jpg 2048w, https:\/\/www.greenpeace.org\/static\/planet4-denmark-stateless\/2020\/10\/4cb0ff63-mg_6509full-510x340.jpg 510w\" sizes=\"auto, (max-width: 1024px) 100vw, 1024px\" \/><figcaption class=\"wp-element-caption\">Mathilde Grafstr\u00f6m\/Greenpeace<\/figcaption><\/figure>\n\n<p>Efter premieren p\u00e5 teaterstykket blev det, af en anmelder anklaget for at opfordre til civil ulydighed. Til at beg\u00e5 ulovligheder. Jeg vil hermed opfordre alle til at samle deres venner og m\u00f8dre og f\u00e6dre og s\u00f8stre og tage del i opr\u00f8ret: bloker vejene, s\u00e6t jer i lyskrydsene, bes\u00e6t ministerierne. Beg\u00e5 civil ulydighed. Alle jer, der st\u00e5r her. Alle jer der har en krop; I skal stille jer d\u00e9r, hvor de siger I ikke m\u00e5 st\u00e5. Alle jer, der har en stemme; I skal tale om d\u00e9t, de ikke vil h\u00f8re. Magten har aldrig afgivet noget uden et krav. Det har den aldrig gjort, det vil den aldrig g\u00f8re.<\/p>\n\n<p>Hvad ang\u00e5r jer. Lea. Mogens. Dan.<\/p>\n\n<p>Al denne angst, der nu bor p\u00e5 min krop. Der s\u00e6tter sig p\u00e5 mit hjerte, s\u00e5 jeg ikke kan elske og s\u00e6tter sig p\u00e5 mit hoved, s\u00e5 jeg ikke kan t\u00e6nke \u2013 der ikke vil g\u00e5 v\u00e6k. Jeg \u00f8ver mig i at sove om natten, jeg \u00f8ver mig i at glemme forskernes advarsler, jeg \u00f8ver mig i at formulere en t\u00e5lelig version til mine b\u00f8rn, n\u00e5r de en dag vil se p\u00e5 mig og sige: Mor? De siger at Amazonas br\u00e6nder. Der g\u00e5r ild i dyrene. Mor? De siger at isen smelter og havet vil sluge byerne. Mor? De siger at bierne d\u00f8r, der st\u00e5r i avisen at vores \u00f8kosystem kollapser?<\/p>\n\n<p>Jeg l\u00e6gger min angst her i dag, jeg vil ikke have den l\u00e6ngere. Den er til jer, den skal bo p\u00e5 jeres kontorer. Den skal f\u00f8lge efter jer om aftenen og krybe op i jeres senge. Den skal flytte ind i jeres huse og tage plads p\u00e5 jeres hoveder, p\u00e5 jeres brystkasser. Den skal f\u00e5 jer til at se og \u00e6re denne meget vilde, meget smukke, overlegne, uundv\u00e6rlige klode. Den skal f\u00e5 jer til at droppe jeres strategiske magtlege og tvinge jer til at tage de store, sv\u00e6re, rigtige beslutninger. K\u00e6re Dan, Lea, Mogens: I ved det allerede: denne massakre, denne r\u00f8vsyge iskolde kapitalisme vil ende. Om I vil det eller ej. P\u00e5 den ene eller anden m\u00e5de.<\/p>\n\n<p><em>Alexandre Moltke Johansens tale blev holdt den 9. oktober ved Operation Klimahandling foran Milj\u00f8- og F\u00f8devareministeriet. <\/em><\/p>\n","protected":false},"excerpt":{"rendered":"<p>K\u00e6re Dan J\u00f8rgensen. K\u00e6re Lea Wermelin. K\u00e6re Mogens Jensen. K\u00e6re jer, der er m\u00f8dt op her i dag, uden sammenligning. Det er en \u00e6re at v\u00e6re i blandt jer. Jer,&hellip;<\/p>\n","protected":false},"author":21,"featured_media":11262,"comment_status":"open","ping_status":"open","sticky":false,"template":"","format":"standard","meta":{"ep_exclude_from_search":false,"p4_og_title":"Her f\u00e5r I min angst - tale af dramatiker Alexandra Moltke Johansen","p4_og_description":"","p4_og_image":"https:\/\/www.greenpeace.org\/static\/planet4-denmark-stateless\/2020\/10\/86b93384-mg_6552full-scaled.jpg","p4_og_image_id":"11262","p4_seo_canonical_url":"","p4_campaign_name":"not set","p4_local_project":"not set","p4_basket_name":"not set","p4_department":"","footnotes":""},"categories":[4],"tags":[30],"p4-page-type":[16],"class_list":["post-11249","post","type-post","status-publish","format-standard","has-post-thumbnail","hentry","category-greenpeace","tag-aktivisme","p4-page-type-nyhed"],"_links":{"self":[{"href":"https:\/\/www.greenpeace.org\/denmark\/wp-json\/wp\/v2\/posts\/11249","targetHints":{"allow":["GET"]}}],"collection":[{"href":"https:\/\/www.greenpeace.org\/denmark\/wp-json\/wp\/v2\/posts"}],"about":[{"href":"https:\/\/www.greenpeace.org\/denmark\/wp-json\/wp\/v2\/types\/post"}],"author":[{"embeddable":true,"href":"https:\/\/www.greenpeace.org\/denmark\/wp-json\/wp\/v2\/users\/21"}],"replies":[{"embeddable":true,"href":"https:\/\/www.greenpeace.org\/denmark\/wp-json\/wp\/v2\/comments?post=11249"}],"version-history":[{"count":17,"href":"https:\/\/www.greenpeace.org\/denmark\/wp-json\/wp\/v2\/posts\/11249\/revisions"}],"predecessor-version":[{"id":65777,"href":"https:\/\/www.greenpeace.org\/denmark\/wp-json\/wp\/v2\/posts\/11249\/revisions\/65777"}],"wp:featuredmedia":[{"embeddable":true,"href":"https:\/\/www.greenpeace.org\/denmark\/wp-json\/wp\/v2\/media\/11262"}],"wp:attachment":[{"href":"https:\/\/www.greenpeace.org\/denmark\/wp-json\/wp\/v2\/media?parent=11249"}],"wp:term":[{"taxonomy":"category","embeddable":true,"href":"https:\/\/www.greenpeace.org\/denmark\/wp-json\/wp\/v2\/categories?post=11249"},{"taxonomy":"post_tag","embeddable":true,"href":"https:\/\/www.greenpeace.org\/denmark\/wp-json\/wp\/v2\/tags?post=11249"},{"taxonomy":"p4-page-type","embeddable":true,"href":"https:\/\/www.greenpeace.org\/denmark\/wp-json\/wp\/v2\/p4-page-type?post=11249"}],"curies":[{"name":"wp","href":"https:\/\/api.w.org\/{rel}","templated":true}]}}