{"id":11304,"date":"2020-10-26T14:57:13","date_gmt":"2020-10-26T13:57:13","guid":{"rendered":"https:\/\/www.greenpeace.org\/denmark\/?p=11304"},"modified":"2023-11-16T09:59:43","modified_gmt":"2023-11-16T08:59:43","slug":"landbrugets-og-heraf-den-animalske-produktions-andel-af-det-samlede-danske-udslip-i-2018","status":"publish","type":"post","link":"https:\/\/www.greenpeace.org\/denmark\/udgivelse\/landbrug\/landbrugets-og-heraf-den-animalske-produktions-andel-af-det-samlede-danske-udslip-i-2018\/","title":{"rendered":"Landbrugets og heraf den animalske produktions andel af det samlede danske udslip i 2018"},"content":{"rendered":"\n<p>Landbruget st\u00e5r for en stor del af Danmarks samlede aftryk p\u00e5 klimaet. <\/p>\n\n<p>I 2018 kom 31,2 procent af landets samlede drivhusgasser fra landbruget samt det lanbrugsrelaterede <em>lulucf <\/em>(Land-Use Change and Forestry), hvilket svarer til 54,83 mio. tons CO2\u00e6kv. Det fremg\u00e5r af tal fra Energistyrelsen, som vi anvender i notatet nedenfor. <\/p>\n\n<p>2018-tallene viser, at landbrugets omfattende produktion af dyr st\u00e5r for langt den st\u00f8rste del af klimaaftryket &#8211; helt pr\u00e6cist 89 procent (inkl. lulucf) af sektorens samlede udslip af drivhusgasser &#8211; og heraf udg\u00f8r produktionen af k\u00f8er og svin 83 procent.<\/p>\n\n<p><strong><a href=\"https:\/\/www.greenpeace.org\/static\/planet4-denmark-stateless\/2020\/10\/eb486245-landbrugets-andel-af-drivhusgasudslippet-i-2018.pdf\">F\u00c5 TALOVERBLIKKET OG L\u00c6S HELE NOTATET HER<\/a>.<\/strong><\/p>\n\n<div class=\"wp-block-file\"><\/div>\n\n<p><\/p>\n","protected":false},"excerpt":{"rendered":"<p>Det danske landbrug st\u00e5r for en stor del af Danmarks samlede aftryk p\u00e5 klimaet.<\/p>\n","protected":false},"author":21,"featured_media":9155,"comment_status":"open","ping_status":"open","sticky":false,"template":"","format":"standard","meta":{"ep_exclude_from_search":false,"p4_og_title":"Landbrugets og heraf den animalske produktions andel af det samlede danske udslip i 2018","p4_og_description":"","p4_og_image":"","p4_og_image_id":"","p4_seo_canonical_url":"https:\/\/www.greenpeace.org\/denmark\/udgivelse\/landbrug\/landbrugets-og-heraf-den-animalske-produktions-andel-af-det-samlede-danske-udslip-i-2018\/","p4_campaign_name":"not set","p4_local_project":"not set","p4_basket_name":"not set","p4_department":"","footnotes":""},"categories":[3],"tags":[26],"p4-page-type":[15],"class_list":["post-11304","post","type-post","status-publish","format-standard","has-post-thumbnail","hentry","category-landbrug","tag-koedproduktion","p4-page-type-udgivelse"],"_links":{"self":[{"href":"https:\/\/www.greenpeace.org\/denmark\/wp-json\/wp\/v2\/posts\/11304","targetHints":{"allow":["GET"]}}],"collection":[{"href":"https:\/\/www.greenpeace.org\/denmark\/wp-json\/wp\/v2\/posts"}],"about":[{"href":"https:\/\/www.greenpeace.org\/denmark\/wp-json\/wp\/v2\/types\/post"}],"author":[{"embeddable":true,"href":"https:\/\/www.greenpeace.org\/denmark\/wp-json\/wp\/v2\/users\/21"}],"replies":[{"embeddable":true,"href":"https:\/\/www.greenpeace.org\/denmark\/wp-json\/wp\/v2\/comments?post=11304"}],"version-history":[{"count":8,"href":"https:\/\/www.greenpeace.org\/denmark\/wp-json\/wp\/v2\/posts\/11304\/revisions"}],"predecessor-version":[{"id":54386,"href":"https:\/\/www.greenpeace.org\/denmark\/wp-json\/wp\/v2\/posts\/11304\/revisions\/54386"}],"wp:featuredmedia":[{"embeddable":true,"href":"https:\/\/www.greenpeace.org\/denmark\/wp-json\/wp\/v2\/media\/9155"}],"wp:attachment":[{"href":"https:\/\/www.greenpeace.org\/denmark\/wp-json\/wp\/v2\/media?parent=11304"}],"wp:term":[{"taxonomy":"category","embeddable":true,"href":"https:\/\/www.greenpeace.org\/denmark\/wp-json\/wp\/v2\/categories?post=11304"},{"taxonomy":"post_tag","embeddable":true,"href":"https:\/\/www.greenpeace.org\/denmark\/wp-json\/wp\/v2\/tags?post=11304"},{"taxonomy":"p4-page-type","embeddable":true,"href":"https:\/\/www.greenpeace.org\/denmark\/wp-json\/wp\/v2\/p4-page-type?post=11304"}],"curies":[{"name":"wp","href":"https:\/\/api.w.org\/{rel}","templated":true}]}}